{"id":18958,"date":"2024-08-07T13:13:52","date_gmt":"2024-08-07T13:13:52","guid":{"rendered":"https:\/\/tvbrazilusa.com\/2024\/08\/07\/bruninho-se-despede-da-selecao-veja-depoimento-do-jogador\/"},"modified":"2024-08-07T13:14:38","modified_gmt":"2024-08-07T13:14:38","slug":"bruninho-se-despede-da-selecao-veja-depoimento-do-jogador","status":"publish","type":"post","link":"https:\/\/tvbrazilusa.com\/pt\/2024\/08\/07\/bruninho-se-despede-da-selecao-veja-depoimento-do-jogador\/","title":{"rendered":"Bruninho se despede da Sele\u00e7\u00e3o? Veja depoimento do jogador"},"content":{"rendered":"<p> <script async src=\"https:\/\/pagead2.googlesyndication.com\/pagead\/js\/adsbygoogle.js?client=ca-pub-8864793242727901\"\r\n     crossorigin=\"anonymous\"><\/script><br \/>\n<\/p>\n<div>\n<p>Nesta ter\u00e7a-feira, dia 6, Bruno Rezende, popularmente conhecido como <strong>Bruninho<\/strong>, surpreendeu seus f\u00e3s ao sugerir que pode estar se despedindo do v\u00f4lei. Ap\u00f3s a derrota dolorosa da Sele\u00e7\u00e3o Brasileira nas Olimp\u00edadas de 2024, o atleta usou suas redes sociais para refletir sobre seu futuro no esporte.<\/p>\n<p>Por meio do Instagram, Bruninho compartilhou uma imagem que pode representar sua \u00faltima competi\u00e7\u00e3o pela sele\u00e7\u00e3o brasileira. Em uma legenda emocionante, ele revelou estar ponderando sobre a aposentadoria ap\u00f3s 18 anos dedicados ao esporte. \u201cEu lutei com todas as minhas for\u00e7as\u201d, escreveu Bruninho, destacando seu orgulho em representar o Brasil por quase duas d\u00e9cadas.<\/p>\n<h2 class=\"wp-block-heading\">Poss\u00edvel Aposentadoria de Bruninho<\/h2>\n<blockquote class=\"instagram-media\" data-instgrm-captioned=\"\" data-instgrm-permalink=\"https:\/\/www.instagram.com\/p\/C-U5owrqUv4\/?utm_source=ig_embed&#038;utm_campaign=loading\" data-instgrm-version=\"14\" style=\" background:#FFF; border:0; border-radius:3px; box-shadow:0 0 1px 0 rgba(0,0,0,0.5),0 1px 10px 0 rgba(0,0,0,0.15); margin: 1px; max-width:540px; min-width:326px; padding:0; width:99.375%; width:-webkit-calc(100% - 2px); width:calc(100% - 2px);\"\/>\n<p>Bruno Rezende, ou Bruninho, foi sincero ao falar sobre sua trajet\u00f3ria. \u201cNem nos meus melhores sonhos imaginei poder disputar cinco Ol\u00edmpiadas, conquistar tr\u00eas medalhas ol\u00edmpicas e todos os t\u00edtulos poss\u00edveis pela sele\u00e7\u00e3o\u201d, confessou. O jogador tamb\u00e9m refletiu sobre os desafios e emo\u00e7\u00f5es que enfrentou ao longo de sua carreira.<\/p>\n<h2 class=\"wp-block-heading\">O que levou Bruninho a Considerar a Aposentadoria?<\/h2>\n<p>Em sua publica\u00e7\u00e3o, <strong>Bruninho<\/strong> mencionou as dificuldades emocionais e press\u00f5es internas que o acompanharam durante sua carreira. \u201cFui sempre meu maior cr\u00edtico\u201d, admitiu, explicando como a dedica\u00e7\u00e3o constante foi a chave para seu sucesso. Ele expressou sua gratid\u00e3o a Deus, companheiros de equipe, treinadores e \u00eddolos que o inspiraram ao longo dos anos.<\/p>\n<p>Ao finalizar sua mensagem, Bruninho agradeceu aos f\u00e3s e a todos que o apoiaram. \u201cMomentos m\u00e1gicos que estar\u00e3o sempre na minha recorda\u00e7\u00e3o\u2026fruto de muita paix\u00e3o, dedica\u00e7\u00e3o e luta\u201d, afirmou com emo\u00e7\u00e3o. Ele reconheceu o papel crucial da fam\u00edlia e amigos em sua jornada, destacando a import\u00e2ncia de cada um em seu caminho.<\/p>\n<h2 class=\"wp-block-heading\">Curiosidades sobre a Vida Pessoal de Bruninho<\/h2>\n<p>Al\u00e9m de suas conquistas profissionais, Bruninho tamb\u00e9m ganhou aten\u00e7\u00e3o por seu envolvimento amoroso com a atriz e apresentadora <strong>Rafa Kalimann<\/strong>. O romance, que n\u00e3o teve r\u00f3tulos e era mantido discreto, foi comentado por Rafa na \u00e9poca. \u201cA gente est\u00e1 se conhecendo. N\u00e3o quero cair na press\u00e3o. Somos muito bem resolvidos com o que somos e queremos\u201d, disse Rafa antes do fim do affair em 2022.<\/p>\n<p>Com uma carreira marcada por grandes feitos e uma vida pessoal que tamb\u00e9m chamou aten\u00e7\u00e3o da m\u00eddia, Bruninho Rezende deixa um legado no voleibol brasileiro. Sua poss\u00edvel despedida abre um novo cap\u00edtulo em sua vida, destacando o impacto profundo de sua presen\u00e7a no esporte.<\/p>\n<\/p><\/div>\n<p><script async src=\"\/\/www.instagram.com\/embed.js\"><\/script><br \/>\n<br \/><br \/>\n<br \/><a href=\"https:\/\/terrabrasilnoticias.com\/2024\/08\/bruninho-se-despede-da-selecao-veja-depoimento-do-jogador\/\">Source link <\/a><\/p>","protected":false},"excerpt":{"rendered":"<p>Nesta ter\u00e7a-feira, dia 6, Bruno Rezende, popularmente conhecido como Bruninho, surpreendeu seus f\u00e3s ao sugerir que pode estar se despedindo do v\u00f4lei. Ap\u00f3s a derrota dolorosa da Sele\u00e7\u00e3o Brasileira nas&hellip;<\/p>","protected":false},"author":1,"featured_media":18959,"comment_status":"closed","ping_status":"open","sticky":false,"template":"","format":"standard","meta":{"content-type":"","footnotes":""},"categories":[16],"tags":[],"class_list":["post-18958","post","type-post","status-publish","format-standard","has-post-thumbnail","hentry","category-noticias"],"_links":{"self":[{"href":"https:\/\/tvbrazilusa.com\/pt\/wp-json\/wp\/v2\/posts\/18958","targetHints":{"allow":["GET"]}}],"collection":[{"href":"https:\/\/tvbrazilusa.com\/pt\/wp-json\/wp\/v2\/posts"}],"about":[{"href":"https:\/\/tvbrazilusa.com\/pt\/wp-json\/wp\/v2\/types\/post"}],"author":[{"embeddable":true,"href":"https:\/\/tvbrazilusa.com\/pt\/wp-json\/wp\/v2\/users\/1"}],"replies":[{"embeddable":true,"href":"https:\/\/tvbrazilusa.com\/pt\/wp-json\/wp\/v2\/comments?post=18958"}],"version-history":[{"count":1,"href":"https:\/\/tvbrazilusa.com\/pt\/wp-json\/wp\/v2\/posts\/18958\/revisions"}],"predecessor-version":[{"id":18960,"href":"https:\/\/tvbrazilusa.com\/pt\/wp-json\/wp\/v2\/posts\/18958\/revisions\/18960"}],"wp:featuredmedia":[{"embeddable":true,"href":"https:\/\/tvbrazilusa.com\/pt\/wp-json\/wp\/v2\/media\/18959"}],"wp:attachment":[{"href":"https:\/\/tvbrazilusa.com\/pt\/wp-json\/wp\/v2\/media?parent=18958"}],"wp:term":[{"taxonomy":"category","embeddable":true,"href":"https:\/\/tvbrazilusa.com\/pt\/wp-json\/wp\/v2\/categories?post=18958"},{"taxonomy":"post_tag","embeddable":true,"href":"https:\/\/tvbrazilusa.com\/pt\/wp-json\/wp\/v2\/tags?post=18958"}],"curies":[{"name":"wp","href":"https:\/\/api.w.org\/{rel}","templated":true}]}}