{"id":18978,"date":"2024-08-07T13:04:14","date_gmt":"2024-08-07T13:04:14","guid":{"rendered":"https:\/\/tvbrazilusa.com\/2024\/08\/07\/a-primeira-creche-das-olimpiadas-e-um-passo-a-frente-dizem-os-atletas-mas-ainda-ha-muito-a-fazer-wsvn-7news-noticias-de-miami-clima-esportes-fort-lauderdale\/"},"modified":"2024-08-07T13:40:18","modified_gmt":"2024-08-07T13:40:18","slug":"a-primeira-creche-das-olimpiadas-e-um-passo-a-frente-dizem-os-atletas-mas-ainda-ha-muito-a-fazer-wsvn-7news-noticias-de-miami-clima-esportes-fort-lauderdale","status":"publish","type":"post","link":"https:\/\/tvbrazilusa.com\/pt\/2024\/08\/07\/a-primeira-creche-das-olimpiadas-e-um-passo-a-frente-dizem-os-atletas-mas-ainda-ha-muito-a-fazer-wsvn-7news-noticias-de-miami-clima-esportes-fort-lauderdale\/","title":{"rendered":"A primeira creche das Olimp\u00edadas \u00e9 um passo \u00e0 frente, dizem os atletas, mas ainda h\u00e1 muito a fazer &#8211; WSVN 7News | Not\u00edcias de Miami, Clima, Esportes | Fort Lauderdale"},"content":{"rendered":"<p> <script async src=\"https:\/\/pagead2.googlesyndication.com\/pagead\/js\/adsbygoogle.js?client=ca-pub-8864793242727901\"\r\n     crossorigin=\"anonymous\"><\/script><br \/>\n<\/p>\n<div itemprop=\"articleBody\">\n<p><strong>(CNN) \u2014 <\/strong>Fora do per\u00edmetro da Vila Ol\u00edmpica de T\u00f3quio 2020, havia uma sala especial, o \u00fanico espa\u00e7o perto da vila onde atletas com crian\u00e7as pequenas eram orientados a cuidar de seus beb\u00eas.<\/p>\n<p>A sala tinha algumas cadeiras e ramifica\u00e7\u00f5es para m\u00e3es que amamentam, de acordo com Greg Polychronidis e Katerina Polychronidis Patroni. O casal, que representou a Gr\u00e9cia junto na bocha em dois Jogos Paral\u00edmpicos, deu as boas-vindas ao seu primeiro filho em maio de 2021 e recebeu permiss\u00e3o para viajar como uma fam\u00edlia para competir em T\u00f3quio apenas alguns meses depois.<\/p>\n<p>Era pequeno, sem janelas e escuro, acrescentou Edina M\u00fcller, que atualmente representa a Alemanha na paracanoagem. Ela amamentou seu filho durante os Jogos de T\u00f3quio.<\/p>\n<p>As restri\u00e7\u00f5es da Covid-19 na \u00e9poca significavam que os convidados \u2013 incluindo crian\u00e7as e cuidadores \u2013 n\u00e3o podiam acessar a Vila Ol\u00edmpica. Cronogramas de treinamento rigorosos e rastreamento por GPS em vigor para a seguran\u00e7a da Covid dificultaram que os atletas visitassem seus beb\u00eas \u2013 se \u00e9 que eles eram aprovados para viajar com eles. Muitos atletas, como o nadador sincronizado espanhol <a href=\"https:\/\/www.instagram.com\/p\/CRhNjnYJS4D\/\" target=\"_blank\" rel=\"noreferrer noopener\">Ona Carbonell<\/a>foram obrigadas a deixar seus beb\u00eas amamentados em casa.<\/p>\n<p>\u201cEra muito importante para n\u00f3s termos nosso pequeno beb\u00ea\u201d, disse Patroni. \u201cN\u00e3o consigo imaginar de que outra forma ter\u00edamos ido para T\u00f3quio.\u201d<\/p>\n<p>Para Polychronidis, n\u00e3o era uma op\u00e7\u00e3o deixar seu filho amamentando em casa. \u201cOu poder\u00edamos ir n\u00f3s tr\u00eas ou nenhum de n\u00f3s\u201d, ele acrescentou.<\/p>\n<p>Em um contraste gritante, eles sorriam de entusiasmo ao falar sobre uma nova adi\u00e7\u00e3o \u00e0s instala\u00e7\u00f5es das Olimp\u00edadas de Paris 2024: o primeiro ber\u00e7\u00e1rio para pais de atletas ol\u00edmpicos e paral\u00edmpicos.<\/p>\n<p>O Village Nursery, inaugurado na semana passada, foi lan\u00e7ado pela Comiss\u00e3o de Atletas do Comit\u00ea Ol\u00edmpico Internacional em parceria com o COI e o Comit\u00ea Organizador de Paris 2024. Allyson Felix, uma estrela do atletismo dos EUA e membro da Comiss\u00e3o de Atletas do COI, foi uma voz forte no projeto, que \u00e9 patrocinado pela marca de cuidados infantis dos EUA Pampers.<\/p>\n<p>Os atletas podem agendar consultas privadas ou compartilhadas na instala\u00e7\u00e3o, no cora\u00e7\u00e3o do Village Plaza, que acomoda at\u00e9 seis membros da fam\u00edlia. Aqui, eles t\u00eam acesso a espa\u00e7os privados para amamenta\u00e7\u00e3o, um lounge familiar para brincadeiras e um trocador.<\/p>\n<p>\u201cEstamos vendo cada vez mais atletas continuando suas carreiras depois [starting a family]. Pessoalmente, sabendo que pode ser dif\u00edcil combinar os dois ao mesmo tempo em que se concentra nos seus sonhos, isso n\u00e3o significa que voc\u00ea n\u00e3o possa ser pai e atleta&#8221;, disse Emma Terho, presidente da comiss\u00e3o de atletas do COI, que competiu pela Finl\u00e2ndia no h\u00f3quei no gelo durante os Jogos Ol\u00edmpicos de Inverno de 2014 com uma crian\u00e7a pequena.<\/p>\n<p>\u201c\u00c9 importante facilitar a combina\u00e7\u00e3o desses aspectos da vida e apoiar os atletas dentro e fora de campo. [Parenthood] \u00e9 uma parte importante fora do campo. Tamb\u00e9m \u00e9 muito importante enviar a mensagem de que isso n\u00e3o significa que sua carreira est\u00e1 chegando ao fim. O ber\u00e7\u00e1rio, a quantidade de entusiasmo e feedback que temos recebido dos atletas, mostra isso.\u201d<\/p>\n<p>O ber\u00e7\u00e1rio n\u00e3o \u00e9 o \u00fanico <a href=\"https:\/\/olympics.com\/en\/paris-2024\/the-games\/olympic-paralympic-games\/france-olympism\" target=\"_blank\" rel=\"noreferrer noopener\">&#8220;primeiro&#8221;<\/a> para Paris 2024. Os Jogos tamb\u00e9m s\u00e3o os primeiros a serem neutros em carbono e com igualdade de g\u00eanero, al\u00e9m de incluir competi\u00e7\u00f5es nas quais todos podem participar.<\/p>\n<h2 class=\"wp-block-heading\">Atletas promovem mudan\u00e7as<\/h2>\n<p>O COI <a href=\"https:\/\/olympics.com\/athlete365\/articles\/paris2024\/nursery-to-give-parent-athletes-quality-time-with-their-young-children-during-paris-2024-cio\" target=\"_blank\" rel=\"noreferrer noopener\">anunciado<\/a> a iniciativa da creche em mar\u00e7o, depois que os atletas expressaram a necessidade de melhor suporte para equilibrar os Jogos e a paternidade, de acordo com Patroni, Polychronidis e M\u00fcller. Os atletas pais se uniram em comunica\u00e7\u00e3o com o COI e o Comit\u00ea Paral\u00edmpico Internacional muito antes de T\u00f3quio, eles disseram.<\/p>\n<p>\u201cFalamos o tempo todo sobre nossas necessidades\u201d, disse Polychronidis. \u201c\u00c9 muito significativo e tocante ver os comit\u00eas entenderem que voc\u00ea precisa ter seu beb\u00ea e n\u00e3o apenas dizerem &#39;se voc\u00ea quer ter seu beb\u00ea, fique em casa&#39;. \u00c9 isso que nos torna humanos.\u201d<\/p>\n<p>Terho, que lidera a comiss\u00e3o, enfatizou a import\u00e2ncia das vozes dos atletas na cria\u00e7\u00e3o da creche, algo que ela observou que Felix era um forte defensor.<\/p>\n<p>\u201cHouve feedback vindo dos atletas. Tomamos a iniciativa e temos recebido muito apoio dos departamentos do COI e dos principais parceiros\u201d, disse Terho.<\/p>\n<p>Para Felix, 11 vezes medalhista ol\u00edmpica e m\u00e3e de dois filhos, a iniciativa faz parte de um grande esfor\u00e7o para apoiar atletas que s\u00e3o m\u00e3es.<\/p>\n<p>Em 2018, Felix foi diagnosticada com pr\u00e9-ecl\u00e2mpsia grave com 32 semanas de gravidez, o que levou a uma ces\u00e1rea de emerg\u00eancia e ao nascimento prematuro de sua filha. Ela compartilhou com a CNN os obst\u00e1culos que enfrentou na maternidade e no retorno \u00e0s pistas, muitos dos quais a inspiraram a se tornar uma defensora da sa\u00fade materna, enfatizando as disparidades raciais nos cuidados maternos.<\/p>\n<p>Felix criou um fundo de assist\u00eancia infantil para apoiar m\u00e3es atletas em 2021 e, neste ver\u00e3o, <a href=\"https:\/\/www.nytimes.com\/2024\/05\/28\/opinion\/melinda-french-gates-reproductive-rights.html\" target=\"_blank\" rel=\"noreferrer noopener\">recebido<\/a> uma doa\u00e7\u00e3o de US$ 20 milh\u00f5es da Funda\u00e7\u00e3o Melinda French Gates para apoiar a sa\u00fade materna negra. Ela <a href=\"https:\/\/news.pg.com\/news-releases\/news-details\/2024\/Pampers-Teams-Up-With-U.S.-Track--Field-Legend-Allyson-Felix-to-Support-NICU-Families\/default.aspx\" target=\"_blank\" rel=\"noreferrer noopener\">em parceria<\/a> com a Pampers em julho para doar at\u00e9 1 milh\u00e3o de fraldas para prematuros para unidades de terapia intensiva neonatal em todo o pa\u00eds e para lan\u00e7ar o primeiro ber\u00e7\u00e1rio das Olimp\u00edadas.<\/p>\n<p>\u201cDepois do nascimento da minha filha, entendi o qu\u00e3o dif\u00edcil \u00e9 competir no mais alto n\u00edvel e, ao mesmo tempo, equilibrar as demandas da paternidade\u201d, escreveu Felix em uma declara\u00e7\u00e3o \u00e0 CNN.<\/p>\n<p>\u201cO ambiente dos Jogos Ol\u00edmpicos vem com muita complexidade e press\u00f5es, e uma maneira de oferecer al\u00edvio \u00e9 tornar mais f\u00e1cil para os atletas passarem tempo com seus beb\u00eas e crian\u00e7as pequenas sem sair da Vila dos Atletas. Estou muito feliz em fazer parceria com a Pampers para tornar a Village Nursery uma realidade para a pr\u00f3xima gera\u00e7\u00e3o de atletas que est\u00e3o perseguindo seus sonhos enquanto tamb\u00e9m escolhem a paternidade.\u201d<\/p>\n<h2 class=\"wp-block-heading\">Gera\u00e7\u00f5es de advocacia abrem caminho<\/h2>\n<p>A creche \u00e9 o passo mais recente em um longo e hist\u00f3rico esfor\u00e7o para nivelar o campo de jogo para atletas de elite com filhos. Ao longo dos anos, vozes femininas t\u00eam subido ao topo dos apelos por maiores acomoda\u00e7\u00f5es, incluindo aquelas especificamente para m\u00e3es que amamentam.<\/p>\n<p>Os apelos de m\u00e3es ol\u00edmpicas, como a canadense Kim Gaucher e as americanas Alex Morgan e Aliphine Tuliamuk, ajudaram a pressionar o Comit\u00ea Organizador de T\u00f3quio 2020 a permitir que atletas m\u00e3es \u2013 como Polychronidis, Patroni e M\u00fcller \u2013 levassem seus filhos amamentados aos Jogos daquele ano.<\/p>\n<p>\u201cAgora mesmo, estou sendo for\u00e7ada a decidir entre ser uma m\u00e3e que amamenta ou uma atleta ol\u00edmpica. N\u00e3o posso ter os dois\u201d, disse Gaucher em uma entrevista de 2021. <a href=\"https:\/\/www.instagram.com\/p\/CQe6gi8Lb5e\/?img_index=1\" target=\"_blank\" rel=\"noreferrer noopener\">V\u00eddeo do Instagram<\/a>. \u201cOs f\u00e3s japoneses estar\u00e3o presentes, as arenas estar\u00e3o meio cheias, mas eu n\u00e3o terei acesso \u00e0 minha filha? \u2026 Estamos em 2021. Vamos tornar as m\u00e3es trabalhadoras normais.\u201d<\/p>\n<p>A indigna\u00e7\u00e3o sobre o cuidado infantil em T\u00f3quio foi apenas parte do cen\u00e1rio, de acordo com M\u00fcller, que competiu em quatro Jogos Paral\u00edmpicos e deve competir em Paris em setembro.<\/p>\n<p>M\u00fcller deu \u00e0 luz em 2019, o mesmo ano em que estava treinando para se classificar para os Jogos de T\u00f3quio. Ela levou seu filho e um cuidador para cada campo de treinamento e competi\u00e7\u00e3o durante o processo de qualifica\u00e7\u00e3o, organizando e pagando por tudo sozinha. O custo total ultrapassou 10.000 euros, ela disse.<\/p>\n<p>\u201c\u00c0s vezes, sinto que organizar isso leva mais tempo do que meu esporte em si\u201d, ela disse. \u201cEssa foi a parte mais dif\u00edcil.\u201d<\/p>\n<p>Quando M\u00fcller anunciou que estava gr\u00e1vida em 2018, ela recebeu uma carta de seu centro de treinamento parabenizando-a por sua aposentadoria. Durante parte de sua gravidez, ela acrescentou, ela n\u00e3o conseguiu competir e perdeu financiamento, em meio ao novo desafio de financiar cuidados infantis enquanto voltava ao seu esporte, at\u00e9 que ela retornasse ao seu status anterior.<\/p>\n<p>\u201cEu nunca disse que iria me aposentar. Eu estava planejando competir novamente, e meu objetivo era competir nas Paralimp\u00edadas de T\u00f3quio. Isso foi um pouco decepcionante\u201d, ela disse. \u201cEu me classifiquei mais tarde no ver\u00e3o. Ningu\u00e9m esperava isso.\u201d<\/p>\n<p>M\u00fcller diz que foi estranho ser chamada de pioneira para atletas que s\u00e3o m\u00e3es.<\/p>\n<p>\u201cH\u00e1 cinco anos, em uma revista, fui chamado de pioneiro. Isso n\u00e3o \u00e9 verdade. Existem tantos [mom] atletas no passado que simplesmente s\u00e3o ignorados. Poucas pessoas sabem sobre isso porque eles, e esse t\u00f3pico, n\u00e3o estavam t\u00e3o presentes na m\u00eddia\u201d, ela disse.<\/p>\n<p>\u201cAgora, estamos. Agora, as pessoas est\u00e3o reconhecendo &#39;h\u00e1 tantos de n\u00f3s&#39;. Mas provavelmente n\u00e3o estamos mais do que antes; estamos apenas mais presentes e mais barulhentos.\u201d<\/p>\n<h2 class=\"wp-block-heading\">Nivelando o campo<\/h2>\n<p>Os obst\u00e1culos enfrentados pelos pais atletas foram reconhecidos por organiza\u00e7\u00f5es esportivas ao redor do mundo.<\/p>\n<p>Para Paris 2024, o Comit\u00ea Ol\u00edmpico e Esportivo Nacional Franc\u00eas <a href=\"https:\/\/france-paralympique.fr\/actualite\/la-parentalite-mieux-prise-en-compte\/\" target=\"_blank\" rel=\"noreferrer noopener\">planos para oferecer<\/a> quartos adicionais no Pleyel Hotel, perto da Vila, para m\u00e3es que amamentam e fam\u00edlias, e passes especiais para pais com crian\u00e7as pequenas durante os Jogos Paral\u00edmpicos.<\/p>\n<p>Nos Estados Unidos, as sele\u00e7\u00f5es nacionais de v\u00f4lei, basquete e futebol t\u00eam <a href=\"https:\/\/apnews.com\/when-youre-an-olympic-hopeful-and-a-mom-bring-the-kids-416ea958ff0f4dc89e3b952a5f58fc23\" target=\"_blank\" rel=\"noreferrer noopener\">implementado<\/a> pr\u00e1ticas como pagar viagens familiares e prestadores de cuidados infantis. Organiza\u00e7\u00f5es como a Ladies Professional Golf Association t\u00eam <a href=\"https:\/\/www.lpga.com\/news\/2019\/2019-lpga-smucker-celebrate-25th-anniversary-of-child-development\" target=\"_blank\" rel=\"noreferrer noopener\">forneceu apoio \u00e0 maternidade<\/a> h\u00e1 d\u00e9cadas, oferecendo servi\u00e7os como creche em eventos e uma pol\u00edtica flex\u00edvel de licen\u00e7a-maternidade que garante que as m\u00e3es mantenham seu status de jogadoras ao retornarem.<\/p>\n<p>Avan\u00e7os de gera\u00e7\u00f5es de atletas criaram uma base para a abertura da primeira creche das Olimp\u00edadas, de acordo com M\u00fcller e Terho. Mas, embora a creche seja inovadora em oferecer suporte para atletas pais, ela n\u00e3o remove todas as barreiras.<\/p>\n<h2 class=\"wp-block-heading\">O empurr\u00e3o continua<\/h2>\n<p>Houve progresso, diz M\u00fcller \u2013 mas lentamente.<\/p>\n<p>\u201cH\u00e1 muita coisa acontecendo nos bastidores, muita conversa acontecendo e muita gente trabalhando nisso. Mas muitos atletas t\u00eam os mesmos problemas que eu tive h\u00e1 cinco anos\u201d, ela disse. \u201cEste sistema est\u00e1 reagindo muito, muito lentamente.\u201d<\/p>\n<p>O ber\u00e7\u00e1rio \u00e9 um \u00f3timo complemento, de acordo com M\u00fcller, Polychronidis, Patroni e Terho.<\/p>\n<p>\u201cEstamos muito felizes que isso esteja acontecendo agora\u201d, disse Terho. \u201cQueremos aproveitar o feedback e as mensagens que recebemos para continuarmos a ouvir e nos envolver com os atletas sobre isso. Esta \u00e9 a primeira vez, ent\u00e3o, depois disso, podemos ver de forma mais clara e simples os pr\u00f3ximos passos para o futuro.\u201d<\/p>\n<p>A comunica\u00e7\u00e3o entre atletas, a comiss\u00e3o e outras organiza\u00e7\u00f5es e parceiros foi a receita principal para a cria\u00e7\u00e3o do ber\u00e7\u00e1rio, e essa colabora\u00e7\u00e3o continuar\u00e1 enquanto atletas e organizadores planejam os pr\u00f3ximos Jogos, disseram eles.<\/p>\n<p>\u201cEstamos muito felizes com essa melhoria do ber\u00e7\u00e1rio. Esperamos que haja mais etapas no futuro para as Olimp\u00edadas e Paralimp\u00edadas\u201d, Patroni acrescentou.<\/p>\n<p>\u201cO esporte \u00e9 para fam\u00edlias, e o esporte \u00e9 para todos. Todos devem ser inclu\u00eddos.\u201d<\/p>\n<p><em>The-CNN-Wire\u2122 &#038; \u00a9 2024 Cable News Network, Inc., uma empresa Time Warner. Todos os direitos reservados.<\/em><\/p>\n<div class=\"wp-block-newsletter\">\n\t<strong class=\"wp-block-newsletter__title\">Inscreva-se em nossa Newsletter para receber as \u00faltimas not\u00edcias diretamente na sua caixa de entrada<\/strong><\/p>\n<\/div><\/div>\n<p><script async src=\"\/\/www.instagram.com\/embed.js\"><\/script><br \/>\n<br \/><br \/>\n<br \/><a href=\"https:\/\/wsvn.com\/news\/us-world\/first-olympics-nursery-is-a-step-forward-athletes-say-but-much-remains-to-do\/\">Source link <\/a><\/p>","protected":false},"excerpt":{"rendered":"<p>(CNN) \u2014 Fora do per\u00edmetro da Vila Ol\u00edmpica de T\u00f3quio 2020, havia uma sala especial, o \u00fanico espa\u00e7o perto da vila onde atletas com crian\u00e7as pequenas eram orientados a cuidar&hellip;<\/p>","protected":false},"author":1,"featured_media":18979,"comment_status":"closed","ping_status":"open","sticky":false,"template":"","format":"standard","meta":{"content-type":"","footnotes":""},"categories":[1],"tags":[],"class_list":["post-18978","post","type-post","status-publish","format-standard","has-post-thumbnail","hentry","category-uncategorized"],"_links":{"self":[{"href":"https:\/\/tvbrazilusa.com\/pt\/wp-json\/wp\/v2\/posts\/18978","targetHints":{"allow":["GET"]}}],"collection":[{"href":"https:\/\/tvbrazilusa.com\/pt\/wp-json\/wp\/v2\/posts"}],"about":[{"href":"https:\/\/tvbrazilusa.com\/pt\/wp-json\/wp\/v2\/types\/post"}],"author":[{"embeddable":true,"href":"https:\/\/tvbrazilusa.com\/pt\/wp-json\/wp\/v2\/users\/1"}],"replies":[{"embeddable":true,"href":"https:\/\/tvbrazilusa.com\/pt\/wp-json\/wp\/v2\/comments?post=18978"}],"version-history":[{"count":1,"href":"https:\/\/tvbrazilusa.com\/pt\/wp-json\/wp\/v2\/posts\/18978\/revisions"}],"predecessor-version":[{"id":18980,"href":"https:\/\/tvbrazilusa.com\/pt\/wp-json\/wp\/v2\/posts\/18978\/revisions\/18980"}],"wp:featuredmedia":[{"embeddable":true,"href":"https:\/\/tvbrazilusa.com\/pt\/wp-json\/wp\/v2\/media\/18979"}],"wp:attachment":[{"href":"https:\/\/tvbrazilusa.com\/pt\/wp-json\/wp\/v2\/media?parent=18978"}],"wp:term":[{"taxonomy":"category","embeddable":true,"href":"https:\/\/tvbrazilusa.com\/pt\/wp-json\/wp\/v2\/categories?post=18978"},{"taxonomy":"post_tag","embeddable":true,"href":"https:\/\/tvbrazilusa.com\/pt\/wp-json\/wp\/v2\/tags?post=18978"}],"curies":[{"name":"wp","href":"https:\/\/api.w.org\/{rel}","templated":true}]}}