{"id":18984,"date":"2024-08-07T13:46:41","date_gmt":"2024-08-07T13:46:41","guid":{"rendered":"https:\/\/tvbrazilusa.com\/2024\/08\/07\/a-unica-coisa-que-os-conselheiros-de-harris-disseram-a-ela-que-a-levou-a-escolher-walz\/"},"modified":"2024-08-07T13:56:37","modified_gmt":"2024-08-07T13:56:37","slug":"a-unica-coisa-que-os-conselheiros-de-harris-disseram-a-ela-que-a-levou-a-escolher-walz","status":"publish","type":"post","link":"https:\/\/tvbrazilusa.com\/pt\/2024\/08\/07\/a-unica-coisa-que-os-conselheiros-de-harris-disseram-a-ela-que-a-levou-a-escolher-walz\/","title":{"rendered":"A \u00fanica coisa que os conselheiros de Harris disseram a ela que a levou a escolher Walz"},"content":{"rendered":"<script async src=\"https:\/\/pagead2.googlesyndication.com\/pagead\/js\/adsbygoogle.js?client=ca-pub-8864793242727901\"\r\n     crossorigin=\"anonymous\"><\/script>\n<div>\n<p class=\"article__paragraph article__paragraph--left\" id=\"XNHLQLCELJCMRDSGNA3RKR7ITU\">vice-presidente <a href=\"https:\/\/www.google.com\/url?sa=t&#038;source=web&#038;rct=j&#038;opi=89978449&#038;url=https:\/\/www.nj.com\/politics\/2024\/07\/biden-backs-vp-kamala-harris-to-take-on-donald-trump-in-2024-presidential-election.html&#038;ved=2ahUKEwjfkuKG7biHAxWKE1kFHQGAADcQvOMEKAB6BAgIEAE&#038;usg=AOvVaw3UWYBI6DHCgWE9YpHEKE49\">Kamala Harris<\/a> reuniu-se com conselheiros seniores e confidentes no fim de semana antes de escolher um companheiro de chapa para enfrentar o ex-presidente <a href=\"https:\/\/www.nj.com\/topic\/donald-trump\/\">Donald Trump<\/a> neste novembro.<\/p>\n<p class=\"article__paragraph article__paragraph--left\" id=\"FCIVPM7AXFAKLH46KJ7YCD73AY\"><a href=\"https:\/\/www.nytimes.com\/2024\/08\/06\/us\/politics\/harris-tim-walz-vp-pick.html\" target=\"_blank\" rel=\"noopener\">De acordo com um novo relat\u00f3rio do The New York Times<\/a>a decis\u00e3o final recaiu sobre uma de tr\u00eas pessoas: o senador do Arizona. <a href=\"https:\/\/www.google.com\/url?sa=t&#038;source=web&#038;rct=j&#038;opi=89978449&#038;url=https:\/\/www.nj.com\/politics\/2024\/07\/democrats-lining-up-behind-these-possible-vp-candidates.html&#038;ved=2ahUKEwiBvqiwgeOHAxXZg4kEHQcHElQQFnoECBMQAQ&#038;usg=AOvVaw3h_VvGfVqNTGxSCavHvSaS\" target=\"_blank\" rel=\"noopener\">Marca Kelly<\/a>Governador da Pensilv\u00e2nia. <a href=\"https:\/\/www.google.com\/url?sa=t&#038;source=web&#038;rct=j&#038;opi=89978449&#038;url=https:\/\/www.nj.com\/politics\/2024\/08\/why-not-josh-shapiro-ex-gop-insider-explains-why-harris-picked-walz.html&#038;ved=2ahUKEwjM-6u8geOHAxVohIkEHb86DR8QFnoECBQQAQ&#038;usg=AOvVaw3eXlhrfwlHuvxV8WPzFFXQ\" target=\"_blank\" rel=\"noopener\">Josh Shapiro<\/a> e o governador de Minnesota. <a href=\"https:\/\/www.nj.com\/politics\/2024\/08\/kamala-harris-taps-tim-walz-as-vice-president-running-mate.html\">Tim Walz<\/a>.<\/p>\n<p class=\"article__paragraph article__paragraph--left\" id=\"DLRXCJ5JS5EWFGIGB6GHQDILYM\">E como Harris foi parar com Walz? O Times relata que houve uma grande \u201cconclus\u00e3o\u201d em quem ela decidiu escolher, \u201cDisseram \u00e0 Sra. Harris, que era isso: ela poderia ganhar a Casa Branca com qualquer um dos tr\u00eas finalistas ao seu lado.\u201d<\/p>\n<p class=\"article__paragraph article__paragraph--left\" id=\"IGBZIM73OJFCPOC2AJXOSVOCME\">Outras palavras: \u201cEla poderia escolher quem quisesse.\u201d<\/p>\n<p class=\"article__paragraph article__paragraph--left\" id=\"WZLUOPYM3FHZ5M6IELB3USORYQ\">Mais do relat\u00f3rio: \u201cFoi o mais raro conselho pol\u00edtico para um l\u00edder pol\u00edtico na encruzilhada de uma decis\u00e3o t\u00e3o consequente. E para a Sra. Harris, uma vice-presidente que passou grande parte de seu mandato tentando se estabelecer silenciosamente sem entrar em conflito com o presidente Biden, o conselho foi libertador em vez de restritivo.\u201d<\/p>\n<p class=\"article__paragraph article__paragraph--left\" id=\"TOQN3QPL7NBTJGXHPI3OLUVTCM\">Ent\u00e3o Harris escolheu quem tinha mais afinidade, segundo relatos.<\/p>\n<p class=\"article__paragraph article__paragraph--left\" id=\"LW3PUSHDTVBSVOPWTQQQFDGOZI\">Walz teve dois grandes avan\u00e7os, o primeiro praticamente despercebido e o segundo subestimado.<\/p>\n<p class=\"article__paragraph article__paragraph--left\" id=\"SWAJKPA7PZB6ZDB2CYRMG52KUI\">A primeira ocorreu no in\u00edcio deste ano, quando o governador e o vice-presidente visitaram uma cl\u00ednica da Planned Parenthood em St. Paul. Essa viagem ressaltou valores compartilhados entre os dois, de acordo com pessoas familiarizadas com o pensamento de Harris. As principais quest\u00f5es que ressoaram com Harris inclu\u00edram a defesa de Walz pela fertiliza\u00e7\u00e3o in vitro e cr\u00e9ditos fiscais para crian\u00e7as \u2013 uma pol\u00edtica que Walz usou em Minnesota.<\/p>\n<p class=\"article__paragraph article__paragraph--left\" id=\"KADQOV62MNEFVNLIL2JPQPDP4Y\">O pr\u00f3ximo momento-chave ocorreu em 23 de julho, dois dias ap\u00f3s a retirada de Biden, quando Walz foi ao programa &#8220;Morning Joe&#8221; da MSNBC e fez uma cr\u00edtica a Trump e Vance que rapidamente se tornou viral.<\/p>\n<p class=\"article__paragraph article__paragraph--left\" id=\"TJTDAFCDKZFKHDBDQ3WVQFTUTA\">\u201cEsses caras s\u00e3o simplesmente estranhos\u201d, disse Walz, em seu jeito coloquial e informal.<\/p>\n<p class=\"article__paragraph article__paragraph--left\" id=\"FLLG2WFOYJEJTCWR6Y3PARE664\">Durante anos, os democratas, incluindo Biden e Harris, t\u00eam feito ataques elevados a Trump como uma amea\u00e7a \u00e0 democracia. Eles destacaram seus problemas legais, sua ret\u00f3rica racista e sexista, as pol\u00edticas de extrema direita encontradas na agenda do \u201cProjeto 2025\u201d que Trump rejeita. O alegre governador de Minnesota resumiu tudo em uma palavra: \u201cestranho\u201d. E ele sorriu ao faz\u00ea-lo.<\/p>\n<p class=\"article__paragraph article__paragraph--left\" id=\"CNVAKJ2TPVCRRDSUTCMRGMTKIE\"><i>A Associated Press contribuiu para esta reportagem.<\/i><\/p>\n<section class=\"Stories-By-Author-module_wrapper__ezbcK Stories-By-Author-module_nj__Ap1-Y\"\/>\n<p class=\"article__paragraph article__paragraph--left\" id=\"65BQKZQAA5FPZLXBANU5Q4XTTI\"><i>Nosso jornalismo precisa do seu apoio. Por favor, assine hoje mesmo <\/i><a href=\"http:\/\/nj.com\/\"><i>NJ.com<\/i><\/a><i>.<\/i><\/p>\n<p class=\"article__paragraph article__paragraph--left\" id=\"MO5LWJLWMNB2RMQBOB7WM6GEOE\"><a href=\"https:\/\/twitter.com\/MatthewArco\"><i>Matt Arco<\/i><\/a><i>  pode ser alcan\u00e7ado em <\/i><a href=\"https:\/\/www.nj.com\/politics\/2024\/08\/mailto:marco@njadvancemedia.com\"><i>marco@njadvancemedia.com<\/i><\/a><i>. Siga-o no Twitter em <\/i><a href=\"https:\/\/twitter.com\/MatthewArco\"><i>@MatthewArco<\/i><\/a><i>.<\/i><\/p>\n<\/div>\n<p><script async src=\"\/\/platform.twitter.com\/widgets.js\" charset=\"utf-8\"><\/script><br \/>\n<br \/><br \/>\n<br \/><a href=\"https:\/\/www.nj.com\/politics\/2024\/08\/the-1-thing-harris-advisors-told-her-that-led-to-her-pick-of-walz.html\">Source link <\/a><\/p>","protected":false},"excerpt":{"rendered":"<p>vice-presidente Kamala Harris reuniu-se com conselheiros seniores e confidentes no fim de semana antes de escolher um companheiro de chapa para enfrentar o ex-presidente Donald Trump neste novembro. De acordo&hellip;<\/p>","protected":false},"author":1,"featured_media":18985,"comment_status":"closed","ping_status":"open","sticky":false,"template":"","format":"standard","meta":{"content-type":"","footnotes":""},"categories":[1],"tags":[],"class_list":["post-18984","post","type-post","status-publish","format-standard","has-post-thumbnail","hentry","category-uncategorized"],"_links":{"self":[{"href":"https:\/\/tvbrazilusa.com\/pt\/wp-json\/wp\/v2\/posts\/18984","targetHints":{"allow":["GET"]}}],"collection":[{"href":"https:\/\/tvbrazilusa.com\/pt\/wp-json\/wp\/v2\/posts"}],"about":[{"href":"https:\/\/tvbrazilusa.com\/pt\/wp-json\/wp\/v2\/types\/post"}],"author":[{"embeddable":true,"href":"https:\/\/tvbrazilusa.com\/pt\/wp-json\/wp\/v2\/users\/1"}],"replies":[{"embeddable":true,"href":"https:\/\/tvbrazilusa.com\/pt\/wp-json\/wp\/v2\/comments?post=18984"}],"version-history":[{"count":1,"href":"https:\/\/tvbrazilusa.com\/pt\/wp-json\/wp\/v2\/posts\/18984\/revisions"}],"predecessor-version":[{"id":18986,"href":"https:\/\/tvbrazilusa.com\/pt\/wp-json\/wp\/v2\/posts\/18984\/revisions\/18986"}],"wp:featuredmedia":[{"embeddable":true,"href":"https:\/\/tvbrazilusa.com\/pt\/wp-json\/wp\/v2\/media\/18985"}],"wp:attachment":[{"href":"https:\/\/tvbrazilusa.com\/pt\/wp-json\/wp\/v2\/media?parent=18984"}],"wp:term":[{"taxonomy":"category","embeddable":true,"href":"https:\/\/tvbrazilusa.com\/pt\/wp-json\/wp\/v2\/categories?post=18984"},{"taxonomy":"post_tag","embeddable":true,"href":"https:\/\/tvbrazilusa.com\/pt\/wp-json\/wp\/v2\/tags?post=18984"}],"curies":[{"name":"wp","href":"https:\/\/api.w.org\/{rel}","templated":true}]}}