{"id":19030,"date":"2024-08-07T15:12:54","date_gmt":"2024-08-07T15:12:54","guid":{"rendered":"https:\/\/tvbrazilusa.com\/2024\/08\/07\/candidatos-republicanos-restantes-para-o-cargo-de-xerife-de-miami-dade-wsvn-7news-noticias-de-miami-clima-esportes-fort-lauderdale\/"},"modified":"2024-08-07T15:23:47","modified_gmt":"2024-08-07T15:23:47","slug":"candidatos-republicanos-restantes-para-o-cargo-de-xerife-de-miami-dade-wsvn-7news-noticias-de-miami-clima-esportes-fort-lauderdale","status":"publish","type":"post","link":"https:\/\/tvbrazilusa.com\/pt\/2024\/08\/07\/candidatos-republicanos-restantes-para-o-cargo-de-xerife-de-miami-dade-wsvn-7news-noticias-de-miami-clima-esportes-fort-lauderdale\/","title":{"rendered":"Candidatos republicanos restantes para o cargo de xerife de Miami-Dade &#8211; WSVN 7News | Not\u00edcias de Miami, Clima, Esportes | Fort Lauderdale"},"content":{"rendered":"<p> <script async src=\"https:\/\/pagead2.googlesyndication.com\/pagead\/js\/adsbygoogle.js?client=ca-pub-8864793242727901\"\r\n     crossorigin=\"anonymous\"><\/script><br \/>\n<\/p>\n<div itemprop=\"articleBody\">\n<p>CONDADO DE MIAMI-DADE, Fl\u00f3rida (WSVN) \u2013 O Departamento de Pol\u00edcia de Miami-Dade logo far\u00e1 a transi\u00e7\u00e3o para o Gabinete do Xerife de Miami-Dade, marcando a primeira vez em d\u00e9cadas que o condado eleger\u00e1 um xerife. A posi\u00e7\u00e3o atraiu uma longa <a href=\"https:\/\/wsvn.com\/news\/local\/miami-dade\/miami-dade-police-department-to-transform-into-sheriffs-office\/\" target=\"_blank\" rel=\"noreferrer noopener\">lista de candidatos republicanos<\/a> buscando se tornar o novo principal respons\u00e1vel pela aplica\u00e7\u00e3o da lei do condado.<\/p>\n<p><strong>Alex Fornet<\/strong>dono de uma empresa de repara\u00e7\u00e3o de cr\u00e9dito e ex-policial de Miami-Dade, quer mudar a cultura policial no condado.<\/p>\n<blockquote class=\"wp-block-quote is-layout-flow wp-block-quote-is-layout-flow\">\n<p>\u201cO condado tem a capacidade de finalmente eleger um xerife que far\u00e1 escolhas dif\u00edceis e far\u00e1 as coisas que precisam ser feitas\u201d, disse Fornet. \u201cEles ficar\u00e3o orgulhosos de trabalhar para mim. Outros departamentos v\u00e3o querer se mudar para o Condado de Miami-Dade porque ver\u00e3o algu\u00e9m que realmente ama o que faz, ama as pessoas com quem trabalha e ama nossa comunidade.\u201d<\/p>\n<\/blockquote>\n<p><strong>Joe Martinez<\/strong>ex-comiss\u00e1rio de Miami-Dade, destaca sua experi\u00eancia como autoridade eleita na gest\u00e3o da transi\u00e7\u00e3o.<\/p>\n<blockquote class=\"wp-block-quote is-layout-flow wp-block-quote-is-layout-flow\">\n<p>\u201cEsses poucos quatro meses e os anos seguintes s\u00e3o extremamente cruciais para moldar o que o cargo de xerife ser\u00e1\u201d, afirmou Martinez. \u201cVoc\u00ea precisa ter o conhecimento pol\u00edtico para navegar no governo do condado.\u201d<\/p>\n<\/blockquote>\n<p><strong>Jo\u00e3o Rivera<\/strong>que trabalhou no departamento por 43 anos e foi presidente de longa data do sindicato da pol\u00edcia, promete que a pol\u00edtica n\u00e3o influenciar\u00e1 o novo escrit\u00f3rio.<\/p>\n<blockquote class=\"wp-block-quote is-layout-flow wp-block-quote-is-layout-flow\">\n<p>\u201cO moral deste departamento \u00e9 horr\u00edvel, e eles precisam de um l\u00edder com quem possam contar\u201d, disse Rivera. \u201cMinha principal preocupa\u00e7\u00e3o \u00e9 a seguran\u00e7a dos policiais e cidad\u00e3os. Os pol\u00edticos ter\u00e3o um fator, mas n\u00e3o v\u00e3o comandar o departamento de pol\u00edcia.\u201d<\/p>\n<\/blockquote>\n<p><strong>Ernesto Rodr\u00edguez<\/strong>um atual tenente da Unidade de Crimes Agr\u00edcolas e Ambientais do condado que est\u00e1 no MDPD desde 1987, quer colocar Miami-Dade \u201cde volta aos trilhos\u201d.<\/p>\n<blockquote class=\"wp-block-quote is-layout-flow wp-block-quote-is-layout-flow\">\n<p>\u201cPara mim, isso n\u00e3o \u00e9 apenas um trabalho; \u00e9 uma voca\u00e7\u00e3o\u201d, Rodriguez expressou. \u201cAs tropas perderam a confian\u00e7a em nossa equipe de comando; est\u00e3o desmoralizadas.\u201d<\/p>\n<\/blockquote>\n<p><strong>Joe S\u00e1nchez<\/strong>ex-comiss\u00e1rio de Miami e atual oficial da Patrulha Rodovi\u00e1ria da Fl\u00f3rida, promete trazer mudan\u00e7as, aproveitando seu status de outsider.<\/p>\n<blockquote class=\"wp-block-quote is-layout-flow wp-block-quote-is-layout-flow\">\n<p>\u201cVejo que as pessoas concorrendo ao cargo de xerife s\u00e3o do Departamento de Pol\u00edcia de Miami-Dade que querem manter o mesmo status quo\u201d, disse Sanchez. \u201cAcredito que um estranho como eu pode melhorar muito as coisas porque n\u00e3o devo nada a ningu\u00e9m naquele departamento.\u201d<\/p>\n<p>Esses candidatos representam o restante do campo republicano. Na quinta-feira, a 7News far\u00e1 o perfil dos candidatos democratas que tamb\u00e9m est\u00e3o concorrendo para xerife de Miami-Dade.<\/p>\n<p><a href=\"https:\/\/wsvn.com\/news\/local\/miami-dade\/early-voting-begins-in-miami-dade-county-for-2024-elections\/\" target=\"_blank\" rel=\"noreferrer noopener\">A vota\u00e7\u00e3o antecipada est\u00e1 em andamento<\/a> no Condado de Miami-Dade, e as prim\u00e1rias est\u00e3o marcadas para ter\u00e7a-feira, 20 de agosto.<\/p>\n<p>Para mais informa\u00e7\u00f5es sobre os locais e hor\u00e1rios de vota\u00e7\u00e3o antecipada, visite o <a href=\"https:\/\/www.miamidade.gov\/global\/elections\/home.page\" target=\"_blank\" rel=\"noreferrer noopener\">Site do Departamento Eleitoral do Condado de Miami-Dade<\/a>.<\/p>\n<\/blockquote>\n<p><em>Copyright 2024 Sunbeam Television Corp. Todos os direitos reservados. Este material n\u00e3o pode ser publicado, transmitido, reescrito ou redistribu\u00eddo.<\/em><\/p>\n<div class=\"wp-block-newsletter\">\n\t<strong class=\"wp-block-newsletter__title\">Inscreva-se em nossa Newsletter para receber as \u00faltimas not\u00edcias diretamente na sua caixa de entrada<\/strong><\/p>\n<\/div><\/div>\n<p><br \/>\n<br \/><a href=\"https:\/\/wsvn.com\/news\/local\/miami-dade\/remaining-republican-candidates-for-miami-dade-sheriffs-position\/\">Source link <\/a><\/p>","protected":false},"excerpt":{"rendered":"<p>CONDADO DE MIAMI-DADE, Fl\u00f3rida (WSVN) \u2013 O Departamento de Pol\u00edcia de Miami-Dade logo far\u00e1 a transi\u00e7\u00e3o para o Gabinete do Xerife de Miami-Dade, marcando a primeira vez em d\u00e9cadas que&hellip;<\/p>","protected":false},"author":1,"featured_media":19031,"comment_status":"closed","ping_status":"open","sticky":false,"template":"","format":"standard","meta":{"content-type":"","footnotes":""},"categories":[1],"tags":[],"class_list":["post-19030","post","type-post","status-publish","format-standard","has-post-thumbnail","hentry","category-uncategorized"],"_links":{"self":[{"href":"https:\/\/tvbrazilusa.com\/pt\/wp-json\/wp\/v2\/posts\/19030","targetHints":{"allow":["GET"]}}],"collection":[{"href":"https:\/\/tvbrazilusa.com\/pt\/wp-json\/wp\/v2\/posts"}],"about":[{"href":"https:\/\/tvbrazilusa.com\/pt\/wp-json\/wp\/v2\/types\/post"}],"author":[{"embeddable":true,"href":"https:\/\/tvbrazilusa.com\/pt\/wp-json\/wp\/v2\/users\/1"}],"replies":[{"embeddable":true,"href":"https:\/\/tvbrazilusa.com\/pt\/wp-json\/wp\/v2\/comments?post=19030"}],"version-history":[{"count":1,"href":"https:\/\/tvbrazilusa.com\/pt\/wp-json\/wp\/v2\/posts\/19030\/revisions"}],"predecessor-version":[{"id":19032,"href":"https:\/\/tvbrazilusa.com\/pt\/wp-json\/wp\/v2\/posts\/19030\/revisions\/19032"}],"wp:featuredmedia":[{"embeddable":true,"href":"https:\/\/tvbrazilusa.com\/pt\/wp-json\/wp\/v2\/media\/19031"}],"wp:attachment":[{"href":"https:\/\/tvbrazilusa.com\/pt\/wp-json\/wp\/v2\/media?parent=19030"}],"wp:term":[{"taxonomy":"category","embeddable":true,"href":"https:\/\/tvbrazilusa.com\/pt\/wp-json\/wp\/v2\/categories?post=19030"},{"taxonomy":"post_tag","embeddable":true,"href":"https:\/\/tvbrazilusa.com\/pt\/wp-json\/wp\/v2\/tags?post=19030"}],"curies":[{"name":"wp","href":"https:\/\/api.w.org\/{rel}","templated":true}]}}