{"id":19039,"date":"2024-08-07T15:30:43","date_gmt":"2024-08-07T15:30:43","guid":{"rendered":"https:\/\/tvbrazilusa.com\/2024\/08\/07\/argelinos-apoiam-a-candidata-a-medalha-de-ouro-imane-khelif-em-meio-a-equivocos-de-genero\/"},"modified":"2024-08-07T15:45:02","modified_gmt":"2024-08-07T15:45:02","slug":"argelinos-apoiam-a-candidata-a-medalha-de-ouro-imane-khelif-em-meio-a-equivocos-de-genero","status":"publish","type":"post","link":"https:\/\/tvbrazilusa.com\/pt\/2024\/08\/07\/argelinos-apoiam-a-candidata-a-medalha-de-ouro-imane-khelif-em-meio-a-equivocos-de-genero\/","title":{"rendered":"Argelinos apoiam a candidata \u00e0 medalha de ouro Imane Khelif em meio a equ\u00edvocos de g\u00eanero"},"content":{"rendered":"<script async src=\"https:\/\/pagead2.googlesyndication.com\/pagead\/js\/adsbygoogle.js?client=ca-pub-8864793242727901\"\r\n     crossorigin=\"anonymous\"><\/script>\n<div id=\"\">\n<p class=\"dist__Box-sc-1fnzlkn-0 dist__TextBase-sc-1fnzlkn-3 CGHCP htMUPQ article-text\"><strong>AIN MESBAH<\/strong> \u2013 Parentes e vizinhos explodiram em aplausos na ter\u00e7a-feira quando <a href=\"https:\/\/apnews.com\/article\/olympics-2024-imane-khelif-boxing-paris-2eb07d442ffb29a61e09911884dcdaa9\">Imane Khelif da Arg\u00e9lia<\/a> avan\u00e7ou para a final ol\u00edmpica no boxe feminino, <a href=\"https:\/\/apnews.com\/article\/olympics-2024-boxing-imane-khelif-3713dc197cf0d3307fb1c5f13327141d\">ganhando uma decis\u00e3o un\u00e2nime clara<\/a> sobre Janjaem Suwannapheng da Tail\u00e2ndia.<\/p>\n<p class=\"dist__Box-sc-1fnzlkn-0 dist__TextBase-sc-1fnzlkn-3 CGHCP htMUPQ article-text\">Em Ain Mesbah, a cidade rural constru\u00edda com blocos de concreto onde a boxeadora foi criada, legi\u00f5es de apoiadores se reuniram na casa de seu tio para assistir \u00e0 luta de Khelif. Com as luzes das c\u00e2meras de not\u00edcias brilhando sobre a reuni\u00e3o, eles beberam suco de laranja, acenaram bandeiras e assobiaram enquanto Khelif pulava pelo ringue de excita\u00e7\u00e3o por avan\u00e7ar para a luta pela medalha de ouro na sexta-feira.<\/p>\n<p class=\"dist__Box-sc-1fnzlkn-0 dist__TextBase-sc-1fnzlkn-3 CGHCP htMUPQ article-text\">\u201cEntre as quartas de final e as semifinais, est\u00e1vamos nervosos\u201d, disse Rachid Khelif, referindo-se \u00e0 onda de especula\u00e7\u00f5es desinformadas sobre o g\u00eanero de sua sobrinha. \u201cT\u00ednhamos medo de que esses ataques a afetassem psicologicamente. Mas, gra\u00e7as a Deus, vimos Imane em um bom estado de esp\u00edrito.\u201d<\/p>\n<p class=\"dist__Box-sc-1fnzlkn-0 dist__TextBase-sc-1fnzlkn-3 CGHCP htMUPQ article-text\">Poucos argelinos poderiam imaginar que a filha de um soldador de 25 anos da <a href=\"https:\/\/apnews.com\/article\/algeria-drought-rain-tebboune-tiaret-riots-09ce23f4ba235aaf1e3afecc7bfe3574\">Tiaret atingida pela seca<\/a> regi\u00e3o poderia unir a popula\u00e7\u00e3o dessa forma. Mas o pa\u00eds de maioria mu\u00e7ulmana interpretou amplamente a rea\u00e7\u00e3o contra Khelif como um ataque \u00e0 na\u00e7\u00e3o, em vez de dentro do contexto do debate em andamento em muitas na\u00e7\u00f5es ocidentais sobre g\u00eanero, sexo e esportes.<\/p>\n<p class=\"dist__Box-sc-1fnzlkn-0 dist__TextBase-sc-1fnzlkn-3 CGHCP htMUPQ article-text\">Nos jornais do pa\u00eds do Norte da \u00c1frica, na televis\u00e3o e em todas as redes sociais, Khelif se tornou uma hero\u00edna local, celebrada por seus sucessos e defendida em meio a equ\u00edvocos sobre seu g\u00eanero e ao escrut\u00ednio sobre sua elegibilidade para competir.<\/p>\n<p class=\"dist__Box-sc-1fnzlkn-0 dist__TextBase-sc-1fnzlkn-3 CGHCP htMUPQ article-text\">\u201cImane Khelif, a \u00faltima rodada contra o \u00f3dio e o racismo!\u201d, dizia uma manchete de ter\u00e7a-feira no principal jornal argelino Echourouk, que a descreveu como \u201cuma figura ic\u00f4nica no esporte nacional\u201d.<\/p>\n<p class=\"dist__Box-sc-1fnzlkn-0 dist__TextBase-sc-1fnzlkn-3 CGHCP htMUPQ article-text\">Rifka, um influenciador de m\u00eddia social argelino com 5,4 milh\u00f5es de seguidores no Instagram, fez uma postagem no in\u00edcio desta semana mostrando-se viajando de Argel para Paris para transmitir as partidas de Khelif e lendo manchetes sobre os equ\u00edvocos de Elon Musk sobre o g\u00eanero de Khelif.<\/p>\n<p class=\"dist__Box-sc-1fnzlkn-0 dist__TextBase-sc-1fnzlkn-3 CGHCP htMUPQ article-text\">\u201cO qu\u00ea? Este homem n\u00e3o conhece os argelinos\u201d, disse ele.<\/p>\n<p class=\"dist__Box-sc-1fnzlkn-0 dist__TextBase-sc-1fnzlkn-3 CGHCP htMUPQ article-text\">O presidente argelino, Abdelmadjid Tebboune, ligou para Khelif para anim\u00e1-la e apoi\u00e1-la em meio \u00e0s cr\u00edticas.<\/p>\n<p class=\"dist__Box-sc-1fnzlkn-0 dist__TextBase-sc-1fnzlkn-3 CGHCP htMUPQ article-text\">\u201cObrigado, Imane Khelif, por deixar todos os argelinos felizes, com essa qualifica\u00e7\u00e3o forte e maravilhosa para a final\u201d, ele escreveu no X ap\u00f3s sua derrota na semifinal na ter\u00e7a-feira. \u201cTodas as mulheres e homens argelinos est\u00e3o com voc\u00ea.\u201d<\/p>\n<p class=\"dist__Box-sc-1fnzlkn-0 dist__TextBase-sc-1fnzlkn-3 CGHCP htMUPQ article-text\"><a href=\"https:\/\/apnews.com\/article\/olympics-2024-imane-khelif-boxing-gender-7b171980b05bcef2117a7615f212eba9\">Khelif disse no in\u00edcio desta semana<\/a> que a dissemina\u00e7\u00e3o de conceitos err\u00f4neos sobre seu g\u00eanero \u201cprejudica a dignidade humana\u201d e, ao longo das Olimp\u00edadas, tanto os familiares quanto os principais pol\u00edticos da Arg\u00e9lia ecoaram essa descri\u00e7\u00e3o, descrevendo os ataques contra ela como equivocados.<\/p>\n<p class=\"dist__Box-sc-1fnzlkn-0 dist__TextBase-sc-1fnzlkn-3 CGHCP htMUPQ article-text\">Salah Goudjil, presidente do Senado da Arg\u00e9lia, elogiou Khelif na noite de ter\u00e7a-feira por &#8220;sua merecida qualifica\u00e7\u00e3o para a final ol\u00edmpica de 2024, em meio a uma campanha racista de \u00f3dio&#8221;.<\/p>\n<p class=\"dist__Box-sc-1fnzlkn-0 dist__TextBase-sc-1fnzlkn-3 CGHCP htMUPQ article-text\">Khelif, que cresceu com seis irm\u00e3os, nem sempre foi t\u00e3o acolhido, no entanto. Em uma entrevista pr\u00e9-ol\u00edmpica com <a href=\"https:\/\/www.youtube.com\/watch?v=jrODpZ-g_nc\">Canal Arg\u00e9lia<\/a>ela destacou os desafios de crescer em uma comunidade de cria\u00e7\u00e3o de ovelhas, onde muitos vizinhos e familiares n\u00e3o estavam acostumados com meninas praticando certos esportes.<\/p>\n<p class=\"dist__Box-sc-1fnzlkn-0 dist__TextBase-sc-1fnzlkn-3 CGHCP htMUPQ article-text\">\u201cEu venho de uma regi\u00e3o e fam\u00edlia que s\u00e3o conservadoras. O boxe era um esporte s\u00f3 para homens e a coisa mais dif\u00edcil para mim era viajar entre minha vila e a cidade onde eu treinava\u201d, ela disse, contando como ela vendia p\u00e3o na rua.<\/p>\n<p class=\"dist__Box-sc-1fnzlkn-0 dist__TextBase-sc-1fnzlkn-3 CGHCP htMUPQ article-text\">Al\u00e9m da tia de Khelif, o p\u00fablico que assistia \u00e0 sua luta na casa do tio era quase todo de homens. Mas as meninas continuam a treinar na academia de boxe dela, na vizinha Tiaret, a cidade maior para onde ela viajava para treinar durante sua inf\u00e2ncia.<\/p>\n<p class=\"dist__Box-sc-1fnzlkn-0 dist__TextBase-sc-1fnzlkn-3 CGHCP htMUPQ article-text\">Uma bandeira est\u00e1 pendurada na parede atr\u00e1s do ringue de boxe do gin\u00e1sio, ao lado de placas com os dizeres &#8220;N\u00e3o desista&#8221; e &#8220;Tente novamente para vencer&#8221;.<\/p>\n<p class=\"dist__Box-sc-1fnzlkn-0 dist__TextBase-sc-1fnzlkn-3 CGHCP htMUPQ article-text\">\u201cDizemos a Imane Khelif: Continue sua carreira e persiga seu sonho, que \u00e9 ganhar a medalha de ouro\u201d, disse Yousra Messousa, uma jovem que frequenta a academia Tiaret. \u201cImane \u00e9 uma mulher. Ela nasceu menina, viveu como menina e luta boxe como mulher. Cr\u00edticas e ataques n\u00e3o a afetam.\u201d<\/p>\n<p class=\"dist__Box-sc-1fnzlkn-0 dist__TextBase-sc-1fnzlkn-3 CGHCP htMUPQ article-text\">A controv\u00e9rsia sobre o g\u00e9nero e a elegibilidade de Khelif decorre da <a href=\"https:\/\/apnews.com\/article\/olympics-2024-khelif-russia-boxing-b53b1edda21139d14a572bd35ca440e6\">A decis\u00e3o da Associa\u00e7\u00e3o Internacional de Boxe, dominada pela R\u00fassia, de desqualific\u00e1-la<\/a> e um boxeador de Taiwan do campeonato mundial do ano passado. A associa\u00e7\u00e3o disse que a desqualifica\u00e7\u00e3o de Khelif \u2014 que ocorreu depois que ela derrotou uma oponente russa \u2014 foi devido a falhar em um teste n\u00e3o especificado <a href=\"https:\/\/apnews.com\/article\/sex-eligibility-tests-female-athletes-07572d23d409126a8e069cb0bced1706\">teste de elegibilidade<\/a>.<\/p>\n<p class=\"dist__Box-sc-1fnzlkn-0 dist__TextBase-sc-1fnzlkn-3 CGHCP htMUPQ article-text\">Os seus l\u00edderes e procedimentos t\u00eam desde ent\u00e3o <a href=\"https:\/\/apnews.com\/article\/olympics-2024-boxing-imane-khelif-iba-a26248f5285889dae13743f535ef9ed3\">ser atacado<\/a> do Comit\u00ea Ol\u00edmpico Internacional, que h\u00e1 um ano baniu a associa\u00e7\u00e3o ap\u00f3s anos de s\u00e9rias preocupa\u00e7\u00f5es sobre sua transpar\u00eancia financeira e governan\u00e7a de competi\u00e7\u00f5es.<\/p>\n<p class=\"dist__Box-sc-1fnzlkn-0 dist__TextBase-sc-1fnzlkn-3 CGHCP htMUPQ article-text\">O COI chamou os testes feitos em Khelif e Lin de \u201c <a href=\"https:\/\/apnews.com\/article\/olympics-2024-imane-khelif-lin-yuting-boxing-13e9529195585404c7b03c96f97dd634\">impossivelmente falho<\/a>,&#8221; e <a href=\"https:\/\/apnews.com\/article\/olympics-2024-russia-disinformation-khelif-paris-cdabb2945ec9a80f72cb41a48a51d277\">aparentemente outra parte de uma campanha de difama\u00e7\u00e3o alimentada pela R\u00fassia<\/a> direcionado a uma Olimp\u00edada da qual a maioria dos atletas est\u00e1 proibida de competir.<\/p>\n<p class=\"dist__Box-sc-1fnzlkn-0 dist__TextBase-sc-1fnzlkn-3 CGHCP htMUPQ article-text\"><a href=\"https:\/\/apnews.com\/article\/olympics-2024-lqbtq-transgender-boxing-ec1b367c5f09a9b4bc59bf684a713c24\">Tais debates<\/a> sobre identidade de g\u00eanero podem estar animando os Estados Unidos e a Europa, mas s\u00e3o principalmente estrangeiros <a href=\"https:\/\/apnews.com\/hub\/algeria\">Arg\u00e9lia<\/a>. Abdelkader Bezaiz, um treinador do centro de boxe de Tiaret, disse \u00e0 Associated Press: \u201cisso s\u00f3 fortalece a determina\u00e7\u00e3o e a vontade de Imane Khelif de provar que ela \u00e9 a campe\u00e3 de boxe destes Jogos de Paris\u201d.<\/p>\n<p class=\"dist__Box-sc-1fnzlkn-0 dist__TextBase-sc-1fnzlkn-3 CGHCP htMUPQ article-text\">\u201cTodo o povo argelino est\u00e1 feliz. Todos estavam esperando por essa vit\u00f3ria\u201d, disse o primo de Khelif, Walid Djobar. \u201cEspero mesmo que ela ganhe a medalha de ouro e tenho a sensa\u00e7\u00e3o de que ela vai traz\u00ea-la para casa.\u201d<\/p>\n<p class=\"dist__Box-sc-1fnzlkn-0 dist__TextBase-sc-1fnzlkn-3 CGHCP htMUPQ article-text\">___<\/p>\n<p class=\"dist__Box-sc-1fnzlkn-0 dist__TextBase-sc-1fnzlkn-3 CGHCP htMUPQ article-text\">Esta hist\u00f3ria foi corrigida para mostrar que Imane Khelif tem seis, n\u00e3o cinco, irm\u00e3os.<\/p>\n<p class=\"dist__Box-sc-1fnzlkn-0 dist__TextBase-sc-1fnzlkn-3 CGHCP htMUPQ article-text\">___<\/p>\n<p class=\"dist__Box-sc-1fnzlkn-0 dist__TextBase-sc-1fnzlkn-3 CGHCP htMUPQ article-text\">O redator esportivo da AP Greg Beacham em Paris contribuiu para esta reportagem. Metz relatou de Rabat, Marrocos.<\/p>\n<\/div>\n<p>Copyright 2024 The Associated Press. Todos os direitos reservados. Este material n\u00e3o pode ser publicado, transmitido, reescrito ou redistribu\u00eddo sem permiss\u00e3o.<\/p>\n<p><br \/>\n<br \/><a href=\"https:\/\/www.clickorlando.com\/news\/2024\/08\/07\/algerians-rally-behind-gold-medal-hopeful-imane-khelif-amid-gender-misconceptions\/\">Source link <\/a><\/p>","protected":false},"excerpt":{"rendered":"<p>AIN MESBAH \u2013 Parentes e vizinhos explodiram em aplausos na ter\u00e7a-feira quando Imane Khelif da Arg\u00e9lia avan\u00e7ou para a final ol\u00edmpica no boxe feminino, ganhando uma decis\u00e3o un\u00e2nime clara sobre&hellip;<\/p>","protected":false},"author":1,"featured_media":19040,"comment_status":"closed","ping_status":"open","sticky":false,"template":"","format":"standard","meta":{"content-type":"","footnotes":""},"categories":[1],"tags":[1463,1419],"class_list":["post-19039","post","type-post","status-publish","format-standard","has-post-thumbnail","hentry","category-uncategorized","tag-esportes","tag-noticias-do-mundo"],"_links":{"self":[{"href":"https:\/\/tvbrazilusa.com\/pt\/wp-json\/wp\/v2\/posts\/19039","targetHints":{"allow":["GET"]}}],"collection":[{"href":"https:\/\/tvbrazilusa.com\/pt\/wp-json\/wp\/v2\/posts"}],"about":[{"href":"https:\/\/tvbrazilusa.com\/pt\/wp-json\/wp\/v2\/types\/post"}],"author":[{"embeddable":true,"href":"https:\/\/tvbrazilusa.com\/pt\/wp-json\/wp\/v2\/users\/1"}],"replies":[{"embeddable":true,"href":"https:\/\/tvbrazilusa.com\/pt\/wp-json\/wp\/v2\/comments?post=19039"}],"version-history":[{"count":1,"href":"https:\/\/tvbrazilusa.com\/pt\/wp-json\/wp\/v2\/posts\/19039\/revisions"}],"predecessor-version":[{"id":19041,"href":"https:\/\/tvbrazilusa.com\/pt\/wp-json\/wp\/v2\/posts\/19039\/revisions\/19041"}],"wp:featuredmedia":[{"embeddable":true,"href":"https:\/\/tvbrazilusa.com\/pt\/wp-json\/wp\/v2\/media\/19040"}],"wp:attachment":[{"href":"https:\/\/tvbrazilusa.com\/pt\/wp-json\/wp\/v2\/media?parent=19039"}],"wp:term":[{"taxonomy":"category","embeddable":true,"href":"https:\/\/tvbrazilusa.com\/pt\/wp-json\/wp\/v2\/categories?post=19039"},{"taxonomy":"post_tag","embeddable":true,"href":"https:\/\/tvbrazilusa.com\/pt\/wp-json\/wp\/v2\/tags?post=19039"}],"curies":[{"name":"wp","href":"https:\/\/api.w.org\/{rel}","templated":true}]}}