{"id":19107,"date":"2024-08-07T17:02:26","date_gmt":"2024-08-07T17:02:26","guid":{"rendered":"https:\/\/tvbrazilusa.com\/2024\/08\/07\/adam-schefter-explicou-a-decisao-dos-patriots-de-optar-por-nao-participar-das-negociacoes-comerciais-de-brandon-aiyuk\/"},"modified":"2024-08-07T17:13:25","modified_gmt":"2024-08-07T17:13:25","slug":"adam-schefter-explicou-a-decisao-dos-patriots-de-optar-por-nao-participar-das-negociacoes-comerciais-de-brandon-aiyuk","status":"publish","type":"post","link":"https:\/\/tvbrazilusa.com\/pt\/2024\/08\/07\/adam-schefter-explicou-a-decisao-dos-patriots-de-optar-por-nao-participar-das-negociacoes-comerciais-de-brandon-aiyuk\/","title":{"rendered":"Adam Schefter explicou a decis\u00e3o dos Patriots de optar por n\u00e3o participar das negocia\u00e7\u00f5es comerciais de Brandon Aiyuk"},"content":{"rendered":"<p> <script async src=\"https:\/\/pagead2.googlesyndication.com\/pagead\/js\/adsbygoogle.js?client=ca-pub-8864793242727901\"\r\n     crossorigin=\"anonymous\"><\/script><br \/>\n<\/p>\n<div id=\"\">\n<header class=\"m-article-header m-article-header--standard\">\n\t\t\t\t\t\t\t\t\t\t\t\t<span id=\"article-header-primary-term\"><br \/>\n\t\t\t\t\t\t\t\t<a class=\"a-term a-term--primary\" href=\"https:\/\/www.boston.com\/tag\/new-england-patriots\/\"><\/p>\n<p>\t\t\t\t\t\t\t\tPatriotas\t\t\t\t\t\t\t\t<\/a><br \/>\n\t\t\t\t\t\t\t<\/span><\/p>\n<h2 class=\"m-article-header__sub-headline\">&#8220;Quanto mais isso durava, pior eles se sentiam.&#8221;<\/h2>\n<figure class=\"a-photo m-article-header__photo\"><figcaption class=\"a-photo__caption\">\n<p>\tBrandon Aiyuk jogando pelos 49ers em janeiro de 2024.<em> Foto AP\/Jed Jacobsohn<\/em>\t<\/figcaption><\/figure>\n<\/header>\n<p>O <a href=\"https:\/\/www.boston.com\/tag\/new-england-patriots\/?p1=header_subnav\">Patriotas<\/a> estavam prestes a ser uma das equipes competindo para tentar adquirir o wide receiver do 49ers, Brandon Aiyuk, em uma troca, mas supostamente deixaram o acordo de lado.<\/p>\n<p>De acordo com <a href=\"https:\/\/x.com\/AdamSchefter\/status\/1821006541660491845\">Adam Schefter da ESPN<\/a>Nova Inglaterra &#8220;<a href=\"https:\/\/www.boston.com\/sports\/new-england-patriots\/2024\/08\/06\/brandon-aiyuk-trade-rumors-new-england-patriots-san-francisco-49ers\/?p1=hp_secondary\">decidiu n\u00e3o explorar mais possibilidades comerciais<\/a>\u201d envolvendo Aiyuk. Exatamente por que os Patriots desistiram da busca por um acordo n\u00e3o ficou imediatamente aparente, mas Schefter depois ofereceu alguns detalhes adicionais.<\/p>\n<p>Falando durante um <a href=\"https:\/\/youtu.be\/75nI8sXfMtI?si=crt3PXWBdOJQDEBN\">Entrevista no SportsCenter<\/a> na noite de ter\u00e7a-feira, Schefter descreveu o processo de pensamento dos Patriots em rela\u00e7\u00e3o a Aiyuk.<\/p>\n<p>\u201cA New England tinha os par\u00e2metros de uma troca em vigor com San Francisco. Esse n\u00e3o era o problema\u201d, explicou Schefter. \u201cMas eles n\u00e3o estavam tendo uma \u00f3tima vibra\u00e7\u00e3o aqui enquanto tentavam conduzir a comunica\u00e7\u00e3o com Brandon Aiyuk e seu agente. <\/p>\n<p>\u201cQuanto mais isso durava, pior eles se sentiam sobre isso\u201d, ele acrescentou. \u201cEventualmente, eles disseram: &#39;O que estamos fazendo aqui? Vamos apenas focar nos jovens recebedores que temos.&#39; Eles sentem que est\u00e3o animados com eles.\u201d<\/p>\n<figure class=\"wp-block-embed is-type-video is-provider-youtube wp-block-embed-youtube wp-embed-aspect-16-9 wp-has-aspect-ratio\">\n<p>\n<iframe title=\"Adam Schefter breaks down why the Patriots pulled out of Brandon Aiyuk trade talks | SportsCenter\" width=\"1170\" height=\"658\" src=\"https:\/\/www.youtube.com\/embed\/75nI8sXfMtI?feature=oembed\" frameborder=\"0\" allow=\"accelerometer; autoplay; clipboard-write; encrypted-media; gyroscope; picture-in-picture; web-share\" referrerpolicy=\"strict-origin-when-cross-origin\" allowfullscreen><\/iframe>\n<\/p>\n<\/figure>\n<p>Os Patriots atualmente t\u00eam os wide receivers novatos Ja&#39;Lynn Polk e Javon Baker trabalhando em seus primeiros campos de treinamento da NFL. A Nova Inglaterra tamb\u00e9m tem os wide receivers mais jovens DeMario Douglas, Kayshon Boutte, Jalen Raegor e Tyquan Thornton entre uma lista de profundidade lotada na posi\u00e7\u00e3o.<\/p>\n<p>Schefter observou que a mudan\u00e7a foi uma decis\u00e3o consciente da diretoria da Nova Inglaterra de n\u00e3o tentar for\u00e7ar algo s\u00f3 por for\u00e7ar.<\/p>\n<p>\u201cEm vez de ir em frente e abrir m\u00e3o de uma grande quantia de compensa\u00e7\u00e3o para os 49ers \u2014 depois ou antes de abrir m\u00e3o do que seria um grande contrato para Brandon Aiyuk, que ele n\u00e3o pareceu muito receptivo a receber \u2014 eles disseram: &#39;Vamos ficar parados e recuar.&#39; Ent\u00e3o, os Patriots desistiram e n\u00e3o buscar\u00e3o mais nenhuma troca por Brandon Aiyuk.\u201d<\/p>\n<div class=\"m-block m-generic-cta\t m-generic-cta--post-content\t m-generic-cta--dark\t m-generic-cta--homepage\t m-generic-cta--email-signup\t\t m-generic-cta-block-style--default \tt-amp__generic-cta\"><\/p>\n<div class=\"m-generic-cta__wrap\">\n<div class=\"m-generic-cta__content\">\n<h3 class=\"m-generic-cta__title\">Inscreva-se para receber atualiza\u00e7\u00f5es dos Patriots\ud83c\udfc8<\/h3>\n<p class=\"m-generic-cta__subtitle\">Receba not\u00edcias de \u00faltima hora e an\u00e1lises na sua caixa de entrada durante a temporada de futebol.<\/p>\n<\/p><\/div>\n<\/p><\/div>\n<\/div><\/div>\n<p><script>\n\t\tvar consent=\"grant\";\n\t\t\/* The above code is parsing the JSON data from the local storage and storing it in a variable. *\/\n\t\t\t\t\tconst onetrustStorageConsent = JSON.parse(localStorage.getItem( 'consent_one_trust_bdc' ) );\n\t\t\tif ( ( onetrustStorageConsent !== null ) ) {\n\t\t\t\t\/* Checking to see if the user has consented to the use of cookies.\n\t\t\t\t* If they have not, it is deleting the cookie.\n\t\t\t\t* This will comment for now, until further notice.\n\t\t\t\t*\/\n\t\t\t\t\/\/if ( onetrustStorageConsent.C0002 === false ) {\n\t\t\t\t\/\/\tdocument.cookie=\"_fbp=;expires=Thu, 01 Jan 2010 00:00:00 UTC; path=\/; domain=.boston.com\";\n\t\t\t\t\/\/}\n\t\t\t\t\/* Checking if the user has given consent for the cookie C0002.\n\t\t\t\t* If the user has given consent, the variable consent will be set to 'grant'.\n\t\t\t\t* If the user has not given consent,the variable consent will be set to 'revoke'.\n\t\t\t\t* Documentation https:\/\/developers.facebook.com\/docs\/meta-pixel\/implementation\/gdpr\n\t\t\t\t*\/\n\t\t\t\tif ( onetrustStorageConsent.C0002 !== true ) {\n\t\t\t\t\tconsent=\"revoke\";\n\t\t\t\t}\n\t\t\t}\n\t\t\t\t!function(f,b,e,v,n,t,s)\n\t\t{if(f.fbq)return;n=f.fbq=function(){n.callMethod?\n\t\tn.callMethod.apply(n,arguments):n.queue.push(arguments)};\n\t\tif(!f._fbq)f._fbq=n;n.push=n;n.loaded=!0;n.version='2.0';\n\t\tn.queue=[];t=b.createElement(e);t.async=!0;\n\t\tt.src=v;s=b.getElementsByTagName(e)[0];\n\t\ts.parentNode.insertBefore(t,s)}(window, document,'script',\n\t\t'https:\/\/connect.facebook.net\/en_US\/fbevents.js');\n\t\tfbq('consent', consent);\n\t\tfbq('init', '989222871864976');\n\t\tfbq('track', 'PageView');\n\t<\/script><script type=\"module\">\n\t\tvar consent=\"grant\";\n\t\t\/* The above code is parsing the JSON data from the local storage and storing it in a variable. *\/\n\t\t\tconst onetrustStorageConsent = JSON.parse(localStorage.getItem( 'consent_one_trust_bdc' ) );\n\t\t\t\/* Checking to see if the user has consented to the use of cookies.\n\t\t\t* If they have not, it is deleting the cookie.\n\t\t\t* This will comment for now, until further notice.\n\t\t\t*\/\n\t\t\t\/\/if ( onetrustStorageConsent.C0002 === false ) {\n\t\t\t\/\/\tdocument.cookie=\"_fbp=;expires=Thu, 01 Jan 2010 00:00:00 UTC; path=\/; domain=.boston.com\";\n\t\t\t\/\/}\n\t\t\t\/* Checking if the user has given consent for the cookie C0002.\n\t\t\t* If the user has given consent, the variable consent will be set to 'grant'.\n\t\t\t* If the user has not given consent,the variable consent will be set to 'revoke'.\n\t\t\t* Documentation https:\/\/developers.facebook.com\/docs\/meta-pixel\/implementation\/gdpr\n\t\t\t*\/\n\t\t\tif ( ( onetrustStorageConsent !== null ) && (onetrustStorageConsent.C0002 !== true ) ) {\n\t\t\t\tconsent=\"revoke\";\n\t\t\t}\n\t\t\t\t!function(f,b,e,v,n,t,s){if(f.fbq)return;n=f.fbq=function()\n\t\t{n.callMethod? n.callMethod.apply(n,arguments):n.queue.push(arguments)}\n\t\t;if(!f._fbq)f._fbq=n;\n\t\tn.push=n;n.loaded=!0;n.version='2.0';n.queue=[];t=b.createElement(e);t.async=!0;\n\t\tt.src=v;s=b.getElementsByTagName(e)[0];s.parentNode.insertBefore(t,s)}(window,\n\t\tdocument,'script','https:\/\/connect.facebook.net\/en_US\/fbevents.js');\n\t\tfbq('consent', consent);\n\t\tfbq('init', '813236348753005');\n\t\tfbq('track', \"PageView\");\n\t<\/script><br \/>\n<br \/><br \/>\n<br \/><a href=\"https:\/\/www.boston.com\/sports\/new-england-patriots\/2024\/08\/07\/patriots-brandon-aiyuk-trade-report-adam-schefter\/\">Source link <\/a><\/p>","protected":false},"excerpt":{"rendered":"<p>Patriotas &#8220;Quanto mais isso durava, pior eles se sentiam.&#8221; Brandon Aiyuk jogando pelos 49ers em janeiro de 2024. Foto AP\/Jed Jacobsohn O Patriotas estavam prestes a ser uma das equipes&hellip;<\/p>","protected":false},"author":1,"featured_media":19108,"comment_status":"closed","ping_status":"open","sticky":false,"template":"","format":"standard","meta":{"content-type":"","footnotes":""},"categories":[1],"tags":[],"class_list":["post-19107","post","type-post","status-publish","format-standard","has-post-thumbnail","hentry","category-uncategorized"],"_links":{"self":[{"href":"https:\/\/tvbrazilusa.com\/pt\/wp-json\/wp\/v2\/posts\/19107","targetHints":{"allow":["GET"]}}],"collection":[{"href":"https:\/\/tvbrazilusa.com\/pt\/wp-json\/wp\/v2\/posts"}],"about":[{"href":"https:\/\/tvbrazilusa.com\/pt\/wp-json\/wp\/v2\/types\/post"}],"author":[{"embeddable":true,"href":"https:\/\/tvbrazilusa.com\/pt\/wp-json\/wp\/v2\/users\/1"}],"replies":[{"embeddable":true,"href":"https:\/\/tvbrazilusa.com\/pt\/wp-json\/wp\/v2\/comments?post=19107"}],"version-history":[{"count":1,"href":"https:\/\/tvbrazilusa.com\/pt\/wp-json\/wp\/v2\/posts\/19107\/revisions"}],"predecessor-version":[{"id":19109,"href":"https:\/\/tvbrazilusa.com\/pt\/wp-json\/wp\/v2\/posts\/19107\/revisions\/19109"}],"wp:featuredmedia":[{"embeddable":true,"href":"https:\/\/tvbrazilusa.com\/pt\/wp-json\/wp\/v2\/media\/19108"}],"wp:attachment":[{"href":"https:\/\/tvbrazilusa.com\/pt\/wp-json\/wp\/v2\/media?parent=19107"}],"wp:term":[{"taxonomy":"category","embeddable":true,"href":"https:\/\/tvbrazilusa.com\/pt\/wp-json\/wp\/v2\/categories?post=19107"},{"taxonomy":"post_tag","embeddable":true,"href":"https:\/\/tvbrazilusa.com\/pt\/wp-json\/wp\/v2\/tags?post=19107"}],"curies":[{"name":"wp","href":"https:\/\/api.w.org\/{rel}","templated":true}]}}