{"id":19148,"date":"2024-08-07T18:11:02","date_gmt":"2024-08-07T18:11:02","guid":{"rendered":"https:\/\/tvbrazilusa.com\/2024\/08\/07\/nikolas-ferreira-mostra-que-nao-cometeu-fake-contra-polemica-lutadora-de-boxe-veja-video\/"},"modified":"2024-08-07T18:13:58","modified_gmt":"2024-08-07T18:13:58","slug":"nikolas-ferreira-mostra-que-nao-cometeu-fake-contra-polemica-lutadora-de-boxe-veja-video","status":"publish","type":"post","link":"https:\/\/tvbrazilusa.com\/pt\/2024\/08\/07\/nikolas-ferreira-mostra-que-nao-cometeu-fake-contra-polemica-lutadora-de-boxe-veja-video\/","title":{"rendered":"Nikolas Ferreira mostra que n\u00e3o cometeu fake contra pol\u00eamica lutadora de boxe; VEJA V\u00cdDEO"},"content":{"rendered":"<p> <script async src=\"https:\/\/pagead2.googlesyndication.com\/pagead\/js\/adsbygoogle.js?client=ca-pub-8864793242727901\"\r\n     crossorigin=\"anonymous\"><\/script><br \/>\n<\/p>\n<div>\n<p><em>foto: reprodu\u00e7\u00e3o <\/em><\/p>\n<p>O deputado federal <strong>Nikolas Ferreira<\/strong> (PL-MG) utilizou suas redes sociais para esclarecer publicamente que n\u00e3o divulgou not\u00edcias falsas sobre a boxeadora argelina <strong>Imane Khelif<\/strong>. Em um v\u00eddeo, Nikolas rebateu as acusa\u00e7\u00f5es e ironizou os coment\u00e1rios feitos contra suas cr\u00edticas.<\/p>\n<p>Em seu comunicado, Nikolas fez quest\u00e3o de afirmar que os ataques recebidos foram infundados. A pol\u00eamica ao redor da identidade de g\u00eanero de Imane Khelif tomou grande propor\u00e7\u00e3o e, segundo o deputado, a m\u00eddia e a esquerda aproveitaram a situa\u00e7\u00e3o para atac\u00e1-lo injustamente.<\/p>\n<blockquote class=\"instagram-media\" data-instgrm-captioned=\"\" data-instgrm-permalink=\"https:\/\/www.instagram.com\/reel\/C-WS_RxpNoo\/?utm_source=ig_embed&#038;utm_campaign=loading\" data-instgrm-version=\"14\" style=\" background:#FFF; border:0; border-radius:3px; box-shadow:0 0 1px 0 rgba(0,0,0,0.5),0 1px 10px 0 rgba(0,0,0,0.15); margin: 1px; max-width:540px; min-width:326px; padding:0; width:99.375%; width:-webkit-calc(100% - 2px); width:calc(100% - 2px);\"\/>\n<h2 class=\"wp-block-heading\">Nikolas Ferreira responde \u00e0s acusa\u00e7\u00f5es de fake news<\/h2>\n<p>No v\u00eddeo, Nikolas disse o seguinte: \u201cO dia que eu iria ser pego por fake news\u2026 esse dia n\u00e3o chegou! E eu te explico: a esquerda passou dias me atacando, dizendo: \u2018Nikolas, voc\u00ea cometeu fake news\u2019. Ser\u00e1 mesmo? Todo mundo, durante essa semana, ficou com essa pol\u00eamica: se a boxeadora era homem ou era mulher.\u201d<\/p>\n<p>Essa quest\u00e3o causou grande repercuss\u00e3o, e tantos os apoiadores quanto os opositores do parlamentar aguardaram a coletiva de imprensa da <strong>Associa\u00e7\u00e3o Internacional de Boxe (IBA)<\/strong> para esclarecimentos.<\/p>\n<h2 class=\"wp-block-heading\">O que a IBA disse sobre Imane Khelif?<\/h2>\n<p>Na segunda-feira (5), a IBA realizou uma coletiva de imprensa para abordar a desclassifica\u00e7\u00e3o de Imane Khelif, da Arg\u00e9lia, e Lin Yu-ting, de Taiwan. Segundo a entidade, testes gen\u00e9ticos confirmaram que ambas as atletas n\u00e3o s\u00e3o mulheres biol\u00f3gicas.<\/p>\n<p>Os exames gen\u00e9ticos, realizados em maio de 2022 no Sistem Tip Laboratory em Istambul, revelaram que as amostras geneticamente n\u00e3o cumpriam os crit\u00e9rios de elegibilidade para competi\u00e7\u00f5es femininas. Um segundo teste, conduzido em mar\u00e7o de 2023 no Dr. Lal PathLabs de Nova D\u00e9li, confirmou os resultados.<\/p>\n<h2 class=\"wp-block-heading\">Quais s\u00e3o os crit\u00e9rios da IBA para competi\u00e7\u00f5es?<\/h2>\n<p>A Associa\u00e7\u00e3o Internacional de Boxe declarou que as competi\u00e7\u00f5es s\u00e3o conduzidas exclusivamente entre atletas masculinos e femininos, conforme a defini\u00e7\u00e3o de homem e mulher baseada nos cromossomos XY e XX, respectivamente. A IBA enfatizou que essas regras visam garantir a seguran\u00e7a e a justi\u00e7a nas competi\u00e7\u00f5es.<\/p>\n<ul class=\"wp-block-list\">\n<li>O teste gen\u00e9tico de 2022 foi conduzido em Istambul.<\/li>\n<li>Resultados dos testes confirmaram a n\u00e3o conformidade com os crit\u00e9rios femininos.<\/li>\n<li>Novo teste em 2023 em Nova D\u00e9li confirmou os resultados anteriores.<\/li>\n<li>Testes s\u00e3o protegidos por dados pessoais e n\u00e3o podem ser publicados sem consentimento.<\/li>\n<li>IBA alterou regras em 2023 para refor\u00e7ar os crit\u00e9rios de elegibilidade.<\/li>\n<\/ul>\n<p>\u00a0<\/p>\n<p>Os testes afetaram profundamente a vida das atletas. A IBA destacou que esses exames tocavam aspectos \u00edntimos e protegidos por lei, n\u00e3o podendo ser divulgados sem o consentimento das atletas. Contudo, nem Imane Khelif nem Lin Yu-ting jamais contestaram os resultados.<\/p>\n<h2 class=\"wp-block-heading\">Por que essa mudan\u00e7a nas regras da IBA \u00e9 importante?<\/h2>\n<p>A decis\u00e3o da IBA de modificar suas regras foi baseada na preocupa\u00e7\u00e3o com a seguran\u00e7a das atletas. Permitir que boxeadoras com diferen\u00e7as de desenvolvimento sexual competissem com outras poderia resultar em riscos \u00e0 integridade f\u00edsica nas lutas, conforme evidenciado durante os Jogos Ol\u00edmpicos.<\/p>\n<p>Nikolas Ferreira, ao comentar o caso, aproveitou para frisar que a d\u00favida em torno da identidade de g\u00eanero de Imane Khelif foi mal utilizada por seus opositores, que procuravam acus\u00e1-lo injustamente de disseminar fake news.<\/p>\n<p>Para conferir o coment\u00e1rio completo de Nikolas Ferreira sobre o caso, acesse suas redes sociais.<\/p>\n<p>\u00a0<\/p>\n<p>\u00a0<\/p>\n<p>\u00a0<\/p>\n<p>\u00a0<\/p>\n<p>\u00a0<\/p>\n<p>\u00a0<\/p>\n<\/p><\/div>\n<p><script async src=\"\/\/www.instagram.com\/embed.js\"><\/script><br \/>\n<br \/><br \/>\n<br \/><a href=\"https:\/\/terrabrasilnoticias.com\/2024\/08\/nikolas-ferreira-mostra-que-nao-cometeu-fake-contra-polemica-lutadora-de-boxe-veja-video\/\">Source link <\/a><\/p>","protected":false},"excerpt":{"rendered":"<p>foto: reprodu\u00e7\u00e3o O deputado federal Nikolas Ferreira (PL-MG) utilizou suas redes sociais para esclarecer publicamente que n\u00e3o divulgou not\u00edcias falsas sobre a boxeadora argelina Imane Khelif. Em um v\u00eddeo, Nikolas&hellip;<\/p>","protected":false},"author":1,"featured_media":19149,"comment_status":"closed","ping_status":"open","sticky":false,"template":"","format":"standard","meta":{"content-type":"","footnotes":""},"categories":[16],"tags":[],"class_list":["post-19148","post","type-post","status-publish","format-standard","has-post-thumbnail","hentry","category-noticias"],"_links":{"self":[{"href":"https:\/\/tvbrazilusa.com\/pt\/wp-json\/wp\/v2\/posts\/19148","targetHints":{"allow":["GET"]}}],"collection":[{"href":"https:\/\/tvbrazilusa.com\/pt\/wp-json\/wp\/v2\/posts"}],"about":[{"href":"https:\/\/tvbrazilusa.com\/pt\/wp-json\/wp\/v2\/types\/post"}],"author":[{"embeddable":true,"href":"https:\/\/tvbrazilusa.com\/pt\/wp-json\/wp\/v2\/users\/1"}],"replies":[{"embeddable":true,"href":"https:\/\/tvbrazilusa.com\/pt\/wp-json\/wp\/v2\/comments?post=19148"}],"version-history":[{"count":1,"href":"https:\/\/tvbrazilusa.com\/pt\/wp-json\/wp\/v2\/posts\/19148\/revisions"}],"predecessor-version":[{"id":19150,"href":"https:\/\/tvbrazilusa.com\/pt\/wp-json\/wp\/v2\/posts\/19148\/revisions\/19150"}],"wp:featuredmedia":[{"embeddable":true,"href":"https:\/\/tvbrazilusa.com\/pt\/wp-json\/wp\/v2\/media\/19149"}],"wp:attachment":[{"href":"https:\/\/tvbrazilusa.com\/pt\/wp-json\/wp\/v2\/media?parent=19148"}],"wp:term":[{"taxonomy":"category","embeddable":true,"href":"https:\/\/tvbrazilusa.com\/pt\/wp-json\/wp\/v2\/categories?post=19148"},{"taxonomy":"post_tag","embeddable":true,"href":"https:\/\/tvbrazilusa.com\/pt\/wp-json\/wp\/v2\/tags?post=19148"}],"curies":[{"name":"wp","href":"https:\/\/api.w.org\/{rel}","templated":true}]}}