{"id":19234,"date":"2024-08-07T21:09:57","date_gmt":"2024-08-07T21:09:57","guid":{"rendered":"https:\/\/tvbrazilusa.com\/2024\/08\/07\/promotor-e-preso-pela-pf-por-cobrar-propina-de-r-3-milhoes-para-arquivar-investigacao\/"},"modified":"2024-08-07T21:10:11","modified_gmt":"2024-08-07T21:10:11","slug":"promotor-e-preso-pela-pf-por-cobrar-propina-de-r-3-milhoes-para-arquivar-investigacao","status":"publish","type":"post","link":"https:\/\/tvbrazilusa.com\/pt\/2024\/08\/07\/promotor-e-preso-pela-pf-por-cobrar-propina-de-r-3-milhoes-para-arquivar-investigacao\/","title":{"rendered":"Promotor \u00e9 preso pela PF por cobrar propina de R$ 3 milh\u00f5es para arquivar investiga\u00e7\u00e3o"},"content":{"rendered":"<p> <script async src=\"https:\/\/pagead2.googlesyndication.com\/pagead\/js\/adsbygoogle.js?client=ca-pub-8864793242727901\"\r\n     crossorigin=\"anonymous\"><\/script><br \/>\n<\/p>\n<div>\n<p><em>foto: reprodu\u00e7\u00e3o <\/em><\/p>\n<p>Na manh\u00e3 desta quarta-feira, 07 de agosto de 2024, a Pol\u00edcia Federal (PF) deflagrou uma opera\u00e7\u00e3o em Teresina que resultou na pris\u00e3o de um promotor de justi\u00e7a. O promotor \u00e9 suspeito de exigir vantagens indevidas para arquivar uma investiga\u00e7\u00e3o contra um empres\u00e1rio local.<\/p>\n<p>A opera\u00e7\u00e3o, denominada \u201cIscariotes\u201d, foi executada por uma colabora\u00e7\u00e3o entre a PF e o Minist\u00e9rio P\u00fablico do Estado do Piau\u00ed, atrav\u00e9s da Procuradoria-Geral de Justi\u00e7a (PGJ\/MPPI). As informa\u00e7\u00f5es preliminares indicam que o promotor teria solicitado R$ 3 milh\u00f5es para encerrar a investiga\u00e7\u00e3o.<\/p>\n<h2 class=\"wp-block-heading\">O Caso de Extors\u00e3o Envolvendo o Promotor<\/h2>\n<p>O empres\u00e1rio que foi alvo da tentativa de extors\u00e3o procurou a Pol\u00edcia Federal para denunciar o ocorrido. Segundo a v\u00edtima, o promotor o abordou em um restaurante, fornecendo um curto prazo para que o pagamento fosse feito e assim cessasse a investiga\u00e7\u00e3o.<\/p>\n<p>Considerando que se tratava de um servidor com prerrogativas devido ao cargo, o incidente foi comunicado ao Procurador-Geral de Justi\u00e7a do Estado do Piau\u00ed, respons\u00e1vel por investigar membros do Minist\u00e9rio P\u00fablico. A PF foi acionada imediatamente, devido \u00e0 imin\u00eancia da entrega do dinheiro.<\/p>\n<h2 class=\"wp-block-heading\">Como a Opera\u00e7\u00e3o Foi Realizada?<\/h2>\n<p>Ap\u00f3s dias de investiga\u00e7\u00f5es intensas, a equipe conseguiu comprovar os relatos do empres\u00e1rio. Os investigadores conseguiram at\u00e9 registrar o recebimento de parte do valor solicitado pelo promotor. Com essas evid\u00eancias em m\u00e3os, o Tribunal de Justi\u00e7a do Piau\u00ed emitiu mandados de busca e apreens\u00e3o contra o promotor.<\/p>\n<h2 class=\"wp-block-heading\">Quais as Consequ\u00eancias Jur\u00eddicas para o Promotor?<\/h2>\n<p>Se confirmadas as acusa\u00e7\u00f5es, o promotor poder\u00e1 responder por concuss\u00e3o. Este crime se define pela exig\u00eancia de vantagens indevidas, usando da fun\u00e7\u00e3o p\u00fablica para benef\u00edcio pr\u00f3prio ou alheio. A pena pode ser severa, principalmente considerando a posi\u00e7\u00e3o ocupada pelo acusado.<\/p>\n<p><strong>Resumo dos Fatorem Chamando Aten\u00e7\u00e3o:<\/strong><\/p>\n<ul class=\"wp-block-list\">\n<li>Opera\u00e7\u00e3o Iscariotes realizada pelo PF e MPPI.<\/li>\n<li>Pris\u00e3o de promotor suspeito de extors\u00e3o.<\/li>\n<li>Pedido de R$ 3 milh\u00f5es para arquivar investiga\u00e7\u00e3o.<\/li>\n<li>Mandado de busca e apreens\u00e3o emitido.<\/li>\n<li>Crime de concuss\u00e3o envolvido.<\/li>\n<\/ul>\n<p>\u00a0<\/p>\n<h2 class=\"wp-block-heading\">Opera\u00e7\u00e3o Iscariotes: Qual \u00e9 a Origem do Nome?<\/h2>\n<p>A escolha do nome \u201cIscariotes\u201d faz refer\u00eancia a Judas Iscariotes, conhecido por trair Jesus Cristo. Analogamente, o promotor, incumbido de manter a lei, traiu a confian\u00e7a depositada nele pelo Estado e pela institui\u00e7\u00e3o que representa, assim como Judas traiu Jesus.<\/p>\n<p>No cumprimento dos mandados de busca e apreens\u00e3o, a Pol\u00edcia Federal apreendeu R$ 900 mil, valor que se acredita ser parte do montante exigido. Esta a\u00e7\u00e3o r\u00e1pida demonstra a efic\u00e1cia da coopera\u00e7\u00e3o entre diversas entidades de investiga\u00e7\u00e3o no Piau\u00ed.<\/p>\n<h2 class=\"wp-block-heading\">A Import\u00e2ncia da Opera\u00e7\u00e3o para o Estado do Piau\u00ed<\/h2>\n<p>Opera\u00e7\u00f5es como a \u201cIscariotes\u201d s\u00e3o cruciais para manter a integridade e a confian\u00e7a do p\u00fablico nas institui\u00e7\u00f5es governamentais. A pris\u00e3o de um agente p\u00fablico envolvido em corrup\u00e7\u00e3o fortalece a imagem de que ningu\u00e9m est\u00e1 acima da lei e promove um ambiente de justi\u00e7a e equidade.<\/p>\n<p><strong>Crit\u00e9rios para Efetuar Den\u00fancias:<\/strong><\/p>\n<ol class=\"wp-block-list\">\n<li>Recolha todas as evid\u00eancias poss\u00edveis.<\/li>\n<li>Contate as autoridades competentes, como a Pol\u00edcia Federal.<\/li>\n<li>Prossiga conforme orienta\u00e7\u00f5es recebidas pelas autoridades.<\/li>\n<\/ol>\n<p>\u00a0<\/p>\n<p>Este caso serve como exemplo para outros incidentes e incentiva cidad\u00e3os a denunciarem pr\u00e1ticas corruptas, essencial para um sistema judicial justo e correto.<\/p>\n<\/p><\/div>\n<p><br \/>\n<br \/><a href=\"https:\/\/terrabrasilnoticias.com\/2024\/08\/promotor-e-preso-pela-pf-por-cobrar-propina-de-r-3-milhoes-para-arquivar-investigacao\/\">Source link <\/a><\/p>","protected":false},"excerpt":{"rendered":"<p>foto: reprodu\u00e7\u00e3o Na manh\u00e3 desta quarta-feira, 07 de agosto de 2024, a Pol\u00edcia Federal (PF) deflagrou uma opera\u00e7\u00e3o em Teresina que resultou na pris\u00e3o de um promotor de justi\u00e7a. O&hellip;<\/p>","protected":false},"author":1,"featured_media":19235,"comment_status":"closed","ping_status":"open","sticky":false,"template":"","format":"standard","meta":{"content-type":"","footnotes":""},"categories":[16],"tags":[],"class_list":["post-19234","post","type-post","status-publish","format-standard","has-post-thumbnail","hentry","category-noticias"],"_links":{"self":[{"href":"https:\/\/tvbrazilusa.com\/pt\/wp-json\/wp\/v2\/posts\/19234","targetHints":{"allow":["GET"]}}],"collection":[{"href":"https:\/\/tvbrazilusa.com\/pt\/wp-json\/wp\/v2\/posts"}],"about":[{"href":"https:\/\/tvbrazilusa.com\/pt\/wp-json\/wp\/v2\/types\/post"}],"author":[{"embeddable":true,"href":"https:\/\/tvbrazilusa.com\/pt\/wp-json\/wp\/v2\/users\/1"}],"replies":[{"embeddable":true,"href":"https:\/\/tvbrazilusa.com\/pt\/wp-json\/wp\/v2\/comments?post=19234"}],"version-history":[{"count":1,"href":"https:\/\/tvbrazilusa.com\/pt\/wp-json\/wp\/v2\/posts\/19234\/revisions"}],"predecessor-version":[{"id":19236,"href":"https:\/\/tvbrazilusa.com\/pt\/wp-json\/wp\/v2\/posts\/19234\/revisions\/19236"}],"wp:featuredmedia":[{"embeddable":true,"href":"https:\/\/tvbrazilusa.com\/pt\/wp-json\/wp\/v2\/media\/19235"}],"wp:attachment":[{"href":"https:\/\/tvbrazilusa.com\/pt\/wp-json\/wp\/v2\/media?parent=19234"}],"wp:term":[{"taxonomy":"category","embeddable":true,"href":"https:\/\/tvbrazilusa.com\/pt\/wp-json\/wp\/v2\/categories?post=19234"},{"taxonomy":"post_tag","embeddable":true,"href":"https:\/\/tvbrazilusa.com\/pt\/wp-json\/wp\/v2\/tags?post=19234"}],"curies":[{"name":"wp","href":"https:\/\/api.w.org\/{rel}","templated":true}]}}