{"id":19258,"date":"2024-08-07T11:03:00","date_gmt":"2024-08-07T11:03:00","guid":{"rendered":"https:\/\/tvbrazilusa.com\/2024\/08\/07\/conselho-escolar-do-condado-de-henry-nomeia-novo-superintendente\/"},"modified":"2024-08-07T21:39:11","modified_gmt":"2024-08-07T21:39:11","slug":"conselho-escolar-do-condado-de-henry-nomeia-novo-superintendente","status":"publish","type":"post","link":"https:\/\/tvbrazilusa.com\/pt\/2024\/08\/07\/conselho-escolar-do-condado-de-henry-nomeia-novo-superintendente\/","title":{"rendered":"Conselho Escolar do Condado de Henry nomeia novo superintendente"},"content":{"rendered":"<script async src=\"https:\/\/pagead2.googlesyndication.com\/pagead\/js\/adsbygoogle.js?client=ca-pub-8864793242727901\"\r\n     crossorigin=\"anonymous\"><\/script>\n<p>MCDONOUGH \u2014 As Escolas do Condado de Henry t\u00eam um novo superintendente, j\u00e1 que o Conselho de Educa\u00e7\u00e3o aprovou por unanimidade a contrata\u00e7\u00e3o do Dr. John Pace III em uma reuni\u00e3o especial convocada na ter\u00e7a-feira.<br \/>\n<br \/><br \/>\n<br \/><a href=\"https:\/\/www.henryherald.com\/news\/henry-county-school-board-names-new-superintendent\/article_b1bc80ce-54ac-11ef-8989-bbbefd199e44.html\">Source link <\/a><\/p>","protected":false},"excerpt":{"rendered":"<p>MCDONOUGH \u2014 As Escolas do Condado de Henry t\u00eam um novo superintendente, j\u00e1 que o Conselho de Educa\u00e7\u00e3o aprovou por unanimidade a contrata\u00e7\u00e3o do Dr. John Pace III em uma&hellip;<\/p>","protected":false},"author":1,"featured_media":19259,"comment_status":"closed","ping_status":"open","sticky":false,"template":"","format":"standard","meta":{"content-type":"","footnotes":""},"categories":[1],"tags":[],"class_list":["post-19258","post","type-post","status-publish","format-standard","has-post-thumbnail","hentry","category-uncategorized"],"_links":{"self":[{"href":"https:\/\/tvbrazilusa.com\/pt\/wp-json\/wp\/v2\/posts\/19258","targetHints":{"allow":["GET"]}}],"collection":[{"href":"https:\/\/tvbrazilusa.com\/pt\/wp-json\/wp\/v2\/posts"}],"about":[{"href":"https:\/\/tvbrazilusa.com\/pt\/wp-json\/wp\/v2\/types\/post"}],"author":[{"embeddable":true,"href":"https:\/\/tvbrazilusa.com\/pt\/wp-json\/wp\/v2\/users\/1"}],"replies":[{"embeddable":true,"href":"https:\/\/tvbrazilusa.com\/pt\/wp-json\/wp\/v2\/comments?post=19258"}],"version-history":[{"count":1,"href":"https:\/\/tvbrazilusa.com\/pt\/wp-json\/wp\/v2\/posts\/19258\/revisions"}],"predecessor-version":[{"id":19260,"href":"https:\/\/tvbrazilusa.com\/pt\/wp-json\/wp\/v2\/posts\/19258\/revisions\/19260"}],"wp:featuredmedia":[{"embeddable":true,"href":"https:\/\/tvbrazilusa.com\/pt\/wp-json\/wp\/v2\/media\/19259"}],"wp:attachment":[{"href":"https:\/\/tvbrazilusa.com\/pt\/wp-json\/wp\/v2\/media?parent=19258"}],"wp:term":[{"taxonomy":"category","embeddable":true,"href":"https:\/\/tvbrazilusa.com\/pt\/wp-json\/wp\/v2\/categories?post=19258"},{"taxonomy":"post_tag","embeddable":true,"href":"https:\/\/tvbrazilusa.com\/pt\/wp-json\/wp\/v2\/tags?post=19258"}],"curies":[{"name":"wp","href":"https:\/\/api.w.org\/{rel}","templated":true}]}}