{"id":1933,"date":"2024-07-13T23:00:00","date_gmt":"2024-07-13T23:00:00","guid":{"rendered":"https:\/\/tvbrazilusa.com\/?p=1933"},"modified":"2024-07-13T23:08:40","modified_gmt":"2024-07-13T23:08:40","slug":"brilho-de-james-rodriguez-na-copa-america-gera-duvidas-para-o-sao-paulo","status":"publish","type":"post","link":"https:\/\/tvbrazilusa.com\/pt\/2024\/07\/13\/brilho-de-james-rodriguez-na-copa-america-gera-duvidas-para-o-sao-paulo\/","title":{"rendered":"Brilho de James Rodr\u00edguez na Copa Am\u00e9rica gera d\u00favidas para o S\u00e3o Paulo"},"content":{"rendered":"<p> <script async src=\"https:\/\/pagead2.googlesyndication.com\/pagead\/js\/adsbygoogle.js?client=ca-pub-8864793242727901\"\r\n     crossorigin=\"anonymous\"><\/script><br \/>\n<\/p>\n<div>\n<p>O desempenho de James Rodr\u00edguez na Copa Am\u00e9rica tem sido uma surpresa agrad\u00e1vel para os torcedores do S\u00e3o Paulo. Ap\u00f3s uma fase de baixo rendimento no clube, o meio-campista colombiano parece ter encontrado novamente seu melhor futebol, destacando-se como protagonista pela Col\u00f4mbia no torneio.<\/p>\n<p>Antes visto como uma pe\u00e7a fora dos planos do clube paulista, agora, com suas \u00f3timas desempenhos, a situa\u00e7\u00e3o de James come\u00e7ou a ganhar contornos diferentes dentro do S\u00e3o Paulo. A diretoria do Tricolor, segundo informa\u00e7\u00f5es do Lance!, ainda considera a venda do jogador, mas apenas se surgir uma proposta que seja vantajosa para todas as partes envolvidas.<\/p>\n<div class=\"wp-block-image\">\n<figure class=\"aligncenter size-full is-resized\"><figcaption class=\"wp-element-caption\">FOTO: REPRODU\u00c7\u00c3O\/INSTAGRAM @COPAAMERICA<\/figcaption><\/figure>\n<\/div>\n<h2 class=\"wp-block-heading\">Qual \u00e9 o atual status de James Rodr\u00edguez no S\u00e3o Paulo?<\/h2>\n<p>Ainda que a venda n\u00e3o seja descartada, a diretoria s\u00e3o-paulina parece mais flex\u00edvel quanto ao futuro do atleta. James Rodr\u00edguez est\u00e1 sob a observa\u00e7\u00e3o da comiss\u00e3o t\u00e9cnica chefiada por Luis Zubeld\u00eda, que recentemente incluiu o jogador nos planos da equipe, embora cautelosamente.<\/p>\n<h2 class=\"wp-block-heading\">Destaque Absoluto na Copa Am\u00e9rica<\/h2>\n<p>Na Copa Am\u00e9rica, James demonstra a habilidade que o tornou conhecido mundialmente. Com 1 gol e 6 assist\u00eancias em 5 jogos, al\u00e9m de uma nota impressionante de 8.18 no Sofascore, ele tem sido fundamental para a boa campanha da Col\u00f4mbia.<\/p>\n<h2 class=\"wp-block-heading\">As perspectivas para James Rodr\u00edguez ap\u00f3s o torneio<\/h2>\n<p>Ap\u00f3s a Copa Am\u00e9rica, as aten\u00e7\u00f5es no <a href=\"https:\/\/www.saopaulofc.net\/\" target=\"_blank\" rel=\"noreferrer noopener\">S\u00e3o Paulo<\/a> est\u00e3o voltadas para o que <a href=\"https:\/\/terrabrasilnoticias.com\/2024\/07\/cruzeiro-botafogo-e-palmeiras-na-janela-de-transferencia-quem-gastou-mais\/\" target=\"_blank\" rel=\"noreferrer noopener\">pode ser uma janela de transfer\u00eancias decisiva<\/a> para James. A atua\u00e7\u00e3o do jogador no torneio aumentou as chances de interessados, e a diretoria tricolor parece pronta para negociar, desde que as condi\u00e7\u00f5es sejam favor\u00e1veis.<\/p>\n<p>\u00c9 esperado que o desempenho de James durante o torneio influencie diretamente nos pr\u00f3ximos passos de sua carreira, seja no S\u00e3o Paulo ou em outro clube. A finaliza\u00e7\u00e3o certeira, os passes decisivos e a lideran\u00e7a em campo demonstrados podem ser justamente o que o S\u00e3o Paulo precisa ou o que atrairia novos clubes para uma poss\u00edvel negocia\u00e7\u00e3o.<\/p>\n<ul>\n<li>5 jogos disputados na Copa Am\u00e9rica<\/li>\n<\/ul>\n<ul>\n<li>6 assist\u00eancias realizadas<\/li>\n<\/ul>\n<p>Independentemente do que o futuro reserva, \u00e9 claro que James Rodr\u00edguez ainda possui a capacidade de influenciar grandes jogos, e seu ressurgimento na Copa Am\u00e9rica \u00e9 uma apresenta\u00e7\u00e3o de seu calibre. Resta esperar para ver como essa saga ir\u00e1 se desenrolar no contexto do futebol brasileiro e internacional.<\/p>\n<\/p><\/div>\n<p><br \/>\n<br \/><a href=\"https:\/\/terrabrasilnoticias.com\/2024\/07\/brilho-de-james-rodriguez-na-copa-america-gera-duvidas-para-o-sao-paulo\/\">Source link <\/a><\/p>","protected":false},"excerpt":{"rendered":"<p>O desempenho de James Rodr\u00edguez na Copa Am\u00e9rica tem sido uma surpresa agrad\u00e1vel para os torcedores do S\u00e3o Paulo. Ap\u00f3s uma fase de baixo rendimento no clube, o meio-campista colombiano&hellip;<\/p>","protected":false},"author":1,"featured_media":1934,"comment_status":"closed","ping_status":"open","sticky":false,"template":"","format":"standard","meta":{"content-type":"","footnotes":""},"categories":[16],"tags":[],"class_list":["post-1933","post","type-post","status-publish","format-standard","has-post-thumbnail","hentry","category-noticias"],"_links":{"self":[{"href":"https:\/\/tvbrazilusa.com\/pt\/wp-json\/wp\/v2\/posts\/1933","targetHints":{"allow":["GET"]}}],"collection":[{"href":"https:\/\/tvbrazilusa.com\/pt\/wp-json\/wp\/v2\/posts"}],"about":[{"href":"https:\/\/tvbrazilusa.com\/pt\/wp-json\/wp\/v2\/types\/post"}],"author":[{"embeddable":true,"href":"https:\/\/tvbrazilusa.com\/pt\/wp-json\/wp\/v2\/users\/1"}],"replies":[{"embeddable":true,"href":"https:\/\/tvbrazilusa.com\/pt\/wp-json\/wp\/v2\/comments?post=1933"}],"version-history":[{"count":1,"href":"https:\/\/tvbrazilusa.com\/pt\/wp-json\/wp\/v2\/posts\/1933\/revisions"}],"predecessor-version":[{"id":1935,"href":"https:\/\/tvbrazilusa.com\/pt\/wp-json\/wp\/v2\/posts\/1933\/revisions\/1935"}],"wp:featuredmedia":[{"embeddable":true,"href":"https:\/\/tvbrazilusa.com\/pt\/wp-json\/wp\/v2\/media\/1934"}],"wp:attachment":[{"href":"https:\/\/tvbrazilusa.com\/pt\/wp-json\/wp\/v2\/media?parent=1933"}],"wp:term":[{"taxonomy":"category","embeddable":true,"href":"https:\/\/tvbrazilusa.com\/pt\/wp-json\/wp\/v2\/categories?post=1933"},{"taxonomy":"post_tag","embeddable":true,"href":"https:\/\/tvbrazilusa.com\/pt\/wp-json\/wp\/v2\/tags?post=1933"}],"curies":[{"name":"wp","href":"https:\/\/api.w.org\/{rel}","templated":true}]}}