{"id":19337,"date":"2024-08-07T23:50:05","date_gmt":"2024-08-07T23:50:05","guid":{"rendered":"https:\/\/tvbrazilusa.com\/2024\/08\/07\/pgr-afirma-que-silveira-nao-pagou-multa-corrigida-impossibilitando-a-analise-da-progressao-de-regime\/"},"modified":"2024-08-07T23:51:25","modified_gmt":"2024-08-07T23:51:25","slug":"pgr-afirma-que-silveira-nao-pagou-multa-corrigida-impossibilitando-a-analise-da-progressao-de-regime","status":"publish","type":"post","link":"https:\/\/tvbrazilusa.com\/pt\/2024\/08\/07\/pgr-afirma-que-silveira-nao-pagou-multa-corrigida-impossibilitando-a-analise-da-progressao-de-regime\/","title":{"rendered":"PGR afirma que Silveira n\u00e3o pagou multa corrigida, impossibilitando a an\u00e1lise da progress\u00e3o de regime"},"content":{"rendered":"<p> <script async src=\"https:\/\/pagead2.googlesyndication.com\/pagead\/js\/adsbygoogle.js?client=ca-pub-8864793242727901\"\r\n     crossorigin=\"anonymous\"><\/script><br \/>\n<\/p>\n<div>\n<p><em>Foto: Andr\u00e9 Ribeiro\/Futura Press\/Estad\u00e3o Conte\u00fado<\/em><\/p>\n<p>Nesta quarta-feira, 7 de agosto de 2024, o vice-procurador-geral da Rep\u00fablica, Hindenburgo Filho, fez declara\u00e7\u00f5es importantes sobre a situa\u00e7\u00e3o do ex-deputado federal Daniel Silveira. Filho destacou que Silveira n\u00e3o pagou a multa necess\u00e1ria com \u201ccorre\u00e7\u00e3o monet\u00e1ria\u201d para a an\u00e1lise de sua progress\u00e3o de regime.<\/p>\n<p>Por conta disso, a verifica\u00e7\u00e3o dessa multa tornou-se invi\u00e1vel, afirmou o vice-PGR. Entretanto, Filho tamb\u00e9m mencionou a possibilidade de reconhecimento da remi\u00e7\u00e3o de pena, j\u00e1 que Silveira se dedicou a leituras, trabalho e estudos durante o per\u00edodo em que esteve encarcerado.<\/p>\n<h2 class=\"wp-block-heading\">A Situa\u00e7\u00e3o Atual do Ex-Deputado Daniel Silveira<\/h2>\n<p>No processo conduzido pelo Minist\u00e9rio P\u00fablico Federal (MPF), o vice-procurador-geral, Hindenburgo Filho, exigiu a certifica\u00e7\u00e3o do valor atualizado da multa. Apenas ap\u00f3s essa atualiza\u00e7\u00e3o, Silveira poder\u00e1 ser intimado a complementar o valor necess\u00e1rio para a progress\u00e3o de regime.<\/p>\n<p>Essa situa\u00e7\u00e3o ocorre num contexto em que a remi\u00e7\u00e3o da pena pode ser conquistada atrav\u00e9s de atividades que Silveira realizou na pris\u00e3o. Esse contexto inclui a leitura de livros, trabalhos e estudos, mas tudo isso depende de uma an\u00e1lise mais detalhada ap\u00f3s o pagamento correto da multa.<\/p>\n<h2 class=\"wp-block-heading\">Daniel Silveira Paga Multa<\/h2>\n<p>Para conseguir o valor exigido, Daniel Silveira recorreu a uma \u201cvaquinha\u201d, na qual milhares de brasileiros contribu\u00edram. Com essa mobiliza\u00e7\u00e3o, ele conseguiu arrecadar cerca de R$ 250 mil, valor necess\u00e1rio para que o ministro Alexandre de Moraes, do Supremo Tribunal Federal (STF), pudesse analisar seu pedido.<\/p>\n<p>Essa a\u00e7\u00e3o foi intermediada por seu advogado, Paulo Faria, que esclareceu a situa\u00e7\u00e3o complicada em que Silveira se encontra: com bens bloqueados e sem recursos pr\u00f3prios para pagar a multa.<\/p>\n<h2 class=\"wp-block-heading\">Qual o Pr\u00f3ximo Passo na Situa\u00e7\u00e3o de Daniel Silveira?<\/h2>\n<p>Conforme explicado pelo advogado Paulo Faria, o ex-deputado Daniel Silveira j\u00e1 est\u00e1 h\u00e1 mais de 80 dias al\u00e9m do prazo necess\u00e1rio para conseguir a progress\u00e3o para o regime semiaberto. Faria tem tentado garantir este benef\u00edcio h\u00e1 meses, enfrentando dificuldades impostas pelos procedimentos judiciais e pela necessidade de quita\u00e7\u00e3o de d\u00e9bitos.<\/p>\n<ul class=\"wp-block-list\">\n<li>Pagamento da multa<\/li>\n<li>Atualiza\u00e7\u00e3o do valor da multa<\/li>\n<li>Poss\u00edvel remi\u00e7\u00e3o da pena devido \u00e0s atividades realizadas na pris\u00e3o<\/li>\n<li>Intima\u00e7\u00e3o para complementar o valor faltante<\/li>\n<li>An\u00e1lise do pedido de progress\u00e3o de regime pelo ministro Alexandre de Moraes<\/li>\n<\/ul>\n<p>\u00a0<\/p>\n<p>A expectativa agora \u00e9 que, ap\u00f3s a certifica\u00e7\u00e3o do valor atualizado e o complemento do pagamento da multa, o pedido de progress\u00e3o de regime de Daniel Silveira possa finalmente ser analisado.<\/p>\n<h2 class=\"wp-block-heading\">Como a Comunidade Tem Apoiado Daniel Silveira?<\/h2>\n<p>A mobiliza\u00e7\u00e3o da sociedade em torno de Daniel Silveira mostra como a comunidade pode se unir em prol de uma causa. A vaquinha organizada para o pagamento da multa contou com a participa\u00e7\u00e3o de milhares de pessoas que, juntas, conseguiram viabilizar a quita\u00e7\u00e3o do d\u00e9bito exigido pelo STF.<\/p>\n<p>Essa a\u00e7\u00e3o solid\u00e1ria evidencia um sentimento de apoio generalizado ao ex-deputado, apesar das dificuldades legais e financeiras que ele tem enfrentado. A situa\u00e7\u00e3o de Daniel Silveira \u00e9 um exemplo claro de como os cidad\u00e3os podem influenciar e contribuir para quest\u00f5es jur\u00eddicas e pol\u00edticas em andamento.<\/p>\n<p>Com a proximidade de uma poss\u00edvel decis\u00e3o sobre a progress\u00e3o de regime, o caso de Daniel Silveira continua a chamar aten\u00e7\u00e3o e aguardar novas etapas cruciais no processo judicial.<\/p>\n<\/p><\/div>\n<p><br \/>\n<br \/><a href=\"https:\/\/terrabrasilnoticias.com\/2024\/08\/pgr-afirma-que-silveira-nao-pagou-multa-corrigida-impossibilitando-a-analise-da-progressao-de-regime\/\">Source link <\/a><\/p>","protected":false},"excerpt":{"rendered":"<p>Foto: Andr\u00e9 Ribeiro\/Futura Press\/Estad\u00e3o Conte\u00fado Nesta quarta-feira, 7 de agosto de 2024, o vice-procurador-geral da Rep\u00fablica, Hindenburgo Filho, fez declara\u00e7\u00f5es importantes sobre a situa\u00e7\u00e3o do ex-deputado federal Daniel Silveira. Filho&hellip;<\/p>","protected":false},"author":1,"featured_media":19338,"comment_status":"closed","ping_status":"open","sticky":false,"template":"","format":"standard","meta":{"content-type":"","footnotes":""},"categories":[16],"tags":[],"class_list":["post-19337","post","type-post","status-publish","format-standard","has-post-thumbnail","hentry","category-noticias"],"_links":{"self":[{"href":"https:\/\/tvbrazilusa.com\/pt\/wp-json\/wp\/v2\/posts\/19337","targetHints":{"allow":["GET"]}}],"collection":[{"href":"https:\/\/tvbrazilusa.com\/pt\/wp-json\/wp\/v2\/posts"}],"about":[{"href":"https:\/\/tvbrazilusa.com\/pt\/wp-json\/wp\/v2\/types\/post"}],"author":[{"embeddable":true,"href":"https:\/\/tvbrazilusa.com\/pt\/wp-json\/wp\/v2\/users\/1"}],"replies":[{"embeddable":true,"href":"https:\/\/tvbrazilusa.com\/pt\/wp-json\/wp\/v2\/comments?post=19337"}],"version-history":[{"count":1,"href":"https:\/\/tvbrazilusa.com\/pt\/wp-json\/wp\/v2\/posts\/19337\/revisions"}],"predecessor-version":[{"id":19339,"href":"https:\/\/tvbrazilusa.com\/pt\/wp-json\/wp\/v2\/posts\/19337\/revisions\/19339"}],"wp:featuredmedia":[{"embeddable":true,"href":"https:\/\/tvbrazilusa.com\/pt\/wp-json\/wp\/v2\/media\/19338"}],"wp:attachment":[{"href":"https:\/\/tvbrazilusa.com\/pt\/wp-json\/wp\/v2\/media?parent=19337"}],"wp:term":[{"taxonomy":"category","embeddable":true,"href":"https:\/\/tvbrazilusa.com\/pt\/wp-json\/wp\/v2\/categories?post=19337"},{"taxonomy":"post_tag","embeddable":true,"href":"https:\/\/tvbrazilusa.com\/pt\/wp-json\/wp\/v2\/tags?post=19337"}],"curies":[{"name":"wp","href":"https:\/\/api.w.org\/{rel}","templated":true}]}}