{"id":1958,"date":"2024-07-14T01:00:00","date_gmt":"2024-07-14T01:00:00","guid":{"rendered":"https:\/\/tvbrazilusa.com\/?p=1958"},"modified":"2024-07-14T01:26:47","modified_gmt":"2024-07-14T01:26:47","slug":"previsao-do-tempo-pelo-brasil-no-fim-de-semana","status":"publish","type":"post","link":"https:\/\/tvbrazilusa.com\/pt\/2024\/07\/14\/previsao-do-tempo-pelo-brasil-no-fim-de-semana\/","title":{"rendered":"Previs\u00e3o do tempo pelo Brasil no fim de semana"},"content":{"rendered":"<p> <script async src=\"https:\/\/pagead2.googlesyndication.com\/pagead\/js\/adsbygoogle.js?client=ca-pub-8864793242727901\"\r\n     crossorigin=\"anonymous\"><\/script><br \/>\n<\/p>\n<div>\n<p>\u00c0 medida que nos aproximamos do cora\u00e7\u00e3o do inverno, as temperaturas come\u00e7am a cair significativamente na regi\u00e3o Centro-Sul do Brasil. Com isso, moradores e turistas devem se preparar para enfrentar um clima consideravelmente mais frio nos pr\u00f3ximos dias. Este fen\u00f4meno, comum nesta \u00e9poca do ano, traz mudan\u00e7as que podem afetar desde a rotina di\u00e1ria at\u00e9 a economia local.<\/p>\n<p>As baixas temperaturas s\u00e3o resultados de uma <strong>frente fria<\/strong> que avan\u00e7a pelo continente, trazendo consigo ondas de frio que podem impactar diversas \u00e1reas, desde a agricultura at\u00e9 o comportamento dos consumidores. Os meteorologistas alertam para a necessidade de agasalhos e a possibilidade de chuvas esparsas, que acompanham geralmente este tipo de frente clim\u00e1tica.<\/p>\n<div class=\"wp-block-image\">\n<figure class=\"aligncenter size-large\"><picture decoding=\"async\" class=\"wp-image-149362\"><source type=\"image\/webp\" srcset=\"https:\/\/terrabrasilnoticias.com\/wp-content\/uploads\/2024\/07\/chuva-1-1024x576.jpg.webp 1024w, https:\/\/terrabrasilnoticias.com\/wp-content\/uploads\/2024\/07\/chuva-1-300x169.jpg.webp 300w, https:\/\/terrabrasilnoticias.com\/wp-content\/uploads\/2024\/07\/chuva-1-768x432.jpg.webp 768w, https:\/\/terrabrasilnoticias.com\/wp-content\/uploads\/2024\/07\/chuva-1-1536x864.jpg.webp 1536w, https:\/\/terrabrasilnoticias.com\/wp-content\/uploads\/2024\/07\/chuva-1-2048x1152.jpg.webp 2048w, https:\/\/terrabrasilnoticias.com\/wp-content\/uploads\/2024\/07\/chuva-1-750x422.jpg.webp 750w, https:\/\/terrabrasilnoticias.com\/wp-content\/uploads\/2024\/07\/chuva-1-1140x641.jpg.webp 1140w\" sizes=\"(max-width: 1024px) 100vw, 1024px\"\/><\/picture><figcaption class=\"wp-element-caption\">Foto: Divulga\u00e7\u00e3o \/ Internet<\/figcaption><\/figure>\n<\/div>\n<h2 class=\"wp-block-heading\">O Que \u00e9 uma Frente Fria e Como Ela Influencia o Clima?<\/h2>\n<p>Uma frente fria ocorre quando uma massa de ar frio desloca uma massa de ar quente, geralmente trazendo consigo precipita\u00e7\u00f5es e uma queda acentuada nas temperaturas. Este fen\u00f4meno \u00e9 bastante comum no Brasil durante os meses de inverno, especialmente nas regi\u00f5es Sul e Sudeste, onde o clima tende a ser mais temperado.<\/p>\n<h2 class=\"wp-block-heading\">Como Se Preparar para a Onda de Frio?<\/h2>\n<p>Com a chegada do frio, \u00e9 essencial tomar algumas precau\u00e7\u00f5es para evitar problemas comuns que podem ocorrer devido \u00e0s baixas temperaturas:<\/p>\n<ul>\n<li>Vista-se adequadamente, utilizando v\u00e1rias camadas de roupas para prote\u00e7\u00e3o contra o frio.<\/li>\n<\/ul>\n<ul>\n<li>Mantenha-se hidratado, pois \u00e9 comum negligenciar a ingest\u00e3o de l\u00edquidos durante o frio.<\/li>\n<\/ul>\n<ul>\n<li>Proteja as plantas sens\u00edveis ao frio, cobrindo-as ou trazendo-as para dentro de casa.<\/li>\n<\/ul>\n<ul>\n<li>Fique atento \u00e0s previs\u00f5es do tempo, para estar sempre preparado para quaisquer mudan\u00e7as bruscas.<\/li>\n<\/ul>\n<h2 class=\"wp-block-heading\">Impactos do Frio na Economia Local<\/h2>\n<p>O frio n\u00e3o s\u00f3 afeta o cotidiano das pessoas, mas tamb\u00e9m tem impactos significativos na economia local. A agricultura \u00e9 especialmente vulner\u00e1vel a ondas de frio, que podem causar danos \u00e0s culturas e afetar a produ\u00e7\u00e3o agr\u00edcola. Al\u00e9m disso, o com\u00e9rcio de vestu\u00e1rio e equipamentos para aquecimento tende a ver um aumento significativo nas vendas, movimentando a economia nas cidades mais atingidas.<\/p>\n<p>Portanto, enquanto nos preparamos para enfrentar essa <strong>frente fria<\/strong>, \u00e9 importante entender n\u00e3o apenas como nos protegermos do frio, mas tamb\u00e9m como esse fen\u00f4meno clim\u00e1tico pode afetar a vida e a economia ao nosso redor. Fique atento \u00e0s atualiza\u00e7\u00f5es e prepare-se para um per\u00edodo de temperaturas mais baixas!<\/p>\n<\/p><\/div>\n<p><br \/>\n<br \/><a href=\"https:\/\/terrabrasilnoticias.com\/2024\/07\/previsao-do-tempo-pelo-brasil-no-fim-de-semana\/\">Source link <\/a><\/p>","protected":false},"excerpt":{"rendered":"<p>\u00c0 medida que nos aproximamos do cora\u00e7\u00e3o do inverno, as temperaturas come\u00e7am a cair significativamente na regi\u00e3o Centro-Sul do Brasil. Com isso, moradores e turistas devem se preparar para enfrentar&hellip;<\/p>","protected":false},"author":1,"featured_media":1959,"comment_status":"closed","ping_status":"open","sticky":false,"template":"","format":"standard","meta":{"content-type":"","footnotes":""},"categories":[16],"tags":[],"class_list":["post-1958","post","type-post","status-publish","format-standard","has-post-thumbnail","hentry","category-noticias"],"_links":{"self":[{"href":"https:\/\/tvbrazilusa.com\/pt\/wp-json\/wp\/v2\/posts\/1958","targetHints":{"allow":["GET"]}}],"collection":[{"href":"https:\/\/tvbrazilusa.com\/pt\/wp-json\/wp\/v2\/posts"}],"about":[{"href":"https:\/\/tvbrazilusa.com\/pt\/wp-json\/wp\/v2\/types\/post"}],"author":[{"embeddable":true,"href":"https:\/\/tvbrazilusa.com\/pt\/wp-json\/wp\/v2\/users\/1"}],"replies":[{"embeddable":true,"href":"https:\/\/tvbrazilusa.com\/pt\/wp-json\/wp\/v2\/comments?post=1958"}],"version-history":[{"count":1,"href":"https:\/\/tvbrazilusa.com\/pt\/wp-json\/wp\/v2\/posts\/1958\/revisions"}],"predecessor-version":[{"id":1960,"href":"https:\/\/tvbrazilusa.com\/pt\/wp-json\/wp\/v2\/posts\/1958\/revisions\/1960"}],"wp:featuredmedia":[{"embeddable":true,"href":"https:\/\/tvbrazilusa.com\/pt\/wp-json\/wp\/v2\/media\/1959"}],"wp:attachment":[{"href":"https:\/\/tvbrazilusa.com\/pt\/wp-json\/wp\/v2\/media?parent=1958"}],"wp:term":[{"taxonomy":"category","embeddable":true,"href":"https:\/\/tvbrazilusa.com\/pt\/wp-json\/wp\/v2\/categories?post=1958"},{"taxonomy":"post_tag","embeddable":true,"href":"https:\/\/tvbrazilusa.com\/pt\/wp-json\/wp\/v2\/tags?post=1958"}],"curies":[{"name":"wp","href":"https:\/\/api.w.org\/{rel}","templated":true}]}}