{"id":19757,"date":"2024-08-07T15:25:20","date_gmt":"2024-08-07T15:25:20","guid":{"rendered":"https:\/\/tvbrazilusa.com\/2024\/08\/07\/show-da-manha-marco-antonio-costa-adrilles-andre-marsiglia-bertorelli-e-eduardo-bittar-09-08-2024\/"},"modified":"2024-08-07T15:25:20","modified_gmt":"2024-08-07T15:25:20","slug":"show-da-manha-marco-antonio-costa-adrilles-andre-marsiglia-bertorelli-e-eduardo-bittar-09-08-2024","status":"publish","type":"post","link":"https:\/\/tvbrazilusa.com\/pt\/2024\/08\/07\/show-da-manha-marco-antonio-costa-adrilles-andre-marsiglia-bertorelli-e-eduardo-bittar-09-08-2024\/","title":{"rendered":"SHOW DA MANH\u00c3-MARCO ANT\u00d4NIO COSTA, ADRILLES, ANDR\u00c9 MARSIGLIA, BERTORELLI E EDUARDO BITTAR-09\/08\/2024"},"content":{"rendered":"<p><iframe  width=\"580\" height=\"385\" src=\"https:\/\/www.youtube.com\/embed\/gr2Sxsll_bo?modestbranding=1\" frameborder=\"0\" allowfullscreen><\/iframe><br \/>\n<br \/>Inscreva-se no nosso Canal!<\/p>\n<p>Assine a Plataforma Fio Di\u00e1rio, com conte\u00fados exclusivos: <\/p>\n<p>Para nos ajudar a continuar com o Fio Di\u00e1rio, envie um PIX em nossa chave: contato@fiodiario.com<\/p>\n<p>Ou\u00e7a no Spotify: <\/p>\n<p>Siga no Instagram:<\/p>\n<p>Marco Ant\u00f4nio Costa: <\/p>\n<p>Adrilles Jorge: <\/p>\n<p>Fio Di\u00e1rio: <\/p>\n<p>#fiodiario  #showdamanha #marcoantoniocosta #adrillesjorge #superman<br \/>\n<br \/><a href=\"https:\/\/www.youtube.com\/watch?v=gr2Sxsll_bo\">source<\/a><\/p>","protected":false},"excerpt":{"rendered":"<p>Inscreva-se no nosso Canal! Assine a Plataforma Fio Di\u00e1rio, com conte\u00fados exclusivos: Para nos ajudar a continuar com o Fio Di\u00e1rio, envie um PIX em nossa chave: contato@fiodiario.com Ou\u00e7a no&hellip;<\/p>","protected":false},"author":1,"featured_media":0,"comment_status":"","ping_status":"open","sticky":false,"template":"","format":"standard","meta":{"content-type":"","footnotes":""},"categories":[17],"tags":[560,564,559,921,9121,437,135,9120,565,63],"class_list":["post-19757","post","type-post","status-publish","format-standard","hentry","category-programas","tag-adrilles","tag-andre","tag-antonio","tag-bertorelli","tag-bittar09082024","tag-costa","tag-eduardo","tag-manhamarco","tag-marsiglia","tag-show"],"_links":{"self":[{"href":"https:\/\/tvbrazilusa.com\/pt\/wp-json\/wp\/v2\/posts\/19757","targetHints":{"allow":["GET"]}}],"collection":[{"href":"https:\/\/tvbrazilusa.com\/pt\/wp-json\/wp\/v2\/posts"}],"about":[{"href":"https:\/\/tvbrazilusa.com\/pt\/wp-json\/wp\/v2\/types\/post"}],"author":[{"embeddable":true,"href":"https:\/\/tvbrazilusa.com\/pt\/wp-json\/wp\/v2\/users\/1"}],"replies":[{"embeddable":true,"href":"https:\/\/tvbrazilusa.com\/pt\/wp-json\/wp\/v2\/comments?post=19757"}],"version-history":[{"count":0,"href":"https:\/\/tvbrazilusa.com\/pt\/wp-json\/wp\/v2\/posts\/19757\/revisions"}],"wp:attachment":[{"href":"https:\/\/tvbrazilusa.com\/pt\/wp-json\/wp\/v2\/media?parent=19757"}],"wp:term":[{"taxonomy":"category","embeddable":true,"href":"https:\/\/tvbrazilusa.com\/pt\/wp-json\/wp\/v2\/categories?post=19757"},{"taxonomy":"post_tag","embeddable":true,"href":"https:\/\/tvbrazilusa.com\/pt\/wp-json\/wp\/v2\/tags?post=19757"}],"curies":[{"name":"wp","href":"https:\/\/api.w.org\/{rel}","templated":true}]}}