{"id":19770,"date":"2024-08-08T14:27:42","date_gmt":"2024-08-08T14:27:42","guid":{"rendered":"https:\/\/tvbrazilusa.com\/2024\/08\/08\/lula-chama-ministros-e-pede-cautela-com-venezuela-sucessao-no-congresso-e-economia-paulo-figueiredo\/"},"modified":"2024-08-08T14:35:15","modified_gmt":"2024-08-08T14:35:15","slug":"lula-chama-ministros-e-pede-cautela-com-venezuela-sucessao-no-congresso-e-economia-paulo-figueiredo","status":"publish","type":"post","link":"https:\/\/tvbrazilusa.com\/pt\/2024\/08\/08\/lula-chama-ministros-e-pede-cautela-com-venezuela-sucessao-no-congresso-e-economia-paulo-figueiredo\/","title":{"rendered":"Lula chama ministros e pede cautela com Venezuela, sucess\u00e3o no Congresso e economia &#8211; Paulo Figueiredo"},"content":{"rendered":"<p> <script async src=\"https:\/\/pagead2.googlesyndication.com\/pagead\/js\/adsbygoogle.js?client=ca-pub-8864793242727901\"\r\n     crossorigin=\"anonymous\"><\/script><br \/>\n<\/p>\n<div id=\"wtr-content\" data-bg=\"#FFFFFF\" data-fg=\"#006d91\" data-width=\"25\" data-mute=\"1\" data-fgopacity=\"1.00\" data-mutedopacity=\"0.5\" data-placement=\"bottom\" data-placement-offset=\"0\" data-content-offset=\"262\" data-placement-touch=\"bottom\" data-placement-offset-touch=\"0\" data-transparent=\"\" data-shadow=\"0\" data-touch=\"1\" data-non-touch=\"1\" data-comments=\"0\" data-commentsbg=\"transparent\" data-location=\"page\" data-mutedfg=\"#006d91\" data-endfg=\"#006d91\" data-rtl=\"\">\n<pre class=\"wp-block-preformatted has-small-font-size\">Foto: Igor Estrela\/Metr\u00f3poles<\/pre>\n<h3 class=\"wp-block-heading\">Presidente convocou ministros para \u201cafinar a viola\u201d do que as pastas est\u00e3o fazendo, de olho nos pr\u00f3ximos dois anos de governo<\/h3>\n<p>O presidente\u00a0Luiz In\u00e1cio Lula da Silva\u00a0(PT) chamou todos os ministros para uma reuni\u00e3o geral na manh\u00e3 desta quinta (8) para \u201cafinar a viola\u201d do que as pastas est\u00e3o fazendo e de como devem ser os pr\u00f3ximos dois anos de governo. O encontro, que foi aberto \u00e0 imprensa apenas durante a abertura, tamb\u00e9m tratou das perspectivas para a economia, a rela\u00e7\u00e3o com o Congresso \u2013 que trocar\u00e1 os presidentes da C\u00e2mara e do Senado no ano que vem \u2013 e a situa\u00e7\u00e3o eleitoral da Venezuela.<\/p>\n<p>Este \u00faltimo ponto, em especial, \u00e9 o que mais tem incomodado o governo pela press\u00e3o que Lula vem tendo da sociedade e da oposi\u00e7\u00e3o para se posicionar mais criticamente sobre a reelei\u00e7\u00e3o questionada de Nicol\u00e1s Maduro. Ele tem adotado um discurso mais diplom\u00e1tico de pedir a divulga\u00e7\u00e3o das atas detalhadas de vota\u00e7\u00e3o antes de reconhecer a vit\u00f3ria do ditador ou do oposicionista Edmundo Gonz\u00e1lez Urrutia.<\/p>\n<p>\u201cO companheiro Mauro [Vieira] vai fazer uma fala para explicar um pouco a quest\u00e3o do G20 [que ter\u00e1 a reuni\u00e3o de c\u00fapula no Rio de Janeiro, em novembro] e tamb\u00e9m das celeumas que estamos encontrando para encontrar uma solu\u00e7\u00e3o pacifica para as elei\u00e7\u00f5es da Venezuela. \u00c9 muito importante\u201d, disse Lula durante o detalhamento das falas dos ministros durante a reuni\u00e3o.<\/p>\n<p>Lula, no entanto, n\u00e3o entrou em mais detalhes sobre essa quest\u00e3o, mas a\u00a0expectativa \u00e9 de que Vieira reforce o tom diplom\u00e1tico na rela\u00e7\u00e3o\u00a0com a Venezuela e explique tamb\u00e9m a\u00a0recente expuls\u00e3o do embaixador brasileiro na Nicar\u00e1gua, Breno Dias da Costa, pelo ditador Daniel Ortega, nesta quarta (7). O governo ainda n\u00e3o se pronunciou oficialmente sobre isso.<\/p>\n<h3 class=\"wp-block-heading\">Otimismo e pux\u00e3o de orelha<\/h3>\n<p>Durante o discutso de apresenta\u00e7\u00e3o da reuni\u00e3o, Lula se disse muito \u201cotimista\u201d com os resultados destes um ano e oito meses de governo, pediu que pessimistas falem com ele para ele \u201cdar um pouco de otimismo\u201d, e que \u201cfizemos mais defini\u00e7\u00e3o de politicas publicas do que t\u00ednhamos feito no nosso governo passado\u201d.<\/p>\n<p>Ele ainda ressaltou que n\u00e3o pretende trocar ministros da Esplanada mesmo em meio a cobran\u00e7as e investiga\u00e7\u00f5es \u2013 como a de Juscelino Filho, das Comunica\u00e7\u00f5es, indiciado pela Pol\u00edcia Federal \u2013 e que cada comandante das pastas t\u00eam uma \u201ctarefa determinada\u201d.<\/p>\n<p>\u201cVamos aqui afinar a viola nas coisas que temos que fazer. Todo mundo tem tarefa determinada, seu PAC [atribui\u00e7\u00f5es do Novo PAC], sua fun\u00e7\u00e3o. Daqui pra frente, o que n\u00f3s temos que fazer \u00e9 trabalhar cada vez mais, porque \u00e9 importante voc\u00eas trabalharem com a ideia de que a gente n\u00e3o pode terminar o mandato sendo apenas mais um governo, que sai um governo e entra outro e as coisas n\u00e3o evoluem muito\u201d, pontuou.<\/p>\n<p>Apesar do otimisto, Lula indicou uma certa preocupa\u00e7\u00e3o com a sucess\u00e3o das presid\u00eancias da C\u00e2mara dos Deputados e do Senado no ano que vem, em que os atuais mandat\u00e1rios \u2013 Arthur Lira (PP-AL) e Rodrigo Pacheco (PSD-MG), respectivamente \u2013 v\u00e3o deixar os cargos.<\/p>\n<p>Lira j\u00e1 tem articulado algum candidato que tenha o apoio de Lula e que n\u00e3o seja vetado pela oposi\u00e7\u00e3o, enquanto que Pacheco pretende apoiar a volta de Davi Alcolumbre (Uni\u00e3o-AP).<\/p>\n<p>\u201cA gente vai ter uma exposi\u00e7\u00e3o do companheiro [Alexandre] Padilha [ministro das Rela\u00e7\u00f5es Institucionais] sobre a quest\u00e3o pol\u00edtica, ou seja, a nossa organiza\u00e7\u00e3o pelos pr\u00f3ximos dois anos. [A troca de presidentes] temos que ter muita cautela para que n\u00e3o tenha nenhuma incid\u00eancia no funcionamento do governo\u201d, disse Lula.<\/p>\n<p>A articula\u00e7\u00e3o pol\u00edtica \u00e9 apontada como uma das principais dificuldades do governo, que deve enfrentar mais resist\u00eancia neste segundo semestre ap\u00f3s o Supremo Tribunal Federal (STF) e a Procuradoria-Geral da Rep\u00fablica (PGR) pedirem esclarecimentos e suspens\u00e3o das chamadas \u201cemendas PIX\u201d, as transfer\u00eancias instant\u00e2neas de emendas parlamentares \u00e0s bases eleitorais com pouco detalhamento.<\/p>\n<p>O presidente da Comiss\u00e3o Mista do Or\u00e7amento, deputado\u00a0Julio Arcoverde (PP-PI), j\u00e1 anunciou que vai adiar a leitura do parecer da Lei de Diretrizes Or\u00e7ament\u00e1rias (LDO) de 2025 at\u00e9 ter uma conversa com Lira. Isso \u00e9 visto como um sinal de retalia\u00e7\u00e3o ao governo que pode afetar a vota\u00e7\u00e3o de outras propostas no Congresso \u2013 entre elas o avan\u00e7o de propostas importantes, como a tramita\u00e7\u00e3o da regulamenta\u00e7\u00e3o da reforma tribut\u00e1ria.<\/p>\n<h3 class=\"wp-block-heading\">Economia tamb\u00e9m preocupa<\/h3>\n<p>A quest\u00e3o econ\u00f4mica tamb\u00e9m \u00e9 sinalizada como um ponto de preocupa\u00e7\u00e3o de Lula. Embora ele tenha dito estar otimista e satisfeito com os \u00edndices econ\u00f4micos e que o governo trabalha para reduzir ainda mais a infla\u00e7\u00e3o \u2013 uma das condicionantes do Banco Central para cortar a taxa b\u00e1sica de juros \u2013 ele lembrou da perspectiva de uma crise internacional com o aumento do d\u00f3lar no mundo todo.<\/p>\n<p>\u201cOs nossos n\u00fameros at\u00e9 agora s\u00e3o todos positivos apesar da perspectiva de uma crise internacional que o d\u00f3lar vem causando no mundo inteiro. A gente se mant\u00e9m muito equilibrado, numa situa\u00e7\u00e3o boa, emprego, sal\u00e1rio e massa salarial crescendo e infla\u00e7\u00e3o totalmente equilibrada\u201d, disse Lula.<\/p>\n<p>O presidente ainda pontuou a possibilidade de fazer um lan\u00e7amento do progrma P\u00e9-de-Meia em S\u00e3o Paulo, a exemplo do que fez recentemente no Cear\u00e1. \u00c9 um recado direto ao governador Tarc\u00edsio de Freitas (Republicanos-SP), a quem Lula costuma alfinetar por n\u00e3o participar dos eventos do governo federal.<\/p>\n<p>Lula ainda fez um afago no presidente do IBGE, M\u00e1rcio Pochmann, que chamou para participar da reuni\u00e3o e sinalizou que pode destinar mais verbas para aumentar a quantidade de pesquisas; e disse que vai chamar os 27 governadores do pa\u00eds nas pr\u00f3ximas semanas para discutir o plano do governo para a seguran\u00e7a p\u00fablica, que foi apresentado a ele pelo ministro Ricardo Lewandowski (Justi\u00e7a) na quarta (7).<\/p>\n<p>Por outro lado, se ventilou nos bastidores que a reuni\u00e3o tamb\u00e9m tratar\u00e1 da rela\u00e7\u00e3o do governo com os aliados que v\u00e3o concorrer \u00e0s prefeituras nas elei\u00e7\u00f5es de outubro e tamb\u00e9m dos cortes no Or\u00e7amento. Esta \u00e9 a semana limite para os minist\u00e9rios detalharem o que devem cortar de suas estruturas e a\u00e7\u00f5es.<\/p>\n<p><strong><a href=\"https:\/\/www.gazetadopovo.com.br\/republica\/lula-chama-ministros-cautela-venezuela-congresso-economia\/\">Source link<\/a><\/strong><\/p>\n<\/div>\n<p><br \/>\n<br \/><a href=\"https:\/\/paulofigueiredoshow.com\/lula-chama-ministros-e-pede-cautela-com-venezuela-sucessao-no-congresso-e-economia\/\">Source link <\/a><\/p>","protected":false},"excerpt":{"rendered":"<p>Foto: Igor Estrela\/Metr\u00f3poles Presidente convocou ministros para \u201cafinar a viola\u201d do que as pastas est\u00e3o fazendo, de olho nos pr\u00f3ximos dois anos de governo O presidente\u00a0Luiz In\u00e1cio Lula da Silva\u00a0(PT)&hellip;<\/p>","protected":false},"author":1,"featured_media":3911,"comment_status":"closed","ping_status":"open","sticky":false,"template":"","format":"standard","meta":{"content-type":"","footnotes":""},"categories":[16],"tags":[123,9124,1815,336,89,9125,7938,1378,3074,1101],"class_list":["post-19770","post","type-post","status-publish","format-standard","has-post-thumbnail","hentry","category-noticias","tag-brasil","tag-cautela","tag-economia","tag-governo","tag-lula","tag-padilha","tag-preocupacao","tag-pt","tag-reuniao","tag-venezuela"],"_links":{"self":[{"href":"https:\/\/tvbrazilusa.com\/pt\/wp-json\/wp\/v2\/posts\/19770","targetHints":{"allow":["GET"]}}],"collection":[{"href":"https:\/\/tvbrazilusa.com\/pt\/wp-json\/wp\/v2\/posts"}],"about":[{"href":"https:\/\/tvbrazilusa.com\/pt\/wp-json\/wp\/v2\/types\/post"}],"author":[{"embeddable":true,"href":"https:\/\/tvbrazilusa.com\/pt\/wp-json\/wp\/v2\/users\/1"}],"replies":[{"embeddable":true,"href":"https:\/\/tvbrazilusa.com\/pt\/wp-json\/wp\/v2\/comments?post=19770"}],"version-history":[{"count":1,"href":"https:\/\/tvbrazilusa.com\/pt\/wp-json\/wp\/v2\/posts\/19770\/revisions"}],"predecessor-version":[{"id":19771,"href":"https:\/\/tvbrazilusa.com\/pt\/wp-json\/wp\/v2\/posts\/19770\/revisions\/19771"}],"wp:featuredmedia":[{"embeddable":true,"href":"https:\/\/tvbrazilusa.com\/pt\/wp-json\/wp\/v2\/media\/3911"}],"wp:attachment":[{"href":"https:\/\/tvbrazilusa.com\/pt\/wp-json\/wp\/v2\/media?parent=19770"}],"wp:term":[{"taxonomy":"category","embeddable":true,"href":"https:\/\/tvbrazilusa.com\/pt\/wp-json\/wp\/v2\/categories?post=19770"},{"taxonomy":"post_tag","embeddable":true,"href":"https:\/\/tvbrazilusa.com\/pt\/wp-json\/wp\/v2\/tags?post=19770"}],"curies":[{"name":"wp","href":"https:\/\/api.w.org\/{rel}","templated":true}]}}