{"id":1984,"date":"2024-07-14T10:00:00","date_gmt":"2024-07-14T10:00:00","guid":{"rendered":"https:\/\/tvbrazilusa.com\/?p=1984"},"modified":"2024-07-14T10:00:41","modified_gmt":"2024-07-14T10:00:41","slug":"avancos-no-seguro-desemprego-para-meis-entenda-o-novo-projeto-de-lei","status":"publish","type":"post","link":"https:\/\/tvbrazilusa.com\/pt\/2024\/07\/14\/avancos-no-seguro-desemprego-para-meis-entenda-o-novo-projeto-de-lei\/","title":{"rendered":"Avan\u00e7os no seguro-desemprego para MEIs: entenda o novo projeto de lei"},"content":{"rendered":"<p> <script async src=\"https:\/\/pagead2.googlesyndication.com\/pagead\/js\/adsbygoogle.js?client=ca-pub-8864793242727901\"\r\n     crossorigin=\"anonymous\"><\/script><br \/>\n<\/p>\n<div>\n<p>Recentemente, uma movimenta\u00e7\u00e3o significativa ocorreu na C\u00e2mara dos Deputados em rela\u00e7\u00e3o ao suporte financeiro aos Microempreendedores Individuais (<a href=\"https:\/\/www.gov.br\/pt-br\/apps\/mei\">MEI<\/a>) do Brasil. Um novo projeto de lei, que busca incluir os MEIs no benef\u00edcio do seguro-desemprego, foi aprovado em uma importante comiss\u00e3o parlamentar, marcando um passo positivo em dire\u00e7\u00e3o \u00e0 sua implementa\u00e7\u00e3o integral.<\/p>\n<p>A medida, proposta pela primeira vez pelo Deputado Jonas Donizette (<strong>PSB-SP<\/strong>), promete trazer uma maior seguran\u00e7a financeira para milhares de trabalhadores aut\u00f4nomos que, at\u00e9 ent\u00e3o, estavam \u00e0 margem deste direito. A aprova\u00e7\u00e3o inicial aconteceu na Comiss\u00e3o de Ind\u00fastria, Com\u00e9rcio e Servi\u00e7os e, agora, aguarda an\u00e1lise de outras comiss\u00f5es relevantes antes de ir a plen\u00e1rio.<\/p>\n<h2 class=\"wp-block-heading\">O que muda com o novo projeto de lei para os MEIs?<\/h2>\n<p>O projeto de lei n\u00famero 323\/24 apresenta uma estrutura que beneficia diretamente o <a href=\"https:\/\/terrabrasilnoticias.com\/\">MEI<\/a>, permitindo-lhe acessar o seguro-desemprego sob certas condi\u00e7\u00f5es. Essa inclus\u00e3o representa n\u00e3o s\u00f3 um reconhecimento da import\u00e2ncia dos empreendedores individuais no tecido econ\u00f4mico do pa\u00eds, mas tamb\u00e9m um passo em dire\u00e7\u00e3o a uma prote\u00e7\u00e3o mais abrangente para esses trabalhadores.<\/p>\n<h2 class=\"wp-block-heading\">Quais s\u00e3o os requisitos para os MEIs acessarem o seguro-desemprego?<\/h2>\n<p>Para se qualificar ao benef\u00edcio, os MEIs precisar\u00e3o atender a certos requisitos espec\u00edficos, enfatizando a formalidade e a regularidade de suas contribui\u00e7\u00f5es e rendimentos. Entre essas exig\u00eancias, est\u00e3o:<\/p>\n<ul>\n<li><strong>Per\u00edodo de Contribui\u00e7\u00e3o:<\/strong> \u00c9 necess\u00e1rio comprovar uma janela m\u00ednima de contribui\u00e7\u00f5es, que varia de 6 a 12 meses, conforme as solicita\u00e7\u00f5es anteriores do benef\u00edcio.<\/li>\n<li><strong>Declara\u00e7\u00e3o de Imposto de Renda:<\/strong> Os MEIs dever\u00e3o apresentar a declara\u00e7\u00e3o do IRPF, comprovando insufici\u00eancia de renda para a manuten\u00e7\u00e3o pr\u00f3pria e de sua fam\u00edlia.<\/li>\n<li><strong>Aus\u00eancia de Benef\u00edcios Previdenci\u00e1rios:<\/strong> N\u00e3o podem estar recebendo outros benef\u00edcios previdenci\u00e1rios de presta\u00e7\u00e3o continuada, com exce\u00e7\u00e3o de tipos espec\u00edficos como aux\u00edlio-acidente.<\/li>\n<\/ul>\n<h2 class=\"wp-block-heading\">Qual ser\u00e1 o valor e a dura\u00e7\u00e3o do seguro-desemprego para MEIs?<\/h2>\n<p>A proposta estabelece que os valores e a dura\u00e7\u00e3o do seguro-desemprego para os MEIs seguir\u00e3o padr\u00f5es semelhantes aos j\u00e1 aplicados aos trabalhadores formais. O valor ser\u00e1 calculado com base na m\u00e9dia dos \u00faltimos tr\u00eas sal\u00e1rios de contribui\u00e7\u00e3o do indiv\u00edduo, estabelecendo um teto atualizado de R$ 2.313,74 em 2024. A dura\u00e7\u00e3o do benef\u00edcio poder\u00e1 variar entre 3 a 5 parcelas, dependendo do tempo de contribui\u00e7\u00e3o pr\u00e9vio \u00e0 solicita\u00e7\u00e3o.<\/p>\n<h2 class=\"wp-block-heading\">Import\u00e2ncia do acesso ao seguro-desemprego para MEIs<\/h2>\n<p>Este avan\u00e7o legislativo representa um marco importante na luta por direitos mais equitativos para os trabalhadores aut\u00f4nomos do pa\u00eds. Ao proporcionar uma rede de seguran\u00e7a para os MEIs, a medida n\u00e3o s\u00f3 ajuda a proteger esses empreendedores em per\u00edodos de instabilidade financeira, como tamb\u00e9m fortalece o pr\u00f3prio sistema econ\u00f4mico, promovendo a formalidade e a sustentabilidade a longo prazo dessas microempresas.<\/p>\n<p>Com a continua\u00e7\u00e3o da tramita\u00e7\u00e3o deste projeto, espera-se que uma nova era de inclus\u00e3o e seguran\u00e7a seja iniciada para os Microempreendedores Individuais do Brasil, garantindo-lhes suporte em tempos de necessidade e reconhecendo sua contribui\u00e7\u00e3o vital para a economia nacional.<\/p>\n<\/p><\/div>\n<p><br \/>\n<br \/><a href=\"https:\/\/terrabrasilnoticias.com\/2024\/07\/avancos-no-seguro-desemprego-para-meis-entenda-o-novo-projeto-de-lei\/\">Source link <\/a><\/p>","protected":false},"excerpt":{"rendered":"<p>Recentemente, uma movimenta\u00e7\u00e3o significativa ocorreu na C\u00e2mara dos Deputados em rela\u00e7\u00e3o ao suporte financeiro aos Microempreendedores Individuais (MEI) do Brasil. Um novo projeto de lei, que busca incluir os MEIs&hellip;<\/p>","protected":false},"author":1,"featured_media":1985,"comment_status":"closed","ping_status":"open","sticky":false,"template":"","format":"standard","meta":{"content-type":"","footnotes":""},"categories":[16],"tags":[],"class_list":["post-1984","post","type-post","status-publish","format-standard","has-post-thumbnail","hentry","category-noticias"],"_links":{"self":[{"href":"https:\/\/tvbrazilusa.com\/pt\/wp-json\/wp\/v2\/posts\/1984","targetHints":{"allow":["GET"]}}],"collection":[{"href":"https:\/\/tvbrazilusa.com\/pt\/wp-json\/wp\/v2\/posts"}],"about":[{"href":"https:\/\/tvbrazilusa.com\/pt\/wp-json\/wp\/v2\/types\/post"}],"author":[{"embeddable":true,"href":"https:\/\/tvbrazilusa.com\/pt\/wp-json\/wp\/v2\/users\/1"}],"replies":[{"embeddable":true,"href":"https:\/\/tvbrazilusa.com\/pt\/wp-json\/wp\/v2\/comments?post=1984"}],"version-history":[{"count":1,"href":"https:\/\/tvbrazilusa.com\/pt\/wp-json\/wp\/v2\/posts\/1984\/revisions"}],"predecessor-version":[{"id":1986,"href":"https:\/\/tvbrazilusa.com\/pt\/wp-json\/wp\/v2\/posts\/1984\/revisions\/1986"}],"wp:featuredmedia":[{"embeddable":true,"href":"https:\/\/tvbrazilusa.com\/pt\/wp-json\/wp\/v2\/media\/1985"}],"wp:attachment":[{"href":"https:\/\/tvbrazilusa.com\/pt\/wp-json\/wp\/v2\/media?parent=1984"}],"wp:term":[{"taxonomy":"category","embeddable":true,"href":"https:\/\/tvbrazilusa.com\/pt\/wp-json\/wp\/v2\/categories?post=1984"},{"taxonomy":"post_tag","embeddable":true,"href":"https:\/\/tvbrazilusa.com\/pt\/wp-json\/wp\/v2\/tags?post=1984"}],"curies":[{"name":"wp","href":"https:\/\/api.w.org\/{rel}","templated":true}]}}