{"id":19914,"date":"2024-08-08T17:05:10","date_gmt":"2024-08-08T17:05:10","guid":{"rendered":"https:\/\/tvbrazilusa.com\/2024\/08\/08\/meteorologistas-ainda-preveem-temporada-de-furacoes-altamente-ativa-no-atlantico-na-atualizacao-de-meio-de-temporada\/"},"modified":"2024-08-08T17:16:35","modified_gmt":"2024-08-08T17:16:35","slug":"meteorologistas-ainda-preveem-temporada-de-furacoes-altamente-ativa-no-atlantico-na-atualizacao-de-meio-de-temporada","status":"publish","type":"post","link":"https:\/\/tvbrazilusa.com\/pt\/2024\/08\/08\/meteorologistas-ainda-preveem-temporada-de-furacoes-altamente-ativa-no-atlantico-na-atualizacao-de-meio-de-temporada\/","title":{"rendered":"Meteorologistas ainda preveem temporada de furac\u00f5es altamente ativa no Atl\u00e2ntico na atualiza\u00e7\u00e3o de meio de temporada"},"content":{"rendered":"<script async src=\"https:\/\/pagead2.googlesyndication.com\/pagead\/js\/adsbygoogle.js?client=ca-pub-8864793242727901\"\r\n     crossorigin=\"anonymous\"><\/script>\n<div id=\"\">\n<p class=\"dist__Box-sc-1fnzlkn-0 dist__TextBase-sc-1fnzlkn-3 CGHCP htMUPQ article-text\"><strong>MIAMI<\/strong> \u2013 Os meteorologistas federais ainda est\u00e3o prevendo uma temporada de furac\u00f5es no Atl\u00e2ntico altamente ativa, gra\u00e7as \u00e0s temperaturas quase recordes da superf\u00edcie do mar e \u00e0 possibilidade de La Ni\u00f1a, disseram autoridades na quinta-feira.<\/p>\n<p class=\"dist__Box-sc-1fnzlkn-0 dist__TextBase-sc-1fnzlkn-3 CGHCP htMUPQ article-text\">Administra\u00e7\u00e3o Oce\u00e2nica e Atmosf\u00e9rica Nacional <a href=\"https:\/\/www.noaa.gov\/news-release\/highly-active-hurricane-season-likely-to-continue-in-atlantic\">perspectiva atualizada de furac\u00f5es<\/a> disse que as condi\u00e7\u00f5es atmosf\u00e9ricas e oce\u00e2nicas prepararam o cen\u00e1rio para uma temporada de furac\u00f5es extremamente ativa que pode estar entre as mais movimentadas j\u00e1 registradas.<\/p>\n<p class=\"dist__Box-sc-1fnzlkn-0 dist__TextBase-sc-1fnzlkn-3 CGHCP htMUPQ article-text\">\u201cA temporada de furac\u00f5es come\u00e7ou cedo e violentamente com o furac\u00e3o Beryl, o primeiro furac\u00e3o de categoria 5 do Atl\u00e2ntico j\u00e1 registrado\u201d, disse o administrador da NOAA, Rick Spinrad, em uma declara\u00e7\u00e3o. \u201cA atualiza\u00e7\u00e3o da NOAA para a previs\u00e3o sazonal de furac\u00f5es \u00e9 um lembrete importante de que o pico da temporada de furac\u00f5es est\u00e1 logo ali, quando historicamente os impactos mais significativos de furac\u00f5es e tempestades tropicais tendem a ocorrer.\u201d<\/p>\n<p class=\"dist__Box-sc-1fnzlkn-0 dist__TextBase-sc-1fnzlkn-3 CGHCP htMUPQ article-text\">N\u00e3o mudou muita coisa desde <a href=\"https:\/\/apnews.com\/article\/hurricanes-busy-season-warm-water-la-nina-0fe7c4cb0367e8b56ac63ff663839df0\">previs\u00f5es<\/a> lan\u00e7ado em maio. Os meteorologistas ajustaram o n\u00famero de tempestades nomeadas esperadas de 17 para 25 para 17 para 24. Dessas tempestades nomeadas, 8 a 13 ainda t\u00eam probabilidade de se tornarem furac\u00f5es com ventos sustentados de pelo menos 75 mph, incluindo 4 a 7 grandes furac\u00f5es com ventos de pelo menos 111 mph.<\/p>\n<p class=\"dist__Box-sc-1fnzlkn-0 dist__TextBase-sc-1fnzlkn-3 CGHCP htMUPQ article-text\">Uma temporada m\u00e9dia de furac\u00f5es no Atl\u00e2ntico produz 14 tempestades nomeadas, sete delas furac\u00f5es e tr\u00eas grandes furac\u00f5es. A temporada de furac\u00f5es vai de 1\u00ba de junho a 30 de novembro.<\/p>\n<p class=\"dist__Box-sc-1fnzlkn-0 dist__TextBase-sc-1fnzlkn-3 CGHCP htMUPQ article-text\">A previs\u00e3o atualizada inclui duas tempestades tropicais e dois furac\u00f5es que j\u00e1 se formaram este ano. A \u00faltima tempestade, <a href=\"https:\/\/apnews.com\/article\/hurricane-tropical-storm-debby-flooding-d90428b0417df35fa1cae8b24793f5c5\">Furac\u00e3o Debby<\/a>atingiu a Costa do Golfo da Fl\u00f3rida na segunda-feira e ainda se movia pelas Carolinas como uma tempestade tropical na quinta-feira.<\/p>\n<p class=\"dist__Box-sc-1fnzlkn-0 dist__TextBase-sc-1fnzlkn-3 CGHCP htMUPQ article-text\">Quando meteorologistas observam o qu\u00e3o movimentada \u00e9 uma temporada de furac\u00f5es, dois fatores s\u00e3o mais importantes: temperaturas oce\u00e2nicas no Atl\u00e2ntico, onde as tempestades se formam e precisam de \u00e1gua morna como combust\u00edvel, e se h\u00e1 um La Ni\u00f1a ou El Ni\u00f1o, o resfriamento ou aquecimento natural e peri\u00f3dico das \u00e1guas do Oceano Pac\u00edfico que muda os padr\u00f5es clim\u00e1ticos em todo o mundo. Um La Ni\u00f1a tende a turbinar a atividade de tempestades no Atl\u00e2ntico enquanto deprime a tempestade no Pac\u00edfico, e um El Ni\u00f1o faz o oposto.<\/p>\n<p class=\"dist__Box-sc-1fnzlkn-0 dist__TextBase-sc-1fnzlkn-3 CGHCP htMUPQ article-text\">La Ni\u00f1a geralmente reduz ventos de alta altitude que podem decapitar furac\u00f5es, e geralmente durante uma La Ni\u00f1a h\u00e1 mais instabilidade ou tempestade na atmosfera, o que pode semear o desenvolvimento de furac\u00f5es. Tempestades obt\u00eam sua energia de \u00e1gua quente. Um El Ni\u00f1o que contribuiu para temperaturas recordes quentes no oceano por cerca de um ano terminou em junho, e os meteorologistas esperam que uma La Ni\u00f1a surja em algum momento entre setembro e novembro. Isso pode se sobrepor ao pico da temporada de furac\u00f5es, que geralmente \u00e9 de meados de agosto a meados de outubro.<\/p>\n<p class=\"dist__Box-sc-1fnzlkn-0 dist__TextBase-sc-1fnzlkn-3 CGHCP htMUPQ article-text\">Mesmo com o El Ni\u00f1o da temporada passada, que geralmente inibe tempestades, a \u00e1gua morna ainda levou a uma temporada de furac\u00f5es acima da m\u00e9dia. O ano passado teve 20 tempestades nomeadas, <a href=\"https:\/\/www.noaa.gov\/news-release\/2023-atlantic-hurricane-season-ranks-4th-for-most-named-storms-in-year\">o quarto maior desde 1950<\/a> e muito mais do que a m\u00e9dia de 14. Uma medi\u00e7\u00e3o geral da for\u00e7a, dura\u00e7\u00e3o e frequ\u00eancia das tempestades teve na \u00faltima temporada um n\u00famero 17% maior do que o normal.<\/p>\n<\/div>\n<p>Copyright 2024 The Associated Press. Todos os direitos reservados. Este material n\u00e3o pode ser publicado, transmitido, reescrito ou redistribu\u00eddo sem permiss\u00e3o.<\/p>\n<p><br \/>\n<br \/><a href=\"https:\/\/www.clickorlando.com\/news\/national\/2024\/08\/08\/forecasters-still-predict-highly-active-atlantic-hurricane-season-in-mid-season-update\/\">Source link <\/a><\/p>","protected":false},"excerpt":{"rendered":"<p>MIAMI \u2013 Os meteorologistas federais ainda est\u00e3o prevendo uma temporada de furac\u00f5es no Atl\u00e2ntico altamente ativa, gra\u00e7as \u00e0s temperaturas quase recordes da superf\u00edcie do mar e \u00e0 possibilidade de La&hellip;<\/p>","protected":false},"author":1,"featured_media":19915,"comment_status":"closed","ping_status":"open","sticky":false,"template":"","format":"standard","meta":{"content-type":"","footnotes":""},"categories":[1],"tags":[1477,3424,1360,1411],"class_list":["post-19914","post","type-post","status-publish","format-standard","has-post-thumbnail","hentry","category-uncategorized","tag-ambiente","tag-ciencia","tag-clima","tag-noticias-dos-eua"],"_links":{"self":[{"href":"https:\/\/tvbrazilusa.com\/pt\/wp-json\/wp\/v2\/posts\/19914","targetHints":{"allow":["GET"]}}],"collection":[{"href":"https:\/\/tvbrazilusa.com\/pt\/wp-json\/wp\/v2\/posts"}],"about":[{"href":"https:\/\/tvbrazilusa.com\/pt\/wp-json\/wp\/v2\/types\/post"}],"author":[{"embeddable":true,"href":"https:\/\/tvbrazilusa.com\/pt\/wp-json\/wp\/v2\/users\/1"}],"replies":[{"embeddable":true,"href":"https:\/\/tvbrazilusa.com\/pt\/wp-json\/wp\/v2\/comments?post=19914"}],"version-history":[{"count":1,"href":"https:\/\/tvbrazilusa.com\/pt\/wp-json\/wp\/v2\/posts\/19914\/revisions"}],"predecessor-version":[{"id":19916,"href":"https:\/\/tvbrazilusa.com\/pt\/wp-json\/wp\/v2\/posts\/19914\/revisions\/19916"}],"wp:featuredmedia":[{"embeddable":true,"href":"https:\/\/tvbrazilusa.com\/pt\/wp-json\/wp\/v2\/media\/19915"}],"wp:attachment":[{"href":"https:\/\/tvbrazilusa.com\/pt\/wp-json\/wp\/v2\/media?parent=19914"}],"wp:term":[{"taxonomy":"category","embeddable":true,"href":"https:\/\/tvbrazilusa.com\/pt\/wp-json\/wp\/v2\/categories?post=19914"},{"taxonomy":"post_tag","embeddable":true,"href":"https:\/\/tvbrazilusa.com\/pt\/wp-json\/wp\/v2\/tags?post=19914"}],"curies":[{"name":"wp","href":"https:\/\/api.w.org\/{rel}","templated":true}]}}