{"id":2013,"date":"2024-07-14T15:22:57","date_gmt":"2024-07-14T15:22:57","guid":{"rendered":"https:\/\/tvbrazilusa.com\/?p=2013"},"modified":"2024-07-14T15:27:54","modified_gmt":"2024-07-14T15:27:54","slug":"kate-middleton-faz-rara-aparicao-durante-tratamento-de-cancer-veja-video","status":"publish","type":"post","link":"https:\/\/tvbrazilusa.com\/pt\/2024\/07\/14\/kate-middleton-faz-rara-aparicao-durante-tratamento-de-cancer-veja-video\/","title":{"rendered":"Kate Middleton faz rara apari\u00e7\u00e3o durante tratamento de c\u00e2ncer; VEJA V\u00cdDEO"},"content":{"rendered":"<p> <script async src=\"https:\/\/pagead2.googlesyndication.com\/pagead\/js\/adsbygoogle.js?client=ca-pub-8864793242727901\"\r\n     crossorigin=\"anonymous\"><\/script><br \/>\n<\/p>\n<div>\n<p>Foto: Reprodu\u00e7\u00e3o.<\/p>\n<p>Ao lado da jovem Charlotte, com apenas 9 anos, a Princesa de Gales, Kate Middleton, impressionou a todos com sua radiante apari\u00e7\u00e3o na final masculina de Wimbledon. A princesa, aos 42 anos, mostrou-se resiliente e alegre, apesar de enfrentar um dos per\u00edodos mais desafiadores de sua vida ap\u00f3s o diagn\u00f3stico de c\u00e2ncer.<\/p>\n<p>Em um vestido roxo encantador, a princesa e sua filha foram o centro das aten\u00e7\u00f5es ao cruzarem a ic\u00f4nica ponte do campo, saudando calorosamente os espectadores presentes. Apesar das circunst\u00e2ncias pessoais, Kate manteve seu compromisso tradicional de entregar o prestigiado trof\u00e9u ao campe\u00e3o do torneio, um momento destacado amplamente pela m\u00eddia brit\u00e2nica.<\/p>\n<figure class=\"wp-block-image size-full\"><picture decoding=\"async\" class=\"wp-image-154633\"><source type=\"image\/webp\" srcset=\"https:\/\/terrabrasilnoticias.com\/wp-content\/uploads\/2024\/07\/image-431.png.webp 1000w, https:\/\/terrabrasilnoticias.com\/wp-content\/uploads\/2024\/07\/image-431-300x169.png.webp 300w, https:\/\/terrabrasilnoticias.com\/wp-content\/uploads\/2024\/07\/image-431-768x432.png.webp 768w, https:\/\/terrabrasilnoticias.com\/wp-content\/uploads\/2024\/07\/image-431-750x422.png.webp 750w\" sizes=\"(max-width: 1000px) 100vw, 1000px\"\/><\/picture>\n<\/figure>\n<h2 class=\"wp-block-heading\">Impacto da presen\u00e7a de Kate Middleton em Wimbledon<\/h2>\n<p>A chegada de Kate Middleton em Wimbledon n\u00e3o foi apenas uma exibi\u00e7\u00e3o de eleg\u00e2ncia real, mas tamb\u00e9m um ato de determina\u00e7\u00e3o e for\u00e7a. Segurando as m\u00e3os de sua jovem filha Charlotte, ela iluminou o evento, que tamb\u00e9m foi um s\u00edmbolo de continuidade e dever real.<\/p>\n<h2 class=\"wp-block-heading\">Assista o v\u00eddeo:<\/h2>\n<blockquote class=\"instagram-media\" data-instgrm-captioned=\"\" data-instgrm-permalink=\"https:\/\/www.instagram.com\/reel\/C9aG-xhRMon\/?utm_source=ig_embed&#038;utm_campaign=loading\" data-instgrm-version=\"14\" style=\" background:#FFF; border:0; border-radius:3px; box-shadow:0 0 1px 0 rgba(0,0,0,0.5),0 1px 10px 0 rgba(0,0,0,0.15); margin: 1px; max-width:540px; min-width:326px; padding:0; width:99.375%; width:-webkit-calc(100% - 2px); width:calc(100% - 2px);\"\/>\n<h2 class=\"wp-block-heading\">Resili\u00eancia e participa\u00e7\u00e3o social ap\u00f3s o diagn\u00f3stico<\/h2>\n<p>Ainda em tratamento, a Princesa Kate explicou anteriormente que tem vivido altos e baixos emocionais e f\u00edsicos, uma jornada de \u201cdias bons e dias ruins\u201d. Em um relato pessoal compartilhado, ela revelou que nos dias desfavor\u00e1veis, sente-se fraca e necessitada de repouso, mas aproveita cada momento de bem-estar para engajar-se em atividades que trazem alegria, como sua recente participa\u00e7\u00e3o em Wimbledon.<\/p>\n<figure class=\"wp-block-image size-full\"><picture decoding=\"async\" class=\"wp-image-154634\"><source type=\"image\/webp\" srcset=\"https:\/\/terrabrasilnoticias.com\/wp-content\/uploads\/2024\/07\/image-432.png.webp 1000w, https:\/\/terrabrasilnoticias.com\/wp-content\/uploads\/2024\/07\/image-432-300x169.png.webp 300w, https:\/\/terrabrasilnoticias.com\/wp-content\/uploads\/2024\/07\/image-432-768x432.png.webp 768w, https:\/\/terrabrasilnoticias.com\/wp-content\/uploads\/2024\/07\/image-432-750x422.png.webp 750w\" sizes=\"(max-width: 1000px) 100vw, 1000px\"\/><img fetchpriority=\"high\" decoding=\"async\" width=\"1000\" height=\"563\" src=\"https:\/\/terrabrasilnoticias.com\/wp-content\/uploads\/2024\/07\/image-432.png\" alt=\"\" srcset=\"https:\/\/terrabrasilnoticias.com\/wp-content\/uploads\/2024\/07\/image-432.png 1000w, https:\/\/terrabrasilnoticias.com\/wp-content\/uploads\/2024\/07\/image-432-300x169.png 300w, https:\/\/terrabrasilnoticias.com\/wp-content\/uploads\/2024\/07\/image-432-768x432.png 768w, https:\/\/terrabrasilnoticias.com\/wp-content\/uploads\/2024\/07\/image-432-750x422.png 750w\" sizes=\"(max-width: 1000px) 100vw, 1000px\"\/>\n<\/picture>\n<\/figure>\n<\/p><\/div>\n<p><script async defer src=\"https:\/\/platform.instagram.com\/en_US\/embeds.js\"><\/script><br \/>\n<br \/><br \/>\n<br \/><a href=\"https:\/\/terrabrasilnoticias.com\/2024\/07\/kate-middleton-faz-rara-aparicao-durante-tratamento-de-cancer-veja-video\/\">Source link <\/a><\/p>","protected":false},"excerpt":{"rendered":"<p>Foto: Reprodu\u00e7\u00e3o. Ao lado da jovem Charlotte, com apenas 9 anos, a Princesa de Gales, Kate Middleton, impressionou a todos com sua radiante apari\u00e7\u00e3o na final masculina de Wimbledon. A&hellip;<\/p>","protected":false},"author":1,"featured_media":2014,"comment_status":"closed","ping_status":"open","sticky":false,"template":"","format":"standard","meta":{"content-type":"","footnotes":""},"categories":[16],"tags":[],"class_list":["post-2013","post","type-post","status-publish","format-standard","has-post-thumbnail","hentry","category-noticias"],"_links":{"self":[{"href":"https:\/\/tvbrazilusa.com\/pt\/wp-json\/wp\/v2\/posts\/2013","targetHints":{"allow":["GET"]}}],"collection":[{"href":"https:\/\/tvbrazilusa.com\/pt\/wp-json\/wp\/v2\/posts"}],"about":[{"href":"https:\/\/tvbrazilusa.com\/pt\/wp-json\/wp\/v2\/types\/post"}],"author":[{"embeddable":true,"href":"https:\/\/tvbrazilusa.com\/pt\/wp-json\/wp\/v2\/users\/1"}],"replies":[{"embeddable":true,"href":"https:\/\/tvbrazilusa.com\/pt\/wp-json\/wp\/v2\/comments?post=2013"}],"version-history":[{"count":1,"href":"https:\/\/tvbrazilusa.com\/pt\/wp-json\/wp\/v2\/posts\/2013\/revisions"}],"predecessor-version":[{"id":2015,"href":"https:\/\/tvbrazilusa.com\/pt\/wp-json\/wp\/v2\/posts\/2013\/revisions\/2015"}],"wp:featuredmedia":[{"embeddable":true,"href":"https:\/\/tvbrazilusa.com\/pt\/wp-json\/wp\/v2\/media\/2014"}],"wp:attachment":[{"href":"https:\/\/tvbrazilusa.com\/pt\/wp-json\/wp\/v2\/media?parent=2013"}],"wp:term":[{"taxonomy":"category","embeddable":true,"href":"https:\/\/tvbrazilusa.com\/pt\/wp-json\/wp\/v2\/categories?post=2013"},{"taxonomy":"post_tag","embeddable":true,"href":"https:\/\/tvbrazilusa.com\/pt\/wp-json\/wp\/v2\/tags?post=2013"}],"curies":[{"name":"wp","href":"https:\/\/api.w.org\/{rel}","templated":true}]}}