{"id":2016,"date":"2024-07-14T15:44:59","date_gmt":"2024-07-14T15:44:59","guid":{"rendered":"https:\/\/tvbrazilusa.com\/?p=2016"},"modified":"2024-07-14T16:04:57","modified_gmt":"2024-07-14T16:04:57","slug":"jornalista-sergio-cabral-falece-aos-87-anos-tv-florida-usa-a-sua-tv-brasileira-nos-estados-unidos","status":"publish","type":"post","link":"https:\/\/tvbrazilusa.com\/pt\/2024\/07\/14\/jornalista-sergio-cabral-falece-aos-87-anos-tv-florida-usa-a-sua-tv-brasileira-nos-estados-unidos\/","title":{"rendered":"Jornalista S\u00e9rgio Cabral falece aos 87 anos \u2013 TV Florida USA \u2013 A sua TV Brasileira nos Estados Unidos"},"content":{"rendered":"<p> <script async src=\"https:\/\/pagead2.googlesyndication.com\/pagead\/js\/adsbygoogle.js?client=ca-pub-8864793242727901\"\r\n     crossorigin=\"anonymous\"><\/script><br \/>\n<\/p>\n<div>\n<p>Foto: Reprodu\u00e7\u00e3o\/ TV Globo.<\/p>\n<p>Na manh\u00e3 deste domingo (14), o renomado jornalista e pol\u00edtico S\u00e9rgio Cabral foi not\u00edcia ap\u00f3s sua morte no Rio de Janeiro, onde estava hospitalizado devido ao Mal de Alzheimer. Conhecido por sua paix\u00e3o pelas manifesta\u00e7\u00f5es culturais do Rio, Cabral deixou um legado que transcende gera\u00e7\u00f5es. Em uma declara\u00e7\u00e3o emocionada nas redes sociais, o ex-governador pediu ora\u00e7\u00f5es pela alma de Cabral \u201cpelo tudo que ele fez no Rio de Janeiro e no Brasil, pela m\u00fasica e pelo futebol, pela fam\u00edlia linda que ele construiu\u201d.<\/p>\n<blockquote class=\"instagram-media\" data-instgrm-captioned=\"\" data-instgrm-permalink=\"https:\/\/www.instagram.com\/reel\/C9Z-RNvxV8K\/?utm_source=ig_embed&#038;utm_campaign=loading\" data-instgrm-version=\"14\" style=\" background:#FFF; border:0; border-radius:3px; box-shadow:0 0 1px 0 rgba(0,0,0,0.5),0 1px 10px 0 rgba(0,0,0,0.15); margin: 1px; max-width:540px; min-width:326px; padding:0; width:99.375%; width:-webkit-calc(100% - 2px); width:calc(100% - 2px);\"\/>\n<p>Nascido no bairro de Cascadura, era torcedor fervoroso do Vasco da Gama, mas tamb\u00e9m uma figura ic\u00f4nica do samba, sendo um dos criadores do musical \u201cSassaricando \u2013 E o Rio inventou a marchinha\u201d. S\u00e9rgio se destacou no cen\u00e1rio jornal\u00edstico e pol\u00edtico, tendo uma atua\u00e7\u00e3o marcante como vereador no Rio e como membro do Tribunal de Contas do Munic\u00edpio. Sua contribui\u00e7\u00e3o para a cultura brasileira \u00e9 inestim\u00e1vel, com um acervo doado ao Museu da Imagem e do Som.<\/p>\n<h2 class=\"wp-block-heading\">Contribui\u00e7\u00e3o de S\u00e9rgio Cabral para o jornalismo e a cultura no Rio<\/h2>\n<p>S\u00e9rgio Cabral come\u00e7ou sua carreira jornal\u00edstica no Di\u00e1rio da Noite aos 20 anos, cobrindo principalmente \u00e1reas relacionadas \u00e0 m\u00fasica e ao carnaval no Jornal do Brasil. Ele foi um dos fundadores do \u201cO Pasquim\u201d, um jornal que desafiou a censura durante a ditadura militar, enfrentando pris\u00f5es por sua atividade no jornal. Cabral se definiu como um torcedor da Portela, mas tinha amor pela Mangueira, Salgueiro e Imp\u00e9rio Serrano, e tamb\u00e9m comentava os desfiles de escola de samba nos anos 80.<\/p>\n<figure class=\"wp-block-image size-full\"><picture decoding=\"async\" class=\"wp-image-154647\"><source type=\"image\/webp\" srcset=\"https:\/\/terrabrasilnoticias.com\/wp-content\/uploads\/2024\/07\/image-433.png.webp 600w, https:\/\/terrabrasilnoticias.com\/wp-content\/uploads\/2024\/07\/image-433-300x188.png.webp 300w\" sizes=\"(max-width: 600px) 100vw, 600px\"\/><\/picture>\n<\/figure>\n<h2 class=\"wp-block-heading\">Como S\u00e9rgio Cabral influenciou a pol\u00edtica carioca<\/h2>\n<p>Al\u00e9m de jornalista, S\u00e9rgio teve uma carreira pol\u00edtica not\u00f3ria, servindo como vereador do Rio de Janeiro de 1983 a 1993. Posteriormente, foi conselheiro do Tribunal de Contas do Munic\u00edpio at\u00e9 sua aposentadoria em 2007. Sua influ\u00eancia estendeu-se por mais de duas d\u00e9cadas, per\u00edodo no qual trabalhou intensamente para o desenvolvimento cultural e social da cidade.<\/p>\n<figure class=\"wp-block-image size-full\"><picture decoding=\"async\" class=\"wp-image-154649\"><source type=\"image\/webp\" srcset=\"https:\/\/terrabrasilnoticias.com\/wp-content\/uploads\/2024\/07\/image-435.png.webp 600w, https:\/\/terrabrasilnoticias.com\/wp-content\/uploads\/2024\/07\/image-435-300x219.png.webp 300w\" sizes=\"(max-width: 600px) 100vw, 600px\"\/><\/picture>\n<\/figure>\n<h2 class=\"wp-block-heading\">A paix\u00e3o de S\u00e9rgio Cabral pela m\u00fasica e sua cole\u00e7\u00e3o inestim\u00e1vel<\/h2>\n<p>Como autor, S\u00e9rgio Cabral escreveu cerca de 20 livros, incluindo biografias de grandes nomes da m\u00fasica brasileira como Tom Jobim, Pixinguinha e Eliseth Cardoso. Ele deixou uma not\u00e1vel cole\u00e7\u00e3o de mais de 60 mil itens entre partituras e documentos, refletindo seu profundo envolvimento com a m\u00fasica brasileira. Esta vasta cole\u00e7\u00e3o foi generosamente doada ao Museu da Imagem e do Som, garantindo que futuras gera\u00e7\u00f5es possam apreciar e estudar a rica hist\u00f3ria da m\u00fasica nacional.<\/p>\n<p>At\u00e9 o momento desta publica\u00e7\u00e3o, ainda n\u00e3o foram divulgadas informa\u00e7\u00f5es sobre o vel\u00f3rio e enterro de S\u00e9rgio Cabral, que deixa sua esposa e tr\u00eas filhos. Sua morte marca o fim de uma era de intenso envolvimento e amor pelas tradi\u00e7\u00f5es do Rio de Janeiro e deixa um vazio no cora\u00e7\u00e3o de todos aqueles que o conheceram ou foram tocados por seu trabalho e paix\u00e3o.<\/p>\n<figure class=\"wp-block-image size-full\"><picture loading=\"lazy\" decoding=\"async\" class=\"wp-image-154648\"><source type=\"image\/webp\" srcset=\"https:\/\/terrabrasilnoticias.com\/wp-content\/uploads\/2024\/07\/image-434.png.webp 600w, https:\/\/terrabrasilnoticias.com\/wp-content\/uploads\/2024\/07\/image-434-300x224.png.webp 300w\" sizes=\"(max-width: 600px) 100vw, 600px\"\/><img loading=\"lazy\" decoding=\"async\" width=\"600\" height=\"447\" src=\"https:\/\/terrabrasilnoticias.com\/wp-content\/uploads\/2024\/07\/image-434.png\" alt=\"\" srcset=\"https:\/\/terrabrasilnoticias.com\/wp-content\/uploads\/2024\/07\/image-434.png 600w, https:\/\/terrabrasilnoticias.com\/wp-content\/uploads\/2024\/07\/image-434-300x224.png 300w\" sizes=\"auto, (max-width: 600px) 100vw, 600px\"\/>\n<\/picture>\n<\/figure>\n<\/div>\n<p><script async defer src=\"https:\/\/platform.instagram.com\/en_US\/embeds.js\"><\/script><br \/>\n<br \/><br \/>\n<br \/><a href=\"https:\/\/tvfloridausa.com\/2024\/07\/14\/jornalista-sergio-cabral-falece-aos-87-anos\/\">Source link <\/a><\/p>","protected":false},"excerpt":{"rendered":"<p>Foto: Reprodu\u00e7\u00e3o\/ TV Globo. Na manh\u00e3 deste domingo (14), o renomado jornalista e pol\u00edtico S\u00e9rgio Cabral foi not\u00edcia ap\u00f3s sua morte no Rio de Janeiro, onde estava hospitalizado devido ao&hellip;<\/p>","protected":false},"author":1,"featured_media":2017,"comment_status":"closed","ping_status":"open","sticky":false,"template":"","format":"standard","meta":{"content-type":"","footnotes":""},"categories":[22],"tags":[],"class_list":["post-2016","post","type-post","status-publish","format-standard","has-post-thumbnail","hentry","category-tv-florida-usa"],"_links":{"self":[{"href":"https:\/\/tvbrazilusa.com\/pt\/wp-json\/wp\/v2\/posts\/2016","targetHints":{"allow":["GET"]}}],"collection":[{"href":"https:\/\/tvbrazilusa.com\/pt\/wp-json\/wp\/v2\/posts"}],"about":[{"href":"https:\/\/tvbrazilusa.com\/pt\/wp-json\/wp\/v2\/types\/post"}],"author":[{"embeddable":true,"href":"https:\/\/tvbrazilusa.com\/pt\/wp-json\/wp\/v2\/users\/1"}],"replies":[{"embeddable":true,"href":"https:\/\/tvbrazilusa.com\/pt\/wp-json\/wp\/v2\/comments?post=2016"}],"version-history":[{"count":1,"href":"https:\/\/tvbrazilusa.com\/pt\/wp-json\/wp\/v2\/posts\/2016\/revisions"}],"predecessor-version":[{"id":2018,"href":"https:\/\/tvbrazilusa.com\/pt\/wp-json\/wp\/v2\/posts\/2016\/revisions\/2018"}],"wp:featuredmedia":[{"embeddable":true,"href":"https:\/\/tvbrazilusa.com\/pt\/wp-json\/wp\/v2\/media\/2017"}],"wp:attachment":[{"href":"https:\/\/tvbrazilusa.com\/pt\/wp-json\/wp\/v2\/media?parent=2016"}],"wp:term":[{"taxonomy":"category","embeddable":true,"href":"https:\/\/tvbrazilusa.com\/pt\/wp-json\/wp\/v2\/categories?post=2016"},{"taxonomy":"post_tag","embeddable":true,"href":"https:\/\/tvbrazilusa.com\/pt\/wp-json\/wp\/v2\/tags?post=2016"}],"curies":[{"name":"wp","href":"https:\/\/api.w.org\/{rel}","templated":true}]}}