{"id":20294,"date":"2024-08-09T00:09:32","date_gmt":"2024-08-09T00:09:32","guid":{"rendered":"https:\/\/tvbrazilusa.com\/2024\/08\/09\/miami-sedia-festa-de-uniao-cultural-para-o-dia-mundial-dos-povos-indigenas-wsvn-7news-noticias-de-miami-clima-esportes-fort-lauderdale\/"},"modified":"2024-08-09T00:34:24","modified_gmt":"2024-08-09T00:34:24","slug":"miami-sedia-festa-de-uniao-cultural-para-o-dia-mundial-dos-povos-indigenas-wsvn-7news-noticias-de-miami-clima-esportes-fort-lauderdale","status":"publish","type":"post","link":"https:\/\/tvbrazilusa.com\/pt\/2024\/08\/09\/miami-sedia-festa-de-uniao-cultural-para-o-dia-mundial-dos-povos-indigenas-wsvn-7news-noticias-de-miami-clima-esportes-fort-lauderdale\/","title":{"rendered":"Miami sedia festa de uni\u00e3o cultural para o Dia Mundial dos Povos Ind\u00edgenas &#8211; WSVN 7News | Not\u00edcias de Miami, Clima, Esportes | Fort Lauderdale"},"content":{"rendered":"<p> <script async src=\"https:\/\/pagead2.googlesyndication.com\/pagead\/js\/adsbygoogle.js?client=ca-pub-8864793242727901\"\r\n     crossorigin=\"anonymous\"><\/script><br \/>\n<\/p>\n<div itemprop=\"articleBody\">\n<p>Todo ano, no dia 9 de agosto \u2014 \u00e9 o \u201cdia mundial dos povos ind\u00edgenas\u201d e Miami est\u00e1 sediando uma celebra\u00e7\u00e3o, para trazer harmonia a todos n\u00f3s. Um influenciador hol\u00edstico est\u00e1 trazendo sensa\u00e7\u00f5es m\u00e1gicas para a cidade m\u00e1gica. De performances ardentes a comidas deliciosas, a noite promete uni\u00e3o.<\/p>\n<p>Comemorar o \u201cDia Mundial dos Povos Ind\u00edgenas\u201d em 9 de agosto \u00e9 uma experi\u00eancia que agrada a todos.<\/p>\n<p>Fabienne Claude, fundadora da Go Green Fashionista: \u201cEste \u00e9 o momento em que vemos a cultura internacional e n\u00f3s como uma uni\u00e3o de coexist\u00eancia. Ent\u00e3o, \u00e9 amar a terra, ao mesmo tempo, apenas um dia vibrante de amor e risos.\u201d<\/p>\n<p>No Zey Zey de Miami, Fabienne Claude est\u00e1 liderando o caminho para unificar o 305, um passo hol\u00edstico de cada vez.<\/p>\n<p>Fabienne Claude: \u201cEste \u00e9 o oitavo ano. Oitavo evento ind\u00edgena anual. \u00c9 uma sabedoria da cultura mundial. H\u00e1 moda, m\u00fasica e arte, no meio da unifica\u00e7\u00e3o de todas as culturas, eu sempre come\u00e7o este evento com uma ora\u00e7\u00e3o. Coisas divertidas, apenas as performances em geral. H\u00e1 dan\u00e7a do fogo.\u201d<\/p>\n<p>Allison \u201cChi\u201d Harrison: \u201cO que estou fazendo quando dan\u00e7o \u00e9 me conectar com a energia do fogo. Essa \u00e9 uma energia de celebra\u00e7\u00e3o da vida, luz e purifica\u00e7\u00e3o. Ent\u00e3o, eu apenas permito que isso flua atrav\u00e9s de mim e ou\u00e7o o fogo.\u201d<\/p>\n<p>Para o dan\u00e7arino do fogo, \u201cChi\u201d, unir-se como um \u00e9 importante.<\/p>\n<p>Allison \u201cChi\u201d Harrison: \u201cPoder se reunir e ter um evento inteiro que \u00e9 vivificado, eu gosto de dizer vivificado em vez de dedicado, mas que \u00e9 vivificado para isso. Isso significa muito para mim, para mim significa muita evolu\u00e7\u00e3o dentro de n\u00f3s.\u201d<\/p>\n<p>Haver\u00e1 comida, bebidas de frutas naturais, uma \u00e1rea para crian\u00e7as e um spa lounge.<\/p>\n<p>Sharelle Hall: \u201cAya \u00e9 um coletivo de bem-estar, uma farm\u00e1cia hol\u00edstica e um spa botic\u00e1rio aqui em Miami. Ent\u00e3o, temos v\u00e1rios talentos. Temos massoterapia, mas n\u00e3o qualquer massoterapia, esta ser\u00e1 com manteiga de karit\u00e9 crua da \u00c1frica. Tamb\u00e9m temos medicina tradicional chinesa e acupuntura e tamb\u00e9m temos massagem elevada na cabe\u00e7a derivada da \u00cdndia.\u201d<\/p>\n<p>A experi\u00eancia de cura \u201cAya\u201d est\u00e1 inclu\u00edda no seu ingresso para o evento de US$ 25.<\/p>\n<p>Sharelle Hall: \u201cEstou sempre procurando pessoas que se pare\u00e7am comigo. Sinto que isso mostra isso. Isso destaca que essas coisas existem em Miami. Miami \u00e9 um verdadeiro smorgurburg, um caldeir\u00e3o de tantas culturas diferentes, ent\u00e3o \u00e9 lindo fazer parte disso.\u201d<\/p>\n<p>PARA MAIS INFORMA\u00c7\u00d5ES:<br \/>Sabedoria da Cultura Mundial<br \/>20h \u00e0s 2h<br \/>ZeyZey Miami: 353 NE 61st St, Miami, FL 33137<br \/>Ingressos: <a href=\"https:\/\/buy.stripe.com\/cN200Tfkm1aD3x65ky\">https:\/\/buy.stripe.com\/cN200Tfkm1aD3x65ky<\/a><\/p>\n<p><em>Copyright 2024 Sunbeam Television Corp. Todos os direitos reservados. Este material n\u00e3o pode ser publicado, transmitido, reescrito ou redistribu\u00eddo.<\/em><\/p>\n<div class=\"wp-block-newsletter\">\n\t<strong class=\"wp-block-newsletter__title\">Inscreva-se em nossa Newsletter para receber as \u00faltimas not\u00edcias diretamente na sua caixa de entrada<\/strong><\/p>\n<\/div><\/div>\n<p><br \/>\n<br \/><a href=\"https:\/\/wsvn.com\/entertainment\/deco-drive\/miami-hosts-a-cultural-unity-party-for-worlds-indigenous-people-day\/\">Source link <\/a><\/p>","protected":false},"excerpt":{"rendered":"<p>Todo ano, no dia 9 de agosto \u2014 \u00e9 o \u201cdia mundial dos povos ind\u00edgenas\u201d e Miami est\u00e1 sediando uma celebra\u00e7\u00e3o, para trazer harmonia a todos n\u00f3s. Um influenciador hol\u00edstico&hellip;<\/p>","protected":false},"author":1,"featured_media":20295,"comment_status":"closed","ping_status":"open","sticky":false,"template":"","format":"standard","meta":{"content-type":"","footnotes":""},"categories":[1],"tags":[],"class_list":["post-20294","post","type-post","status-publish","format-standard","has-post-thumbnail","hentry","category-uncategorized"],"_links":{"self":[{"href":"https:\/\/tvbrazilusa.com\/pt\/wp-json\/wp\/v2\/posts\/20294","targetHints":{"allow":["GET"]}}],"collection":[{"href":"https:\/\/tvbrazilusa.com\/pt\/wp-json\/wp\/v2\/posts"}],"about":[{"href":"https:\/\/tvbrazilusa.com\/pt\/wp-json\/wp\/v2\/types\/post"}],"author":[{"embeddable":true,"href":"https:\/\/tvbrazilusa.com\/pt\/wp-json\/wp\/v2\/users\/1"}],"replies":[{"embeddable":true,"href":"https:\/\/tvbrazilusa.com\/pt\/wp-json\/wp\/v2\/comments?post=20294"}],"version-history":[{"count":1,"href":"https:\/\/tvbrazilusa.com\/pt\/wp-json\/wp\/v2\/posts\/20294\/revisions"}],"predecessor-version":[{"id":20296,"href":"https:\/\/tvbrazilusa.com\/pt\/wp-json\/wp\/v2\/posts\/20294\/revisions\/20296"}],"wp:featuredmedia":[{"embeddable":true,"href":"https:\/\/tvbrazilusa.com\/pt\/wp-json\/wp\/v2\/media\/20295"}],"wp:attachment":[{"href":"https:\/\/tvbrazilusa.com\/pt\/wp-json\/wp\/v2\/media?parent=20294"}],"wp:term":[{"taxonomy":"category","embeddable":true,"href":"https:\/\/tvbrazilusa.com\/pt\/wp-json\/wp\/v2\/categories?post=20294"},{"taxonomy":"post_tag","embeddable":true,"href":"https:\/\/tvbrazilusa.com\/pt\/wp-json\/wp\/v2\/tags?post=20294"}],"curies":[{"name":"wp","href":"https:\/\/api.w.org\/{rel}","templated":true}]}}