{"id":20335,"date":"2024-08-09T01:41:29","date_gmt":"2024-08-09T01:41:29","guid":{"rendered":"https:\/\/tvbrazilusa.com\/2024\/08\/09\/agu-vai-recorrer-de-acordao-do-tcu-que-podera-beneficiar-bolsonaro-paulo-figueiredo\/"},"modified":"2024-08-09T01:58:51","modified_gmt":"2024-08-09T01:58:51","slug":"agu-vai-recorrer-de-acordao-do-tcu-que-podera-beneficiar-bolsonaro-paulo-figueiredo","status":"publish","type":"post","link":"https:\/\/tvbrazilusa.com\/pt\/2024\/08\/09\/agu-vai-recorrer-de-acordao-do-tcu-que-podera-beneficiar-bolsonaro-paulo-figueiredo\/","title":{"rendered":"AGU vai recorrer de ac\u00f3rd\u00e3o do TCU que poder\u00e1 beneficiar Bolsonaro &#8211; Paulo Figueiredo"},"content":{"rendered":"<p> <script async src=\"https:\/\/pagead2.googlesyndication.com\/pagead\/js\/adsbygoogle.js?client=ca-pub-8864793242727901\"\r\n     crossorigin=\"anonymous\"><\/script><br \/>\n<\/p>\n<div id=\"wtr-content\" data-bg=\"#FFFFFF\" data-fg=\"#006d91\" data-width=\"25\" data-mute=\"1\" data-fgopacity=\"1.00\" data-mutedopacity=\"0.5\" data-placement=\"bottom\" data-placement-offset=\"0\" data-content-offset=\"262\" data-placement-touch=\"bottom\" data-placement-offset-touch=\"0\" data-transparent=\"\" data-shadow=\"0\" data-touch=\"1\" data-non-touch=\"1\" data-comments=\"0\" data-commentsbg=\"transparent\" data-location=\"page\" data-mutedfg=\"#006d91\" data-endfg=\"#006d91\" data-rtl=\"\">\n<h3 class=\"wp-block-heading\">Tese da Corte de Contas permite que Lula fique com rel\u00f3gio de luxo e fortalece defesa do ex-presidente em caso das joias sauditas<\/h3>\n<p>A\u00a0AGU\u00a0(Advocacia Geral da Uni\u00e3o) vai recorrer do ac\u00f3rd\u00e3o do\u00a0TCU\u00a0(Tribunal de Contas da Uni\u00e3o) que\u00a0permitiu\u00a0ao presidente\u00a0Luiz In\u00e1cio Lula da Silva\u00a0(PT) manter em sua posse um rel\u00f3gio de ouro recebido em 2005 durante o exerc\u00edcio de seu 1\u00ba mandato na Presid\u00eancia da Rep\u00fablica. Na vis\u00e3o da entidade, a tese que deveria ter se sa\u00eddo vencedora do plen\u00e1rio da Corte de Contas era de que presentes de cunho personal\u00edssimo dados aos presidente antes de 2016 n\u00e3o precisam ser incorporados ao patrim\u00f4nio da Uni\u00e3o.<\/p>\n<p>Embora o resultado para Lula seja o mesmo \u2013ele pode manter o rel\u00f3gio de ouro em sua posse\u2013 essa mudan\u00e7a no entendimento pode enfraquecer a defesa do ex-presidente\u00a0Jair Bolsonaro\u00a0(PL) no\u00a0caso das joias sauditas. Segundo o ac\u00f3rd\u00e3o definido na 4\u00aa feira (7.ago.2024), Lula n\u00e3o precisa devolver o rel\u00f3gio porque n\u00e3o h\u00e1 uma lei que define um valor m\u00e1ximo de itens que podem ser apropriados pelo chefe de Estado. Nessa l\u00f3gica, n\u00e3o haveria crime no fato de Bolsonaro ter desviado as joias avaliadas em R$ 6,8 milh\u00f5es.<\/p>\n<p>A tese que agrada a AGU foi apresentada no plen\u00e1rio do TCU pelo ministro Antonio Anastasia. A justificativa \u00e9 de que o TCU s\u00f3 proferiu uma decis\u00e3o sobre o tema em 2016, determinando que itens de alto valor e de uso n\u00e3o-pessoal s\u00e3o propriedades do Estado. Assim sendo, o entendimento n\u00e3o poderia retroagir a 2005, mas seria aplicado no caso das joias.<\/p>\n<p>Contudo, o voto apresentado pelo ministro Jorge Oliveira foi o que saiu vencedor. Na vis\u00e3o de Oliveira, n\u00e3o h\u00e1 justificativa legal para obrigar a devolu\u00e7\u00e3o do rel\u00f3gio e de outros presentes porque nunca foi definido um valor que definisse o conceito de \u201calto valor\u201d dos presente. O ministro afirmou que cabe ao Congresso Nacional estabelecer normas sobre os valores dos itens \u201cpersonal\u00edssimos\u201d que podem ficar em posse do presidente.<\/p>\n<p>Na pr\u00e1tica, enquanto o entendimento de Anastasia se aplicaria s\u00f3 a presentes recebidos antes de 2016, o de Oliveira se aplica a todos os presentes recebidos por presidentes at\u00e9 agora, uma vez que n\u00e3o h\u00e1 legisla\u00e7\u00e3o espec\u00edfica que estipule qual o valor de um presente para que ele seja considerado caro ou uma regra que o classifique como de uso pessoal.<\/p>\n<p><strong>Horas depois do ac\u00f3rd\u00e3o, a defesa do ex-presidente\u00a0disse\u00a0ao\u00a0Poder360\u00a0que ir\u00e1 pedir o arquivamento do caso das joias\u00a0<em>\u201cimediatamente\u201d<\/em>.<\/strong><\/p>\n<p><strong><a href=\"https:\/\/www.poder360.com.br\/poder-governo\/agu-vai-recorrer-de-acordao-do-tcu-que-beneficiou-bolsonaro\/\">Source link<\/a><\/strong><\/p>\n<\/div>\n<p><br \/>\n<br \/><a href=\"https:\/\/paulofigueiredoshow.com\/agu-vai-recorrer-de-acordao-do-tcu-que-podera-beneficiar-bolsonaro\/\">Source link <\/a><\/p>","protected":false},"excerpt":{"rendered":"<p>Tese da Corte de Contas permite que Lula fique com rel\u00f3gio de luxo e fortalece defesa do ex-presidente em caso das joias sauditas A\u00a0AGU\u00a0(Advocacia Geral da Uni\u00e3o) vai recorrer do&hellip;<\/p>","protected":false},"author":1,"featured_media":20336,"comment_status":"closed","ping_status":"open","sticky":false,"template":"","format":"standard","meta":{"content-type":"","footnotes":""},"categories":[16],"tags":[9360,8952,136,2368,724,89,1378,516,669],"class_list":["post-20335","post","type-post","status-publish","format-standard","has-post-thumbnail","hentry","category-noticias","tag-9360","tag-agu","tag-bolsonaro","tag-contas","tag-joias","tag-lula","tag-pt","tag-relogio","tag-tcu"],"_links":{"self":[{"href":"https:\/\/tvbrazilusa.com\/pt\/wp-json\/wp\/v2\/posts\/20335","targetHints":{"allow":["GET"]}}],"collection":[{"href":"https:\/\/tvbrazilusa.com\/pt\/wp-json\/wp\/v2\/posts"}],"about":[{"href":"https:\/\/tvbrazilusa.com\/pt\/wp-json\/wp\/v2\/types\/post"}],"author":[{"embeddable":true,"href":"https:\/\/tvbrazilusa.com\/pt\/wp-json\/wp\/v2\/users\/1"}],"replies":[{"embeddable":true,"href":"https:\/\/tvbrazilusa.com\/pt\/wp-json\/wp\/v2\/comments?post=20335"}],"version-history":[{"count":1,"href":"https:\/\/tvbrazilusa.com\/pt\/wp-json\/wp\/v2\/posts\/20335\/revisions"}],"predecessor-version":[{"id":20337,"href":"https:\/\/tvbrazilusa.com\/pt\/wp-json\/wp\/v2\/posts\/20335\/revisions\/20337"}],"wp:featuredmedia":[{"embeddable":true,"href":"https:\/\/tvbrazilusa.com\/pt\/wp-json\/wp\/v2\/media\/20336"}],"wp:attachment":[{"href":"https:\/\/tvbrazilusa.com\/pt\/wp-json\/wp\/v2\/media?parent=20335"}],"wp:term":[{"taxonomy":"category","embeddable":true,"href":"https:\/\/tvbrazilusa.com\/pt\/wp-json\/wp\/v2\/categories?post=20335"},{"taxonomy":"post_tag","embeddable":true,"href":"https:\/\/tvbrazilusa.com\/pt\/wp-json\/wp\/v2\/tags?post=20335"}],"curies":[{"name":"wp","href":"https:\/\/api.w.org\/{rel}","templated":true}]}}