{"id":20350,"date":"2024-08-09T02:38:14","date_gmt":"2024-08-09T02:38:14","guid":{"rendered":"https:\/\/tvbrazilusa.com\/2024\/08\/09\/filipe-martins-esta-submetido-a-tortura-por-moraes-diz-sebastiao-coelho-paulo-figueiredo\/"},"modified":"2024-08-09T02:40:16","modified_gmt":"2024-08-09T02:40:16","slug":"filipe-martins-esta-submetido-a-tortura-por-moraes-diz-sebastiao-coelho-paulo-figueiredo","status":"publish","type":"post","link":"https:\/\/tvbrazilusa.com\/pt\/2024\/08\/09\/filipe-martins-esta-submetido-a-tortura-por-moraes-diz-sebastiao-coelho-paulo-figueiredo\/","title":{"rendered":"\u2018Filipe Martins est\u00e1 submetido a tortura por Moraes\u2019, diz Sebasti\u00e3o Coelho &#8211; Paulo Figueiredo"},"content":{"rendered":"<p> <script async src=\"https:\/\/pagead2.googlesyndication.com\/pagead\/js\/adsbygoogle.js?client=ca-pub-8864793242727901\"\r\n     crossorigin=\"anonymous\"><\/script><br \/>\n<\/p>\n<div id=\"wtr-content\" data-bg=\"#FFFFFF\" data-fg=\"#006d91\" data-width=\"25\" data-mute=\"1\" data-fgopacity=\"1.00\" data-mutedopacity=\"0.5\" data-placement=\"bottom\" data-placement-offset=\"0\" data-content-offset=\"262\" data-placement-touch=\"bottom\" data-placement-offset-touch=\"0\" data-transparent=\"\" data-shadow=\"0\" data-touch=\"1\" data-non-touch=\"1\" data-comments=\"0\" data-commentsbg=\"transparent\" data-location=\"page\" data-mutedfg=\"#006d91\" data-endfg=\"#006d91\" data-rtl=\"\">\n<p>O ex-desembargador Sebasti\u00e3o Coelho disse que Filipe Martins, ex-assessor de Assuntos Internacionais do ex-presidente Jair Bolsonaro, \u201cest\u00e1 submetido a tortura\u201d pelo ministro Alexandre de Moraes, do\u00a0<strong>Supremo Tribunal Federal<\/strong>\u00a0(STF). <\/p>\n<p>\u201cEsse caso do Filipe Martins \u00e9 um que classifico como tortura\u201d, disse Coelho, que tamb\u00e9m participa da defesa do ex-assessor de Bolsonaro. \u201cFilipe Martins est\u00e1 submetido a tortura pelo senhor ministro Alexandre de Moraes. Isso \u00e9 uma convic\u00e7\u00e3o que estou sonhando? N\u00e3o, est\u00e1 na Lei 4955\/97 que elenca os crimes.\u201d<\/p>\n<p>Filipe Martins est\u00e1 preso desde fevereiro sob a acusa\u00e7\u00e3o de ter viajado para os Estados Unidos em dezembro de 2022.\u00a0<strong>A defesa comprovou que a viagem n\u00e3o ocorreu<\/strong>. A Pol\u00edcia Federal tem o ex-assessor como alvo na Opera\u00e7\u00e3o Tempus Veritatis, que investiga uma suposta tentativa de golpe por Bolsonaro.<\/p>\n<p>Durante o\u00a0<strong>Oeste Sem Filtro<\/strong>, o advogado de Martins tamb\u00e9m acusou Moraes de praticar \u201cabuso de autoridade\u201d por n\u00e3o conceder a liberdade provis\u00f3ria ao ex-assessor.\u00a0<\/p>\n<p>\u201c\u00c9 surreal, em 48 anos, nunca vi um caso como esse, do Filipe Martins\u201d, afirmou Coelho. \u201cSei que o Alexandre de Moraes tem praticado v\u00e1rios abusos, em v\u00e1rios casos. Especialmente em rela\u00e7\u00e3o ao 8 de janeiro, com rela\u00e7\u00e3o ao \u2018Inqu\u00e9rito das\u00a0<em>Fake News<\/em>\u2019 e no \u2018Inqu\u00e9rito das Mil\u00edcias Digitais\u2019.\u201d<\/p>\n<h3 class=\"wp-block-heading\">MP n\u00e3o acusou Filipe Martins<\/h3>\n<p>Coelho explicou que o Minist\u00e9rio P\u00fablico (MP) \u00e9 o \u00f3rg\u00e3o respons\u00e1vel por realizar as acusa\u00e7\u00f5es no \u00e2mbito das causas p\u00fablicas. Portanto, n\u00e3o havendo um acusador particular, n\u00e3o h\u00e1 motivos para investigar. No caso de Martins, o MP n\u00e3o fez uma acusa\u00e7\u00e3o e, por isso, o advogado cobrou o arquivamento da investiga\u00e7\u00e3o.<\/p>\n<p>\u201cO Minist\u00e9rio P\u00fablico \u00e9 o titular exclusivo da a\u00e7\u00e3o penal p\u00fablica\u201d, explicou Coelho. \u201cSe o MP n\u00e3o oferecer uma den\u00fancia o juiz nada pode fazer. Ele n\u00e3o pode ter uma a\u00e7\u00e3o subsidi\u00e1ria, como tem o particular. O juiz tem que arquivar.\u201d<\/p>\n<p><strong><a href=\"https:\/\/revistaoeste.com\/politica\/filipe-martins-esta-submetido-a-tortura-por-moraes-diz-sebastiao-coelho\/\">Source link<\/a><\/strong><\/p>\n<\/div>\n<p><br \/>\n<br \/><a href=\"https:\/\/paulofigueiredoshow.com\/filipe-martins-esta-submetido-a-tortura-por-moraes-diz-sebastiao-coelho\/\">Source link <\/a><\/p>","protected":false},"excerpt":{"rendered":"<p>O ex-desembargador Sebasti\u00e3o Coelho disse que Filipe Martins, ex-assessor de Assuntos Internacionais do ex-presidente Jair Bolsonaro, \u201cest\u00e1 submetido a tortura\u201d pelo ministro Alexandre de Moraes, do\u00a0Supremo Tribunal Federal\u00a0(STF). \u201cEsse caso&hellip;<\/p>","protected":false},"author":1,"featured_media":20351,"comment_status":"closed","ping_status":"open","sticky":false,"template":"","format":"standard","meta":{"content-type":"","footnotes":""},"categories":[16],"tags":[136,592,679,796,425,3200,2063,5958,757,894,871,9361,4767],"class_list":["post-20350","post","type-post","status-publish","format-standard","has-post-thumbnail","hentry","category-noticias","tag-bolsonaro","tag-eua","tag-filipe","tag-investigacao","tag-moraes","tag-mp","tag-pf","tag-preso-politico","tag-provas","tag-sebastiao","tag-stf","tag-torntura","tag-tortura"],"_links":{"self":[{"href":"https:\/\/tvbrazilusa.com\/pt\/wp-json\/wp\/v2\/posts\/20350","targetHints":{"allow":["GET"]}}],"collection":[{"href":"https:\/\/tvbrazilusa.com\/pt\/wp-json\/wp\/v2\/posts"}],"about":[{"href":"https:\/\/tvbrazilusa.com\/pt\/wp-json\/wp\/v2\/types\/post"}],"author":[{"embeddable":true,"href":"https:\/\/tvbrazilusa.com\/pt\/wp-json\/wp\/v2\/users\/1"}],"replies":[{"embeddable":true,"href":"https:\/\/tvbrazilusa.com\/pt\/wp-json\/wp\/v2\/comments?post=20350"}],"version-history":[{"count":1,"href":"https:\/\/tvbrazilusa.com\/pt\/wp-json\/wp\/v2\/posts\/20350\/revisions"}],"predecessor-version":[{"id":20352,"href":"https:\/\/tvbrazilusa.com\/pt\/wp-json\/wp\/v2\/posts\/20350\/revisions\/20352"}],"wp:featuredmedia":[{"embeddable":true,"href":"https:\/\/tvbrazilusa.com\/pt\/wp-json\/wp\/v2\/media\/20351"}],"wp:attachment":[{"href":"https:\/\/tvbrazilusa.com\/pt\/wp-json\/wp\/v2\/media?parent=20350"}],"wp:term":[{"taxonomy":"category","embeddable":true,"href":"https:\/\/tvbrazilusa.com\/pt\/wp-json\/wp\/v2\/categories?post=20350"},{"taxonomy":"post_tag","embeddable":true,"href":"https:\/\/tvbrazilusa.com\/pt\/wp-json\/wp\/v2\/tags?post=20350"}],"curies":[{"name":"wp","href":"https:\/\/api.w.org\/{rel}","templated":true}]}}