{"id":20369,"date":"2024-08-09T02:55:00","date_gmt":"2024-08-09T02:55:00","guid":{"rendered":"https:\/\/tvbrazilusa.com\/2024\/08\/09\/paquistanes-e-detido-sob-acusacao-de-planejar-novo-atentado-contra-trump-paulo-figueiredo\/"},"modified":"2024-08-09T03:16:20","modified_gmt":"2024-08-09T03:16:20","slug":"paquistanes-e-detido-sob-acusacao-de-planejar-novo-atentado-contra-trump-paulo-figueiredo","status":"publish","type":"post","link":"https:\/\/tvbrazilusa.com\/pt\/2024\/08\/09\/paquistanes-e-detido-sob-acusacao-de-planejar-novo-atentado-contra-trump-paulo-figueiredo\/","title":{"rendered":"Paquistan\u00eas \u00e9 Detido Sob Acusa\u00e7\u00e3o de Planejar Novo Atentado Contra Trump &#8211; Paulo Figueiredo"},"content":{"rendered":"<p> <script async src=\"https:\/\/pagead2.googlesyndication.com\/pagead\/js\/adsbygoogle.js?client=ca-pub-8864793242727901\"\r\n     crossorigin=\"anonymous\"><\/script><br \/>\n<\/p>\n<div id=\"wtr-content\" data-bg=\"#FFFFFF\" data-fg=\"#006d91\" data-width=\"25\" data-mute=\"1\" data-fgopacity=\"1.00\" data-mutedopacity=\"0.5\" data-placement=\"bottom\" data-placement-offset=\"0\" data-content-offset=\"262\" data-placement-touch=\"bottom\" data-placement-offset-touch=\"0\" data-transparent=\"\" data-shadow=\"0\" data-touch=\"1\" data-non-touch=\"1\" data-comments=\"0\" data-commentsbg=\"transparent\" data-location=\"page\" data-mutedfg=\"#006d91\" data-endfg=\"#006d91\" data-rtl=\"\">\n<pre class=\"wp-block-preformatted has-small-font-size\">Foto: EFE\/EPA\/SHAWN THEW<\/pre>\n<p>As autoridades dos Estados Unidos detiveram e acusaram um cidad\u00e3o paquistan\u00eas de planejar o assassinato de v\u00e1rias autoridades pol\u00edticas, incluindo o ex-presidente Donald Trump, com supostos v\u00ednculos com o governo do Ir\u00e3.<\/p>\n<p>O suspeito, Asif Merchant, de 46 anos, chegou a Nova York em abril e entrou em contato com poss\u00edveis assassinos para realizar os ataques, que ocorreriam entre o final de agosto e o in\u00edcio de setembro, de acordo com as acusa\u00e7\u00f5es apresentadas pelo Departamento de Justi\u00e7a em um tribunal do Brooklyn, divulgadas nesta ter\u00e7a-feira.<\/p>\n<p>No entanto, uma das pessoas com quem Merchant fez contato alertou o FBI, e Merchant foi detido em 12 de julho, pouco depois de se encontrar com supostos c\u00famplices que, na verdade, eram agentes federais. Ele j\u00e1 estava se preparando para deixar os Estados Unidos.<\/p>\n<p>Segundo a Promotoria, o objetivo de Merchant era atacar personalidades contr\u00e1rias ao Paquist\u00e3o e ao \u201cmundo mu\u00e7ulmano\u201d, sob a premissa de que \u201cn\u00e3o s\u00e3o pessoas normais\u201d, conforme informou a CNN. A Intelig\u00eancia norte-americana acredita que Trump continua sendo um alvo do Ir\u00e3 ap\u00f3s a morte do general Qasem Soleimani em 2020, em um ataque com drones.<\/p>\n<p>As investiga\u00e7\u00f5es deste caso ocorreram antes de Trump sobreviver, em 13 de julho, a uma tentativa de assassinato durante um com\u00edcio em Butler, Pensilv\u00e2nia, no qual uma pessoa do p\u00fablico morreu ao ser atingida por um disparo.<\/p>\n<p>O procurador-geral dos Estados Unidos, Merrick Garland, enfatizou nesta ter\u00e7a-feira que o governo \u201cn\u00e3o tolerar\u00e1 tentativas de qualquer regime autorit\u00e1rio de atentar contra autoridades p\u00fablicas americanas ou colocar em risco a seguran\u00e7a nacional\u201d.<\/p>\n<p><strong><a href=\"https:\/\/gaceta.es\/estados-unidos\/trump-reta-a-kamala-harris-a-participar-en-tres-debates-televisados-en-septiembre-20240809-0001\/?scroll-event=true\">Source link<\/a><\/strong><\/p>\n<\/div>\n<p><br \/>\n<br \/><a href=\"https:\/\/paulofigueiredoshow.com\/paquistanes-e-detido-sob-acusacao-de-planejar-novo-atentado-contra-trump\/\">Source link <\/a><\/p>","protected":false},"excerpt":{"rendered":"<p>Foto: EFE\/EPA\/SHAWN THEW As autoridades dos Estados Unidos detiveram e acusaram um cidad\u00e3o paquistan\u00eas de planejar o assassinato de v\u00e1rias autoridades pol\u00edticas, incluindo o ex-presidente Donald Trump, com supostos v\u00ednculos&hellip;<\/p>","protected":false},"author":1,"featured_media":4798,"comment_status":"closed","ping_status":"open","sticky":false,"template":"","format":"standard","meta":{"content-type":"","footnotes":""},"categories":[16],"tags":[1265,9362,3581,9363,592,2339,9364,9365,9366,3810,2236,356],"class_list":["post-20369","post","type-post","status-publish","format-standard","has-post-thumbnail","hentry","category-noticias","tag-assassinato","tag-autoridade","tag-candidato","tag-contrarias","tag-eua","tag-fbi","tag-muculmano","tag-paquistenes","tag-planejar","tag-politicas","tag-presidente","tag-trump"],"_links":{"self":[{"href":"https:\/\/tvbrazilusa.com\/pt\/wp-json\/wp\/v2\/posts\/20369","targetHints":{"allow":["GET"]}}],"collection":[{"href":"https:\/\/tvbrazilusa.com\/pt\/wp-json\/wp\/v2\/posts"}],"about":[{"href":"https:\/\/tvbrazilusa.com\/pt\/wp-json\/wp\/v2\/types\/post"}],"author":[{"embeddable":true,"href":"https:\/\/tvbrazilusa.com\/pt\/wp-json\/wp\/v2\/users\/1"}],"replies":[{"embeddable":true,"href":"https:\/\/tvbrazilusa.com\/pt\/wp-json\/wp\/v2\/comments?post=20369"}],"version-history":[{"count":1,"href":"https:\/\/tvbrazilusa.com\/pt\/wp-json\/wp\/v2\/posts\/20369\/revisions"}],"predecessor-version":[{"id":20370,"href":"https:\/\/tvbrazilusa.com\/pt\/wp-json\/wp\/v2\/posts\/20369\/revisions\/20370"}],"wp:featuredmedia":[{"embeddable":true,"href":"https:\/\/tvbrazilusa.com\/pt\/wp-json\/wp\/v2\/media\/4798"}],"wp:attachment":[{"href":"https:\/\/tvbrazilusa.com\/pt\/wp-json\/wp\/v2\/media?parent=20369"}],"wp:term":[{"taxonomy":"category","embeddable":true,"href":"https:\/\/tvbrazilusa.com\/pt\/wp-json\/wp\/v2\/categories?post=20369"},{"taxonomy":"post_tag","embeddable":true,"href":"https:\/\/tvbrazilusa.com\/pt\/wp-json\/wp\/v2\/tags?post=20369"}],"curies":[{"name":"wp","href":"https:\/\/api.w.org\/{rel}","templated":true}]}}