{"id":20374,"date":"2024-08-09T02:34:50","date_gmt":"2024-08-09T02:34:50","guid":{"rendered":"https:\/\/tvbrazilusa.com\/2024\/08\/09\/imagens-de-camera-corporal-mostram-a-prisao-de-travis-scott-em-miami-beach-enquanto-promotores-retiram-acusacoes-contra-ele-wsvn-7news-noticias-de-miami-clima-esportes-fort-lauderdale\/"},"modified":"2024-08-09T03:20:23","modified_gmt":"2024-08-09T03:20:23","slug":"imagens-de-camera-corporal-mostram-a-prisao-de-travis-scott-em-miami-beach-enquanto-promotores-retiram-acusacoes-contra-ele-wsvn-7news-noticias-de-miami-clima-esportes-fort-lauderdale","status":"publish","type":"post","link":"https:\/\/tvbrazilusa.com\/pt\/2024\/08\/09\/imagens-de-camera-corporal-mostram-a-prisao-de-travis-scott-em-miami-beach-enquanto-promotores-retiram-acusacoes-contra-ele-wsvn-7news-noticias-de-miami-clima-esportes-fort-lauderdale\/","title":{"rendered":"Imagens de c\u00e2mera corporal mostram a pris\u00e3o de Travis Scott em Miami Beach enquanto promotores retiram acusa\u00e7\u00f5es contra ele &#8211; WSVN 7News | Not\u00edcias de Miami, Clima, Esportes | Fort Lauderdale"},"content":{"rendered":"<p> <script async src=\"https:\/\/pagead2.googlesyndication.com\/pagead\/js\/adsbygoogle.js?client=ca-pub-8864793242727901\"\r\n     crossorigin=\"anonymous\"><\/script><br \/>\n<\/p>\n<div itemprop=\"articleBody\">\n<p>MIAMI BEACH, FL\u00d3RIDA (WSVN) &#8211; Imagens da c\u00e2mera corporal da pol\u00edcia de Miami Beach capturaram a pris\u00e3o de uma estrela da m\u00fasica popular na praia.<\/p>\n<p>O rapper Travis Scott foi preso em 20 de junho por <a href=\"https:\/\/wsvn.com\/entertainment\/rapper-travis-scott-arrested-in-miami-beach-for-trespassing-and-disorderly-intoxication\/\">invas\u00e3o de propriedade e intoxica\u00e7\u00e3o desordeira<\/a> na Marina de Miami Beach.<\/p>\n<p>Autoridades disseram que ele foi expulso depois de ficar muito tempo no barco, mas ele retornou e foi preso.<\/p>\n<p>A pol\u00edcia respondeu a um chamado de um funcion\u00e1rio da marina.<\/p>\n<p>\u201cVoc\u00ea pode querer chamar refor\u00e7os. Esse cara est\u00e1 ficando agressivo\u201d, disse o funcion\u00e1rio a um policial que estava respondendo.<\/p>\n<p>\u201cOnde ele est\u00e1?\u201d, disse o oficial.<\/p>\n<p>\u201c\u00c9 um rapper no (inaud\u00edvel)\u201d, disse o funcion\u00e1rio. <\/p>\n<p>Os funcion\u00e1rios disseram que Scott estava sendo rude com eles.<\/p>\n<p>\u201cEle come\u00e7ou a me dar tapinhas, empurrando todo mundo!\u201d, disse o funcion\u00e1rio na filmagem da c\u00e2mera corporal.<\/p>\n<p>No boletim de ocorr\u00eancia, os policiais disseram que havia queixas de que ele teria brigado no iate super luxuoso que havia alugado.<\/p>\n<p>\u201cTodos levantem as m\u00e3os!\u201d, disseram os policiais quando chegaram \u00e0 marina.<\/p>\n<p>Enquanto estava no cais, Scott disse que havia alugado o barco e foi expulso pelo capit\u00e3o do iate porque o tempo de aluguel estava expirando.<\/p>\n<p>\u201cO capit\u00e3o, eu disse a ele que seria desrespeitoso chutar a porta enquanto eu estivesse na sala\u201d, explicou Scott aos oficiais.<\/p>\n<p>Enquanto os policiais processavam as informa\u00e7\u00f5es que Scott lhes dava, o rapper come\u00e7ou a ficar agitado.<\/p>\n<p>O v\u00eddeo da c\u00e2mera corporal mostra o artista gritando com as pessoas no barco. <\/p>\n<p>Os policiais acompanharam ele e seu grupo at\u00e9 o estacionamento da marina.<\/p>\n<p>\u201cN\u00e3o tenho armas comigo\u201d, disse Scott. \u201cVoc\u00eas me assustam.\u201d<\/p>\n<p>Mas Scott continuou falando alto, o que resultou em algemas colocadas nele.<\/p>\n<p>&#8220;Voc\u00ea disse se eu parasse de andar!&#8221;, gritou Scott, como ele \u00e9 visto na filmagem da c\u00e2mera corporal.<\/p>\n<p>\u201cColoque as m\u00e3os atr\u00e1s das costas\u201d, disse o policial.<\/p>\n<p>\u201cPor que voc\u00ea tem que fazer isso, cara? Vamos l\u00e1, mano,\u201d disse Scott.<\/p>\n<p>\u201cVoc\u00ea vai para a cadeia agora, cara\u201d, disse o policial.<\/p>\n<p>Em quest\u00e3o de minutos, Scott passou de um luxuoso iate para um passeio em uma viatura policial.<\/p>\n<p>Uma vez na delegacia, os policiais escreveram no boletim de ocorr\u00eancia que \u201co r\u00e9u admitiu mais tarde que havia bebido \u00e1lcool e declarou: \u201c\u00c9 Miami\u201d.<\/p>\n<p>O Miami-Dade State Attorney&#39;s Office retirou a acusa\u00e7\u00e3o de intoxica\u00e7\u00e3o desordeira contra Scott. Ele ainda enfrenta uma acusa\u00e7\u00e3o de invas\u00e3o de propriedade.<\/p>\n<p>O julgamento dessa acusa\u00e7\u00e3o est\u00e1 previsto para come\u00e7ar em 10 de setembro.<\/p>\n<p><em>Copyright 2024 Sunbeam Television Corp. Todos os direitos reservados. Este material n\u00e3o pode ser publicado, transmitido, reescrito ou redistribu\u00eddo.<\/em><\/p>\n<div class=\"wp-block-newsletter\">\n\t<strong class=\"wp-block-newsletter__title\">Inscreva-se em nossa Newsletter para receber as \u00faltimas not\u00edcias diretamente na sua caixa de entrada<\/strong><\/p>\n<\/div><\/div>\n<p><br \/>\n<br \/><a href=\"https:\/\/wsvn.com\/entertainment\/bodycam-footage-shows-arrest-of-travis-scott-in-miami-beach-as-prosecutors-drop-charge-against-him\/\">Source link <\/a><\/p>","protected":false},"excerpt":{"rendered":"<p>MIAMI BEACH, FL\u00d3RIDA (WSVN) &#8211; Imagens da c\u00e2mera corporal da pol\u00edcia de Miami Beach capturaram a pris\u00e3o de uma estrela da m\u00fasica popular na praia. O rapper Travis Scott foi&hellip;<\/p>","protected":false},"author":1,"featured_media":20375,"comment_status":"closed","ping_status":"open","sticky":false,"template":"","format":"standard","meta":{"content-type":"","footnotes":""},"categories":[1],"tags":[],"class_list":["post-20374","post","type-post","status-publish","format-standard","has-post-thumbnail","hentry","category-uncategorized"],"_links":{"self":[{"href":"https:\/\/tvbrazilusa.com\/pt\/wp-json\/wp\/v2\/posts\/20374","targetHints":{"allow":["GET"]}}],"collection":[{"href":"https:\/\/tvbrazilusa.com\/pt\/wp-json\/wp\/v2\/posts"}],"about":[{"href":"https:\/\/tvbrazilusa.com\/pt\/wp-json\/wp\/v2\/types\/post"}],"author":[{"embeddable":true,"href":"https:\/\/tvbrazilusa.com\/pt\/wp-json\/wp\/v2\/users\/1"}],"replies":[{"embeddable":true,"href":"https:\/\/tvbrazilusa.com\/pt\/wp-json\/wp\/v2\/comments?post=20374"}],"version-history":[{"count":1,"href":"https:\/\/tvbrazilusa.com\/pt\/wp-json\/wp\/v2\/posts\/20374\/revisions"}],"predecessor-version":[{"id":20376,"href":"https:\/\/tvbrazilusa.com\/pt\/wp-json\/wp\/v2\/posts\/20374\/revisions\/20376"}],"wp:featuredmedia":[{"embeddable":true,"href":"https:\/\/tvbrazilusa.com\/pt\/wp-json\/wp\/v2\/media\/20375"}],"wp:attachment":[{"href":"https:\/\/tvbrazilusa.com\/pt\/wp-json\/wp\/v2\/media?parent=20374"}],"wp:term":[{"taxonomy":"category","embeddable":true,"href":"https:\/\/tvbrazilusa.com\/pt\/wp-json\/wp\/v2\/categories?post=20374"},{"taxonomy":"post_tag","embeddable":true,"href":"https:\/\/tvbrazilusa.com\/pt\/wp-json\/wp\/v2\/tags?post=20374"}],"curies":[{"name":"wp","href":"https:\/\/api.w.org\/{rel}","templated":true}]}}