{"id":2042,"date":"2024-07-14T20:11:03","date_gmt":"2024-07-14T20:11:03","guid":{"rendered":"https:\/\/tvbrazilusa.com\/?p=2042"},"modified":"2024-07-14T20:14:52","modified_gmt":"2024-07-14T20:14:52","slug":"manifestantes-fazem-ato-contra-lula-e-moraes-veja-video","status":"publish","type":"post","link":"https:\/\/tvbrazilusa.com\/pt\/2024\/07\/14\/manifestantes-fazem-ato-contra-lula-e-moraes-veja-video\/","title":{"rendered":"Manifestantes fazem ato contra Lula e Moraes; VEJA V\u00cdDEO"},"content":{"rendered":"<p> <script async src=\"https:\/\/pagead2.googlesyndication.com\/pagead\/js\/adsbygoogle.js?client=ca-pub-8864793242727901\"\r\n     crossorigin=\"anonymous\"><\/script><br \/>\n<\/p>\n<div>\n<p>Neste fim de semana, a Avenida Paulista foi palco de uma grande manifesta\u00e7\u00e3o. Centenas de pessoas se reuniram para protestar contra o presidente Lula e o ministro Alexandre de Moraes do STF. O evento foi marcado por pedidos intensos de impeachment e anistia para os presos do 8 de janeiro, marcando um cen\u00e1rio de profunda polariza\u00e7\u00e3o pol\u00edtica na maior cidade do pa\u00eds.<\/p>\n<p>A convoca\u00e7\u00e3o para este grande ato veio por parte do Movimento Liberdade, que tem atuado frequentemente em causas que envolvem liberdade de express\u00e3o e oposi\u00e7\u00e3o ao atual governo. Nas redes sociais, a mobiliza\u00e7\u00e3o teve o apoio de figuras relevantes do cen\u00e1rio pol\u00edtico, embora nem todos tenham comparecido pessoalmente.<\/p>\n<h2 class=\"wp-block-heading\">Quais S\u00e3o as Principais Demandas dos Manifestantes?<\/h2>\n<p>As vozes das ruas foram claras ao ecoar suas principais exig\u00eancias. Al\u00e9m do afastamento de Lula e Alexandre Moraes, os participantes do ato clamam por justi\u00e7a aos detidos durante os eventos de 8 de janeiro, alegando uma persegui\u00e7\u00e3o pol\u00edtica intensa. Outro ponto recorrente foi a defesa da liberdade de express\u00e3o, com muitos acusando o governo de censura, especialmente em rela\u00e7\u00e3o ao ex-presidente Jair Bolsonaro, que tem sido uma figura central nesse debate.<\/p>\n<p>Em meio aos c\u00e2nticos e faixas, o pedido de anistia para os presos no in\u00edcio do ano reflete uma divis\u00e3o de vis\u00f5es sobre os limites entre protesto e ato ilegal. Os manifestantes argumentam que essas pris\u00f5es foram uma resposta desproporcional do estado, visando silenciar opositores. A anistia, nesse contexto, \u00e9 vista como um ato de corre\u00e7\u00e3o de uma injusti\u00e7a e a reinstaura\u00e7\u00e3o do equil\u00edbrio pol\u00edtico e social.<\/p>\n<blockquote class=\"instagram-media\" data-instgrm-captioned=\"\" data-instgrm-permalink=\"https:\/\/www.instagram.com\/reel\/C9anLuTRQWp\/?utm_source=ig_embed&#038;utm_campaign=loading\" data-instgrm-version=\"14\" style=\" background:#FFF; border:0; border-radius:3px; box-shadow:0 0 1px 0 rgba(0,0,0,0.5),0 1px 10px 0 rgba(0,0,0,0.15); margin: 1px; max-width:540px; min-width:326px; padding:0; width:99.375%; width:-webkit-calc(100% - 2px); width:calc(100% - 2px);\"\/>\n<p>Diversos deputados e senadores apoiaram publicamente o evento, contribuindo para a sua ampla divulga\u00e7\u00e3o nas redes sociais. Entre as aus\u00eancias notadas estava a deputada Carla Zambelli, que alegou problemas familiares para sua n\u00e3o participa\u00e7\u00e3o. Paralelamente, figures como a senadora Damares Alves marcaram presen\u00e7a em outros compromissos como o encontro do Partido Liberal na baixada santista, o que evidencia uma agenda pol\u00edtica movimentada neste per\u00edodo.<\/p>\n<\/p><\/div>\n<p><script async defer src=\"https:\/\/platform.instagram.com\/en_US\/embeds.js\"><\/script><br \/>\n<br \/><br \/>\n<br \/><a href=\"https:\/\/terrabrasilnoticias.com\/2024\/07\/manifestantes-fazem-ato-contra-lula-e-moraes-veja-video\/\">Source link <\/a><\/p>","protected":false},"excerpt":{"rendered":"<p>Neste fim de semana, a Avenida Paulista foi palco de uma grande manifesta\u00e7\u00e3o. Centenas de pessoas se reuniram para protestar contra o presidente Lula e o ministro Alexandre de Moraes&hellip;<\/p>","protected":false},"author":1,"featured_media":2043,"comment_status":"closed","ping_status":"open","sticky":false,"template":"","format":"standard","meta":{"content-type":"","footnotes":""},"categories":[16],"tags":[],"class_list":["post-2042","post","type-post","status-publish","format-standard","has-post-thumbnail","hentry","category-noticias"],"_links":{"self":[{"href":"https:\/\/tvbrazilusa.com\/pt\/wp-json\/wp\/v2\/posts\/2042","targetHints":{"allow":["GET"]}}],"collection":[{"href":"https:\/\/tvbrazilusa.com\/pt\/wp-json\/wp\/v2\/posts"}],"about":[{"href":"https:\/\/tvbrazilusa.com\/pt\/wp-json\/wp\/v2\/types\/post"}],"author":[{"embeddable":true,"href":"https:\/\/tvbrazilusa.com\/pt\/wp-json\/wp\/v2\/users\/1"}],"replies":[{"embeddable":true,"href":"https:\/\/tvbrazilusa.com\/pt\/wp-json\/wp\/v2\/comments?post=2042"}],"version-history":[{"count":1,"href":"https:\/\/tvbrazilusa.com\/pt\/wp-json\/wp\/v2\/posts\/2042\/revisions"}],"predecessor-version":[{"id":2044,"href":"https:\/\/tvbrazilusa.com\/pt\/wp-json\/wp\/v2\/posts\/2042\/revisions\/2044"}],"wp:featuredmedia":[{"embeddable":true,"href":"https:\/\/tvbrazilusa.com\/pt\/wp-json\/wp\/v2\/media\/2043"}],"wp:attachment":[{"href":"https:\/\/tvbrazilusa.com\/pt\/wp-json\/wp\/v2\/media?parent=2042"}],"wp:term":[{"taxonomy":"category","embeddable":true,"href":"https:\/\/tvbrazilusa.com\/pt\/wp-json\/wp\/v2\/categories?post=2042"},{"taxonomy":"post_tag","embeddable":true,"href":"https:\/\/tvbrazilusa.com\/pt\/wp-json\/wp\/v2\/tags?post=2042"}],"curies":[{"name":"wp","href":"https:\/\/api.w.org\/{rel}","templated":true}]}}