{"id":20457,"date":"2024-08-09T08:00:01","date_gmt":"2024-08-09T08:00:01","guid":{"rendered":"https:\/\/tvbrazilusa.com\/2024\/08\/09\/querida-abby-quando-meu-pai-morrer-ninguem-na-minha-familia-vai-querer-minha-tia-problematica-em-seu-funeral\/"},"modified":"2024-08-09T08:07:42","modified_gmt":"2024-08-09T08:07:42","slug":"querida-abby-quando-meu-pai-morrer-ninguem-na-minha-familia-vai-querer-minha-tia-problematica-em-seu-funeral","status":"publish","type":"post","link":"https:\/\/tvbrazilusa.com\/pt\/2024\/08\/09\/querida-abby-quando-meu-pai-morrer-ninguem-na-minha-familia-vai-querer-minha-tia-problematica-em-seu-funeral\/","title":{"rendered":"Querida Abby: Quando meu pai morrer, ningu\u00e9m na minha fam\u00edlia vai querer minha tia problem\u00e1tica em seu funeral."},"content":{"rendered":"<script async src=\"https:\/\/pagead2.googlesyndication.com\/pagead\/js\/adsbygoogle.js?client=ca-pub-8864793242727901\"\r\n     crossorigin=\"anonymous\"><\/script>\n<div>\n<p class=\"article__paragraph article__paragraph--left\" id=\"6JSLJRO6IFAMXEQFZJ37ODEQQQ\">QUERIDA ABBY: Minha tia frequentemente corta pessoas de sua vida por desrespeitos percebidos \u2014 pequenos, grandes e imagin\u00e1rios. Alguns anos atr\u00e1s, ela brigou com meu pai (seu irm\u00e3o). De alguma forma, o resto da minha fam\u00edlia tamb\u00e9m foi cortado. Culpa por associa\u00e7\u00e3o, eu acho.<\/p>\n<p class=\"article__paragraph article__paragraph--left\" id=\"YNTXLY4FUVHJZESKNU6O2VH3U4\">Ela fez isso comigo tantas vezes que decidi que esta \u00faltima vez seria a \u00faltima. N\u00e3o quero mais o drama de ser &#8220;deixado entrar de volta&#8221; (sem explica\u00e7\u00e3o ou desculpas), apenas para ser misteriosamente cortado de novo.<\/p>\n<p class=\"article__paragraph article__paragraph--left\" id=\"FLWRUVD72REGZK6R22KBU25OE4\">Infelizmente, meu pai est\u00e1 com problemas de sa\u00fade. Ele e sua irm\u00e3 fizeram contato recentemente, mas \u00e9 apenas uma conversa superficial. Quando ele falecer, como posso deix\u00e1-la saber sobre sua morte sem convid\u00e1-la de volta para minha vida? Ningu\u00e9m em nossa fam\u00edlia a quer no funeral. Obrigado por sua sabedoria. &#8212; INSEGURO NO OESTE<\/p>\n<p class=\"article__paragraph article__paragraph--center\" id=\"624RE4VI5VEQLA3TP5ZREF6STM\">CARO INSEGURO: Conte \u00e0 sua tia sobre a morte do irm\u00e3o dela e deixe que ela decida se deseja comparecer ao funeral. Se ela for, seja cordial. A mulher est\u00e1 obviamente perturbada, mas ela deve ter permiss\u00e3o para prestar suas \u00faltimas homenagens se desejar. Permitir que ela fa\u00e7a isso n\u00e3o precisa mudar nada entre voc\u00eas dois. Lembre-se, os funerais existem para confortar os vivos, e isso inclui sua tia.<\/p>\n<p class=\"article__paragraph article__paragraph--center\" id=\"FAXTPZ5FHNGOPMMRUTPCRGIRDM\">***<\/p>\n<p class=\"article__paragraph article__paragraph--left\" id=\"NVJXZ46LCVARVPWYTTXR6EUAOY\"><i>Dear Abby foi escrito por Abigail Van Buren, tamb\u00e9m conhecida como Jeanne Phillips, e foi fundado por sua m\u00e3e, Pauline Phillips. Entre em contato com Dear Abby em <\/i><a href=\"http:\/\/www.dearabby.com\/\"><i>www.DearAbby.com<\/i><\/a><i>  ou Caixa Postal 69440, Los Angeles, CA 90069.<\/i><\/p>\n<section class=\"Stories-By-Section-Tag-module_wrapper__69Ed7 Stories-By-Section-Tag-module_nj__RFbQx\"\/><\/div>\n<p><br \/>\n<br \/><a href=\"https:\/\/www.nj.com\/advice\/2024\/08\/dear-abby-no-one-in-my-family-wants-my-troubled-aunt-to-attend-my-dads-funeral-when-he-dies.html\">Source link <\/a><\/p>","protected":false},"excerpt":{"rendered":"<p>QUERIDA ABBY: Minha tia frequentemente corta pessoas de sua vida por desrespeitos percebidos \u2014 pequenos, grandes e imagin\u00e1rios. Alguns anos atr\u00e1s, ela brigou com meu pai (seu irm\u00e3o). De alguma&hellip;<\/p>","protected":false},"author":1,"featured_media":4895,"comment_status":"closed","ping_status":"open","sticky":false,"template":"","format":"standard","meta":{"content-type":"","footnotes":""},"categories":[1],"tags":[],"class_list":["post-20457","post","type-post","status-publish","format-standard","has-post-thumbnail","hentry","category-uncategorized"],"_links":{"self":[{"href":"https:\/\/tvbrazilusa.com\/pt\/wp-json\/wp\/v2\/posts\/20457","targetHints":{"allow":["GET"]}}],"collection":[{"href":"https:\/\/tvbrazilusa.com\/pt\/wp-json\/wp\/v2\/posts"}],"about":[{"href":"https:\/\/tvbrazilusa.com\/pt\/wp-json\/wp\/v2\/types\/post"}],"author":[{"embeddable":true,"href":"https:\/\/tvbrazilusa.com\/pt\/wp-json\/wp\/v2\/users\/1"}],"replies":[{"embeddable":true,"href":"https:\/\/tvbrazilusa.com\/pt\/wp-json\/wp\/v2\/comments?post=20457"}],"version-history":[{"count":1,"href":"https:\/\/tvbrazilusa.com\/pt\/wp-json\/wp\/v2\/posts\/20457\/revisions"}],"predecessor-version":[{"id":20458,"href":"https:\/\/tvbrazilusa.com\/pt\/wp-json\/wp\/v2\/posts\/20457\/revisions\/20458"}],"wp:featuredmedia":[{"embeddable":true,"href":"https:\/\/tvbrazilusa.com\/pt\/wp-json\/wp\/v2\/media\/4895"}],"wp:attachment":[{"href":"https:\/\/tvbrazilusa.com\/pt\/wp-json\/wp\/v2\/media?parent=20457"}],"wp:term":[{"taxonomy":"category","embeddable":true,"href":"https:\/\/tvbrazilusa.com\/pt\/wp-json\/wp\/v2\/categories?post=20457"},{"taxonomy":"post_tag","embeddable":true,"href":"https:\/\/tvbrazilusa.com\/pt\/wp-json\/wp\/v2\/tags?post=20457"}],"curies":[{"name":"wp","href":"https:\/\/api.w.org\/{rel}","templated":true}]}}