{"id":20479,"date":"2024-08-09T09:03:40","date_gmt":"2024-08-09T09:03:40","guid":{"rendered":"https:\/\/tvbrazilusa.com\/2024\/08\/09\/fa-de-taylor-swift-de-miami-gardens-esta-decepcionado-apos-cancelamento-de-show-em-viena-devido-a-plano-terrorista-frustrado-wsvn-7news-noticias-de-miami-clima-esportes-fort-lauderda\/"},"modified":"2024-08-09T09:11:44","modified_gmt":"2024-08-09T09:11:44","slug":"fa-de-taylor-swift-de-miami-gardens-esta-decepcionado-apos-cancelamento-de-show-em-viena-devido-a-plano-terrorista-frustrado-wsvn-7news-noticias-de-miami-clima-esportes-fort-lauderda","status":"publish","type":"post","link":"https:\/\/tvbrazilusa.com\/pt\/2024\/08\/09\/fa-de-taylor-swift-de-miami-gardens-esta-decepcionado-apos-cancelamento-de-show-em-viena-devido-a-plano-terrorista-frustrado-wsvn-7news-noticias-de-miami-clima-esportes-fort-lauderda\/","title":{"rendered":"F\u00e3 de Taylor Swift de Miami Gardens est\u00e1 &#39;decepcionado&#39; ap\u00f3s cancelamento de show em Viena devido a plano terrorista frustrado &#8211; WSVN 7News | Not\u00edcias de Miami, Clima, Esportes | Fort Lauderdale"},"content":{"rendered":"<p> <script async src=\"https:\/\/pagead2.googlesyndication.com\/pagead\/js\/adsbygoogle.js?client=ca-pub-8864793242727901\"\r\n     crossorigin=\"anonymous\"><\/script><br \/>\n<\/p>\n<div itemprop=\"articleBody\">\n<p>MIAMI GARDENS, FLA. (WSVN) &#8211; Uma f\u00e3 de Taylor Swift no sul da Fl\u00f3rida est\u00e1 desapontada por n\u00e3o poder ver a artista em Viena, \u00c1ustria, ap\u00f3s o <a href=\"https:\/\/wsvn.com\/entertainment\/suspects-in-foiled-attack-on-taylor-swift-shows-were-inspired-by-islamic-state-group-officials-say\/\" data-type=\"link\" data-id=\"https:\/\/wsvn.com\/entertainment\/suspects-in-foiled-attack-on-taylor-swift-shows-were-inspired-by-islamic-state-group-officials-say\/\" target=\"_blank\" rel=\"noreferrer noopener\">show foi cancelado devido a uma conspira\u00e7\u00e3o terrorista frustrada<\/a>.<\/p>\n<p>Kelly Gonzalez e seus amigos s\u00e3o f\u00e3s ferrenhos do Swift que voaram para o exterior para v\u00ea-la porque as passagens eram mais baratas do que nos EUA, mas agora parece que fizeram a viagem \u00e0 toa.<\/p>\n<p>\u201cNo nosso quarto, havia muita tristeza, havia um pouco de l\u00e1grimas\u201d, disse Gonzalez.<\/p>\n<p>A moradora de Miami Lakes tinha seus ingressos para Taylor Swift e estava em Viena quando ela e seus amigos souberam da <a href=\"https:\/\/wsvn.com\/entertainment\/organizers-cancel-taylor-swift-concerts-in-vienna-over-fears-of-an-attack\/\" data-type=\"link\" data-id=\"https:\/\/wsvn.com\/entertainment\/organizers-cancel-taylor-swift-concerts-in-vienna-over-fears-of-an-attack\/\" target=\"_blank\" rel=\"noreferrer noopener\">o concerto foi cancelado<\/a>.<\/p>\n<p>\u201cQuando est\u00e1vamos andando pela pra\u00e7a, havia pessoas chorando, \u00e9 muito emocionante\u201d, disse Gonzalez.<\/p>\n<p>A not\u00edcia foi publicada no Instagram na quarta-feira, informando que os tr\u00eas shows de Swift na \u00c1ustria foram cancelados por causa de um suposto plano terrorista frustrado.<\/p>\n<figure class=\"wp-block-embed is-type-rich is-provider-instagram wp-block-embed-instagram\"\/>\n<p>\u201cOs servi\u00e7os de seguran\u00e7a austr\u00edacos receberam a informa\u00e7\u00e3o de que o show de Taylor Swift ser\u00e1 atacado, devido a um incidente que acontecer\u00e1\u201d, disse Omar Haijawi-Pirchner, Diretor Austr\u00edaco de Servi\u00e7os de Seguran\u00e7a.<\/p>\n<p>Tr\u00eas adolescentes foram presos na \u00c1ustria, todos acusados \u200b\u200bde planejar o ataque.<\/p>\n<p>\u201cEnt\u00e3o come\u00e7amos nossa investiga\u00e7\u00e3o e vimos que \u00e9 uma rede mais ampla de isl\u00e2micos e ontem prendemos um rapaz de 19 anos, um rapaz austr\u00edaco de 17 anos e tamb\u00e9m obtivemos informa\u00e7\u00f5es de que um rapaz mais jovem, um cidad\u00e3o austr\u00edaco de 15 anos, tamb\u00e9m est\u00e1 envolvido no planejamento do ataque ao show\u201d, disse Haijawi-Pirchner.<\/p>\n<p>Investigadores dizem que o suspeito de 19 anos jurou lealdade \u00e0 organiza\u00e7\u00e3o terrorista ISIS.<\/p>\n<p>Quando ele foi detido, as autoridades disseram que encontraram v\u00e1rios itens em sua casa que poderiam ter sido usados \u200b\u200bpara construir uma bomba.<\/p>\n<p>Investigadores dizem que os tr\u00eas foram radicalizados recentemente pelo ISIS online e tinham planos detalhados sobre como realizar um ataque, incluindo atingir uma \u00e1rea fora do est\u00e1dio onde os f\u00e3s poderiam ouvir de gra\u00e7a.<\/p>\n<p>\u201cEncontramos muitos precursores para a constru\u00e7\u00e3o de explosivos e tamb\u00e9m encontramos dispositivos explosivos que ele poderia usar durante o ataque\u201d, disse Haijawi-Pirchner.<\/p>\n<p>O jovem de 17 anos at\u00e9 conseguiu um emprego no est\u00e1dio, onde trabalhou alguns dias antes do show.<\/p>\n<p>\u201cEle tinha, ele estava ontem no est\u00e1dio, ent\u00e3o quando o prendemos ele j\u00e1 estava no est\u00e1dio\u201d, disse Haijawi-Pirchner.<\/p>\n<p>F\u00e3s na \u00c1ustria, tentando entender tudo isso, foram \u00e0s ruas para cantar suas m\u00fasicas favoritas de Swift depois de perderem a oportunidade de ver o querido \u00edcone americano, mas Gonzalez disse que, embora esteja decepcionada, est\u00e1 feliz que todos estejam seguros.<\/p>\n<p>\u201c\u00c9 quase uma calma no meu cora\u00e7\u00e3o saber que algo ruim foi evitado\u201d, ela disse.<\/p>\n<p>A pr\u00f3xima parada de Swift em sua turn\u00ea mundial \u00e9 Londres na semana que vem e a pol\u00edcia diz que esses cinco shows continuar\u00e3o, j\u00e1 que n\u00e3o h\u00e1 ind\u00edcios de qualquer liga\u00e7\u00e3o com o plano frustrado na \u00c1ustria.<\/p>\n<p>A cantora traz sua turn\u00ea para o Hard Rock Stadium em outubro.<\/p>\n<p><em>Copyright 2024 Sunbeam Television Corp. Todos os direitos reservados. Este material n\u00e3o pode ser publicado, transmitido, reescrito ou redistribu\u00eddo.<\/em><\/p>\n<div class=\"wp-block-newsletter\">\n\t<strong class=\"wp-block-newsletter__title\">Inscreva-se em nossa Newsletter para receber as \u00faltimas not\u00edcias diretamente na sua caixa de entrada<\/strong><\/p>\n<\/div><\/div>\n<p><br \/>\n<br \/><a href=\"https:\/\/wsvn.com\/entertainment\/taylor-swift-fan-from-miami-gardens-is-disappointed-after-vienna-show-cancellation-due-to-foiled-terror-plot\/\">Source link <\/a><\/p>","protected":false},"excerpt":{"rendered":"<p>MIAMI GARDENS, FLA. (WSVN) &#8211; Uma f\u00e3 de Taylor Swift no sul da Fl\u00f3rida est\u00e1 desapontada por n\u00e3o poder ver a artista em Viena, \u00c1ustria, ap\u00f3s o show foi cancelado&hellip;<\/p>","protected":false},"author":1,"featured_media":20480,"comment_status":"closed","ping_status":"open","sticky":false,"template":"","format":"standard","meta":{"content-type":"","footnotes":""},"categories":[1],"tags":[],"class_list":["post-20479","post","type-post","status-publish","format-standard","has-post-thumbnail","hentry","category-uncategorized"],"_links":{"self":[{"href":"https:\/\/tvbrazilusa.com\/pt\/wp-json\/wp\/v2\/posts\/20479","targetHints":{"allow":["GET"]}}],"collection":[{"href":"https:\/\/tvbrazilusa.com\/pt\/wp-json\/wp\/v2\/posts"}],"about":[{"href":"https:\/\/tvbrazilusa.com\/pt\/wp-json\/wp\/v2\/types\/post"}],"author":[{"embeddable":true,"href":"https:\/\/tvbrazilusa.com\/pt\/wp-json\/wp\/v2\/users\/1"}],"replies":[{"embeddable":true,"href":"https:\/\/tvbrazilusa.com\/pt\/wp-json\/wp\/v2\/comments?post=20479"}],"version-history":[{"count":1,"href":"https:\/\/tvbrazilusa.com\/pt\/wp-json\/wp\/v2\/posts\/20479\/revisions"}],"predecessor-version":[{"id":20481,"href":"https:\/\/tvbrazilusa.com\/pt\/wp-json\/wp\/v2\/posts\/20479\/revisions\/20481"}],"wp:featuredmedia":[{"embeddable":true,"href":"https:\/\/tvbrazilusa.com\/pt\/wp-json\/wp\/v2\/media\/20480"}],"wp:attachment":[{"href":"https:\/\/tvbrazilusa.com\/pt\/wp-json\/wp\/v2\/media?parent=20479"}],"wp:term":[{"taxonomy":"category","embeddable":true,"href":"https:\/\/tvbrazilusa.com\/pt\/wp-json\/wp\/v2\/categories?post=20479"},{"taxonomy":"post_tag","embeddable":true,"href":"https:\/\/tvbrazilusa.com\/pt\/wp-json\/wp\/v2\/tags?post=20479"}],"curies":[{"name":"wp","href":"https:\/\/api.w.org\/{rel}","templated":true}]}}