{"id":20482,"date":"2024-08-09T09:00:00","date_gmt":"2024-08-09T09:00:00","guid":{"rendered":"https:\/\/tvbrazilusa.com\/2024\/08\/09\/karen-read-esta-de-volta-ao-tribunal-na-sexta-feira-para-sua-mocao-de-rejeicao-aqui-esta-o-que-saber\/"},"modified":"2024-08-09T09:12:45","modified_gmt":"2024-08-09T09:12:45","slug":"karen-read-esta-de-volta-ao-tribunal-na-sexta-feira-para-sua-mocao-de-rejeicao-aqui-esta-o-que-saber","status":"publish","type":"post","link":"https:\/\/tvbrazilusa.com\/pt\/2024\/08\/09\/karen-read-esta-de-volta-ao-tribunal-na-sexta-feira-para-sua-mocao-de-rejeicao-aqui-esta-o-que-saber\/","title":{"rendered":"Karen Read est\u00e1 de volta ao tribunal na sexta-feira para sua mo\u00e7\u00e3o de rejei\u00e7\u00e3o. Aqui est\u00e1 o que saber."},"content":{"rendered":"<p> <script async src=\"https:\/\/pagead2.googlesyndication.com\/pagead\/js\/adsbygoogle.js?client=ca-pub-8864793242727901\"\r\n     crossorigin=\"anonymous\"><\/script><br \/>\n<\/p>\n<div id=\"\">\n<header class=\"m-article-header m-article-header--standard\">\n\t\t\t\t\t\t\t\t\t\t\t\t<span id=\"article-header-primary-term\"><br \/>\n\t\t\t\t\t\t\t\t<a class=\"a-term a-term--primary\" href=\"https:\/\/www.boston.com\/tag\/crime\/\"><\/p>\n<p>\t\t\t\t\t\t\t\tCrime\t\t\t\t\t\t\t\t<\/a><br \/>\n\t\t\t\t\t\t\t<\/span><\/p>\n<h2 class=\"m-article-header__sub-headline\">Os advogados de Read est\u00e3o pedindo \u00e0 ju\u00edza Beverly Cannone que retire duas das acusa\u00e7\u00f5es, incluindo homic\u00eddio de segundo grau.<\/h2>\n<figure class=\"a-photo m-article-header__photo\"><figcaption class=\"a-photo__caption\">\n<p>\tKaren Read caminha por uma multid\u00e3o de apoiadores em dire\u00e7\u00e3o ao tribunal ap\u00f3s sua audi\u00eancia no Tribunal Superior de Norfolk em 22 de julho.<em> Kayla Bartkowski para o Boston Globe<\/em>\t<\/figcaption><\/figure>\n<\/header>\n<p><a href=\"https:\/\/www.boston.com\/tag\/karen-read\/\" target=\"_blank\" rel=\"noreferrer noopener\">Karen Leu<\/a>O sensacional caso de assassinato de &#39;s continuou a dominar as manchetes desde seu julgamento nulo no m\u00eas passado, com alguns relat\u00f3rios sugerindo que os jurados podem ter vindo <a href=\"https:\/\/www.boston.com\/news\/crime\/2024\/07\/16\/karen-reads-lawyers-doubling-down-push-to-dismiss-charges\/\" target=\"_blank\" rel=\"noreferrer noopener\">mais perto do consenso<\/a> do que se acreditava inicialmente.<\/p>\n<p>Enquanto Read retorna ao tribunal para uma audi\u00eancia na sexta-feira \u00e0 tarde, a saga continua. <\/p>\n<p>A mulher de 44 anos de Mansfield \u00e9 acusada de, b\u00eabada e intencionalmente, bater seu SUV em seu namorado policial de Boston, John O&#39;Keefe, em janeiro de 2022. Os advogados de Read alegaram um grande acobertamento, lan\u00e7ando acusa\u00e7\u00f5es de investigadores tendenciosos e trabalho policial desleixado. <\/p>\n<p>Ju\u00edza Beverly Cannone <a href=\"https:\/\/www.boston.com\/news\/crime\/2024\/07\/01\/karen-read-murder-trial-mistrial\/\" target=\"_blank\" rel=\"noreferrer noopener\">declarou um julgamento nulo<\/a> em 1\u00ba de julho, depois que o j\u00fari disse estar \u201ccompletamente dividido\u201d sobre as evid\u00eancias do caso.<\/p>\n<p>A defesa agora busca <a href=\"https:\/\/www.boston.com\/news\/crime\/2024\/07\/16\/karen-reads-lawyers-doubling-down-push-to-dismiss-charges\/\" target=\"_blank\" rel=\"noreferrer noopener\">rejeitar duas das tr\u00eas acusa\u00e7\u00f5es<\/a>afirmando que os jurados concordaram internamente que Read era &#8220;inocente&#8221; de homic\u00eddio de segundo grau e de deixar a cena de um acidente fatal. Na verdade, os advogados de Read disseram que ouviram de cinco jurados que o j\u00fari estava apenas em um impasse sobre a acusa\u00e7\u00e3o de homic\u00eddio culposo ao dirigir um ve\u00edculo motorizado sob influ\u00eancia de \u00e1lcool. <\/p>\n<p>Advogados de ambos os lados discutir\u00e3o a mo\u00e7\u00e3o de arquivamento \u00e0s 14h de sexta-feira no Tribunal Superior de Norfolk.<\/p>\n<h2 class=\"wp-block-heading\" id=\"h-what-karen-read-s-lawyers-have-said\">O que os advogados de Karen Read disseram<\/h2>\n<p>Em uma s\u00e9rie de processos judiciais, os advogados de Read descreveram as informa\u00e7\u00f5es que receberam de <a href=\"https:\/\/www.boston.com\/news\/crime\/2024\/07\/19\/karen-reads-lawyers-say-a-fifth-juror-has-confirmed-the-jury-was-a-unanimous-not-guilty-on-murder-charge\/\" target=\"_blank\" rel=\"noreferrer noopener\">cinco supostos jurados<\/a>. <\/p>\n<p>Enquanto o j\u00fari relatou <a href=\"https:\/\/www.boston.com\/news\/crime\/2024\/07\/01\/karen-read-murder-trial-mistrial\/\" target=\"_blank\" rel=\"noreferrer noopener\">\u201cdivis\u00e3o profunda\u201d<\/a> Ap\u00f3s dias de delibera\u00e7\u00e3o, v\u00e1rios jurados teriam dito \u00e0 defesa que estavam apenas em um impasse sobre a acusa\u00e7\u00e3o de homic\u00eddio culposo da OUI e seus crimes menores, incluindo homic\u00eddio culposo e homic\u00eddio culposo.<\/p>\n<p>Em uma declara\u00e7\u00e3o juramentada apresentada na segunda-feira, o advogado de defesa David Yannetti disse que um dos jurados \u2014 identificado nos documentos do tribunal como \u201cJurado B\u201d \u2014 \u201cacredita que cada membro do j\u00fari, se perguntado, confirmar\u00e1 que o j\u00fari chegou a vereditos de Inocente\u201d em duas das acusa\u00e7\u00f5es. De acordo com Yannetti, o Jurado B opinou ainda: \u201cNingu\u00e9m pensou que ela [Read] bateu nele de prop\u00f3sito ou mesmo sabia que o tinha batido.\u201d <\/p>\n<p>Outro jurado, identificado como \u201cJurado D\u201d, teria dito ao advogado de defesa Alan Jackson que estava \u201cdesconfort\u00e1vel\u201d com a forma como o julgamento terminou e sentiu que o \u00faltimo dia de delibera\u00e7\u00f5es foi um \u201cturbilh\u00e3o\u201d. <\/p>\n<p>\u201cO jurado D disse que o j\u00fari realmente discutiu a possibilidade de dizer ao juiz que eles concordaram unanimemente com os veredictos de N\u00c3O CULPADO para as acusa\u00e7\u00f5es 1 e 3, mas eles n\u00e3o tinham certeza se tinham permiss\u00e3o para diz\u00ea-lo\u201d, escreveu Jackson em um <a href=\"https:\/\/www.boston.com\/news\/crime\/2024\/07\/10\/karen-read-lawyers-say-another-juror-confirmed-unanimous-not-guilty-murder-charge\/\" target=\"_blank\" rel=\"noreferrer noopener\">Declara\u00e7\u00e3o de julho<\/a>. <\/p>\n<p>Os advogados de Read argumentam que, como o j\u00fari supostamente chegou a uma conclus\u00e3o un\u00e2nime sobre duas das acusa\u00e7\u00f5es, refazer o julgamento de Read nessas acusa\u00e7\u00f5es violaria as leis contra dupla incrimina\u00e7\u00e3o. Um segundo julgamento est\u00e1 marcado para come\u00e7ar em 27 de janeiro de 2025.<\/p>\n<h2 class=\"wp-block-heading\" id=\"h-what-prosecutors-have-said\">O que os promotores disseram<\/h2>\n<p>Em seu <a href=\"https:\/\/www.boston.com\/news\/crime\/2024\/07\/12\/prosecutors-oppose-karen-reads-lawyers-motion-to-dismiss-2-charges-in-new-filing\/\" target=\"_blank\" rel=\"noreferrer noopener\">resposta inicial<\/a> \u00e0 mo\u00e7\u00e3o dos advogados de Read, o Gabinete do Promotor P\u00fablico do Condado de Norfolk disse que o pedido de demiss\u00e3o foi \u201cbaseado em boatos, conjecturas e confian\u00e7a legalmente inadequada quanto \u00e0 subst\u00e2ncia das delibera\u00e7\u00f5es do j\u00fari\u201d.<\/p>\n<p>Os promotores afirmaram que as notas do j\u00fari para Cannone indicavam um impasse em todas as acusa\u00e7\u00f5es, acrescentando: \u201cA alega\u00e7\u00e3o infundada, mas sensacionalista, do r\u00e9u ap\u00f3s o julgamento de que o &#39;j\u00fari chegou a uma decis\u00e3o un\u00e2nime de absolvi\u00e7\u00e3o&#39; n\u00e3o tem qualquer m\u00e9rito ou fundamento legal\u201d.<\/p>\n<p>Ainda em um <a href=\"https:\/\/www.boston.com\/news\/crime\/2024\/08\/02\/karen-read-case-norfolk-da-office-heard-jurors\/\" target=\"_blank\" rel=\"noreferrer noopener\">arquivamento subsequente<\/a> na semana passada, o gabinete do promotor p\u00fablico disse ter recebido diversas mensagens de voz e e-mails de supostos jurados que indicaram que h\u00e1 mais na hist\u00f3ria.<\/p>\n<figure class=\"wp-block-image size-full\"><img loading=\"lazy\" decoding=\"async\" width=\"2560\" height=\"1707\" src=\"https:\/\/bdc2020.o0bc.com\/wp-content\/uploads\/2024\/08\/Officer_Killed_Girlfriend_Trial_26293-66b3ceac1d0c5-scaled.jpg\" alt=\"\" class=\"wp-image-31116346\" srcset=\"https:\/\/bdc2020.o0bc.com\/wp-content\/uploads\/2024\/08\/Officer_Killed_Girlfriend_Trial_26293-66b3ceac1d0c5-scaled.jpg?width=200 200w, https:\/\/bdc2020.o0bc.com\/wp-content\/uploads\/2024\/08\/Officer_Killed_Girlfriend_Trial_26293-66b3ceac1d0c5-scaled.jpg?width=300 300w, https:\/\/bdc2020.o0bc.com\/wp-content\/uploads\/2024\/08\/Officer_Killed_Girlfriend_Trial_26293-66b3ceac1d0c5-scaled.jpg?width=400 400w, https:\/\/bdc2020.o0bc.com\/wp-content\/uploads\/2024\/08\/Officer_Killed_Girlfriend_Trial_26293-66b3ceac1d0c5-scaled.jpg?width=500 500w, https:\/\/bdc2020.o0bc.com\/wp-content\/uploads\/2024\/08\/Officer_Killed_Girlfriend_Trial_26293-66b3ceac1d0c5-scaled.jpg?width=600 600w, https:\/\/bdc2020.o0bc.com\/wp-content\/uploads\/2024\/08\/Officer_Killed_Girlfriend_Trial_26293-66b3ceac1d0c5-scaled.jpg?width=700 700w, https:\/\/bdc2020.o0bc.com\/wp-content\/uploads\/2024\/08\/Officer_Killed_Girlfriend_Trial_26293-66b3ceac1d0c5-scaled.jpg?width=800 800w, https:\/\/bdc2020.o0bc.com\/wp-content\/uploads\/2024\/08\/Officer_Killed_Girlfriend_Trial_26293-66b3ceac1d0c5-scaled.jpg?width=900 900w\" sizes=\"auto, (max-width: 2560px) 100vw, 2560px\"\/><figcaption class=\"wp-element-caption\">Apoiadores de Karen Read do lado de fora do Tribunal Superior de Norfolk, segunda-feira, 22 de julho de 2024, em Dedham, Massachusetts.<i> \u2013 Foto AP\/Charles Krupa<\/i><\/figcaption><\/figure>\n<p>De acordo com o documento do tribunal, o promotor p\u00fablico assistente Adam Lally recebeu uma mensagem de voz n\u00e3o solicitada em 21 de julho de algu\u00e9m que se identificou como jurado e declarou: &#8220;\u00c9 verdade o que saiu recentemente sobre o j\u00fari ser un\u00e2nime nas acusa\u00e7\u00f5es 1 e 3&#8221;.<\/p>\n<p>Em uma segunda mensagem de voz em 26 de julho, o suposto jurado alegou que, na \u201c\u00faltima vota\u00e7\u00e3o\u201d, o j\u00fari era \u201c9-3 culpado nas acusa\u00e7\u00f5es de homic\u00eddio culposo\u2026 nas acusa\u00e7\u00f5es de homic\u00eddio culposo de n\u00edvel inferior\u201d, de acordo com o processo.<\/p>\n<p>Os promotores n\u00e3o responderam \u00e0s mensagens de voz e disseram que est\u00e3o \u201c<a href=\"https:\/\/bbopublic.massbbo.org\/web\/f\/rpc.pdf\" target=\"_blank\" rel=\"noreferrer noopener\">eticamente proibido<\/a> de se envolver em discuss\u00f5es sobre o processo deliberativo do j\u00fari\u201d, de acordo com o documento do tribunal. <\/p>\n<p>Os apoiadores de Read permaneceram vocais em sua defesa at\u00e9 a audi\u00eancia de sexta-feira. No \u00faltimo domingo, o movimento \u201cFree Karen Read\u201d organizou manifesta\u00e7\u00f5es em 32 locais, <a href=\"https:\/\/www.nbcboston.com\/news\/local\/karen-read-supporters-standout-in-cities-across-mass\/3449456\/\" target=\"_blank\" rel=\"noreferrer noopener\">NBC10 Boston<\/a> relatado. Leia ela mesma foi <a href=\"https:\/\/x.com\/kreadisinnocent\/status\/1820191095009001832\" target=\"_blank\" rel=\"noreferrer noopener\">manchado misturando-se<\/a> com apoiadores em Dighton, onde seus pais moram.<\/p>\n<div class=\"m-block m-generic-cta\t m-generic-cta--post-content\t m-generic-cta--dark\t m-generic-cta--homepage\t m-generic-cta--email-signup\t\t m-generic-cta-block-style--default \tt-amp__generic-cta\"><\/p>\n<div class=\"m-generic-cta__wrap\">\n<div class=\"m-generic-cta__content\">\n<h3 class=\"m-generic-cta__title\">Inscri\u00e7\u00e3o no boletim informativo<\/h3>\n<p class=\"m-generic-cta__subtitle\">Fique por dentro das \u00faltimas not\u00edcias do Boston.com<\/p>\n<\/p><\/div>\n<\/p><\/div>\n<\/div><\/div>\n<p><script>\n\t\tvar consent=\"grant\";\n\t\t\/* The above code is parsing the JSON data from the local storage and storing it in a variable. *\/\n\t\t\t\t\tconst onetrustStorageConsent = JSON.parse(localStorage.getItem( 'consent_one_trust_bdc' ) );\n\t\t\tif ( ( onetrustStorageConsent !== null ) ) {\n\t\t\t\t\/* Checking to see if the user has consented to the use of cookies.\n\t\t\t\t* If they have not, it is deleting the cookie.\n\t\t\t\t* This will comment for now, until further notice.\n\t\t\t\t*\/\n\t\t\t\t\/\/if ( onetrustStorageConsent.C0002 === false ) {\n\t\t\t\t\/\/\tdocument.cookie=\"_fbp=;expires=Thu, 01 Jan 2010 00:00:00 UTC; path=\/; domain=.boston.com\";\n\t\t\t\t\/\/}\n\t\t\t\t\/* Checking if the user has given consent for the cookie C0002.\n\t\t\t\t* If the user has given consent, the variable consent will be set to 'grant'.\n\t\t\t\t* If the user has not given consent,the variable consent will be set to 'revoke'.\n\t\t\t\t* Documentation https:\/\/developers.facebook.com\/docs\/meta-pixel\/implementation\/gdpr\n\t\t\t\t*\/\n\t\t\t\tif ( onetrustStorageConsent.C0002 !== true ) {\n\t\t\t\t\tconsent=\"revoke\";\n\t\t\t\t}\n\t\t\t}\n\t\t\t\t!function(f,b,e,v,n,t,s)\n\t\t{if(f.fbq)return;n=f.fbq=function(){n.callMethod?\n\t\tn.callMethod.apply(n,arguments):n.queue.push(arguments)};\n\t\tif(!f._fbq)f._fbq=n;n.push=n;n.loaded=!0;n.version='2.0';\n\t\tn.queue=[];t=b.createElement(e);t.async=!0;\n\t\tt.src=v;s=b.getElementsByTagName(e)[0];\n\t\ts.parentNode.insertBefore(t,s)}(window, document,'script',\n\t\t'https:\/\/connect.facebook.net\/en_US\/fbevents.js');\n\t\tfbq('consent', consent);\n\t\tfbq('init', '989222871864976');\n\t\tfbq('track', 'PageView');\n\t<\/script><script type=\"module\">\n\t\tvar consent=\"grant\";\n\t\t\/* The above code is parsing the JSON data from the local storage and storing it in a variable. *\/\n\t\t\tconst onetrustStorageConsent = JSON.parse(localStorage.getItem( 'consent_one_trust_bdc' ) );\n\t\t\t\/* Checking to see if the user has consented to the use of cookies.\n\t\t\t* If they have not, it is deleting the cookie.\n\t\t\t* This will comment for now, until further notice.\n\t\t\t*\/\n\t\t\t\/\/if ( onetrustStorageConsent.C0002 === false ) {\n\t\t\t\/\/\tdocument.cookie=\"_fbp=;expires=Thu, 01 Jan 2010 00:00:00 UTC; path=\/; domain=.boston.com\";\n\t\t\t\/\/}\n\t\t\t\/* Checking if the user has given consent for the cookie C0002.\n\t\t\t* If the user has given consent, the variable consent will be set to 'grant'.\n\t\t\t* If the user has not given consent,the variable consent will be set to 'revoke'.\n\t\t\t* Documentation https:\/\/developers.facebook.com\/docs\/meta-pixel\/implementation\/gdpr\n\t\t\t*\/\n\t\t\tif ( ( onetrustStorageConsent !== null ) && (onetrustStorageConsent.C0002 !== true ) ) {\n\t\t\t\tconsent=\"revoke\";\n\t\t\t}\n\t\t\t\t!function(f,b,e,v,n,t,s){if(f.fbq)return;n=f.fbq=function()\n\t\t{n.callMethod? n.callMethod.apply(n,arguments):n.queue.push(arguments)}\n\t\t;if(!f._fbq)f._fbq=n;\n\t\tn.push=n;n.loaded=!0;n.version='2.0';n.queue=[];t=b.createElement(e);t.async=!0;\n\t\tt.src=v;s=b.getElementsByTagName(e)[0];s.parentNode.insertBefore(t,s)}(window,\n\t\tdocument,'script','https:\/\/connect.facebook.net\/en_US\/fbevents.js');\n\t\tfbq('consent', consent);\n\t\tfbq('init', '813236348753005');\n\t\tfbq('track', \"PageView\");\n\t<\/script><br \/>\n<br \/><br \/>\n<br \/><a href=\"https:\/\/www.boston.com\/news\/crime\/2024\/08\/09\/karen-read-back-in-court-friday-motion-to-dismiss\/\">Source link <\/a><\/p>","protected":false},"excerpt":{"rendered":"<p>Crime Os advogados de Read est\u00e3o pedindo \u00e0 ju\u00edza Beverly Cannone que retire duas das acusa\u00e7\u00f5es, incluindo homic\u00eddio de segundo grau. Karen Read caminha por uma multid\u00e3o de apoiadores em&hellip;<\/p>","protected":false},"author":1,"featured_media":20483,"comment_status":"closed","ping_status":"open","sticky":false,"template":"","format":"standard","meta":{"content-type":"","footnotes":""},"categories":[1],"tags":[],"class_list":["post-20482","post","type-post","status-publish","format-standard","has-post-thumbnail","hentry","category-uncategorized"],"_links":{"self":[{"href":"https:\/\/tvbrazilusa.com\/pt\/wp-json\/wp\/v2\/posts\/20482","targetHints":{"allow":["GET"]}}],"collection":[{"href":"https:\/\/tvbrazilusa.com\/pt\/wp-json\/wp\/v2\/posts"}],"about":[{"href":"https:\/\/tvbrazilusa.com\/pt\/wp-json\/wp\/v2\/types\/post"}],"author":[{"embeddable":true,"href":"https:\/\/tvbrazilusa.com\/pt\/wp-json\/wp\/v2\/users\/1"}],"replies":[{"embeddable":true,"href":"https:\/\/tvbrazilusa.com\/pt\/wp-json\/wp\/v2\/comments?post=20482"}],"version-history":[{"count":1,"href":"https:\/\/tvbrazilusa.com\/pt\/wp-json\/wp\/v2\/posts\/20482\/revisions"}],"predecessor-version":[{"id":20484,"href":"https:\/\/tvbrazilusa.com\/pt\/wp-json\/wp\/v2\/posts\/20482\/revisions\/20484"}],"wp:featuredmedia":[{"embeddable":true,"href":"https:\/\/tvbrazilusa.com\/pt\/wp-json\/wp\/v2\/media\/20483"}],"wp:attachment":[{"href":"https:\/\/tvbrazilusa.com\/pt\/wp-json\/wp\/v2\/media?parent=20482"}],"wp:term":[{"taxonomy":"category","embeddable":true,"href":"https:\/\/tvbrazilusa.com\/pt\/wp-json\/wp\/v2\/categories?post=20482"},{"taxonomy":"post_tag","embeddable":true,"href":"https:\/\/tvbrazilusa.com\/pt\/wp-json\/wp\/v2\/tags?post=20482"}],"curies":[{"name":"wp","href":"https:\/\/api.w.org\/{rel}","templated":true}]}}