{"id":20488,"date":"2024-08-09T09:00:00","date_gmt":"2024-08-09T09:00:00","guid":{"rendered":"https:\/\/tvbrazilusa.com\/2024\/08\/09\/criancas-assassinadas-protestos-no-reino-unido-escalam-apos-crime-chocante-paulo-figueiredo\/"},"modified":"2024-08-09T09:26:18","modified_gmt":"2024-08-09T09:26:18","slug":"criancas-assassinadas-protestos-no-reino-unido-escalam-apos-crime-chocante-paulo-figueiredo","status":"publish","type":"post","link":"https:\/\/tvbrazilusa.com\/pt\/2024\/08\/09\/criancas-assassinadas-protestos-no-reino-unido-escalam-apos-crime-chocante-paulo-figueiredo\/","title":{"rendered":"CRIAN\u00c7AS ASSASSINADAS: Protestos no Reino Unido Escalam Ap\u00f3s Crime Chocante &#8211; Paulo Figueiredo"},"content":{"rendered":"<p> <script async src=\"https:\/\/pagead2.googlesyndication.com\/pagead\/js\/adsbygoogle.js?client=ca-pub-8864793242727901\"\r\n     crossorigin=\"anonymous\"><\/script><br \/>\n<\/p>\n<div id=\"wtr-content\" data-bg=\"#FFFFFF\" data-fg=\"#006d91\" data-width=\"25\" data-mute=\"1\" data-fgopacity=\"1.00\" data-mutedopacity=\"0.5\" data-placement=\"bottom\" data-placement-offset=\"0\" data-content-offset=\"262\" data-placement-touch=\"bottom\" data-placement-offset-touch=\"0\" data-transparent=\"\" data-shadow=\"0\" data-touch=\"1\" data-non-touch=\"1\" data-comments=\"0\" data-commentsbg=\"transparent\" data-location=\"page\" data-mutedfg=\"#006d91\" data-endfg=\"#006d91\" data-rtl=\"\">\n<pre class=\"wp-block-preformatted has-small-font-size\">Foto - Danny Lawson\/PA<\/pre>\n<h3 class=\"wp-block-heading\">Nos \u00faltimos dias, o Reino Unido tem sido palco de intensos protestos contra imigrantes isl\u00e2micos radicais, resultando na pris\u00e3o de mais de 400 pessoas.<\/h3>\n<p>Os atos de viol\u00eancia eclodiram ap\u00f3s um crime que abalou o pa\u00eds, levando manifestantes a questionarem a nacionalidade e a religi\u00e3o de um adolescente que assassinou tr\u00eas meninas com idades entre 6 e 9 anos na semana passada.<\/p>\n<p>O rec\u00e9m-empossado governo trabalhista do primeiro-ministro Keir Starmer, que est\u00e1 h\u00e1 apenas um m\u00eas no poder, adotou uma postura autorit\u00e1ria, reprimindo os protestos com rigor. Em um discurso firme transmitido na TV, Starmer classificou os atos como \u201cbanditismo da extrema direita\u201d e prometeu levar os organizadores dos protestos aos tribunais.<\/p>\n<p>\u201cEu garanto que voc\u00eas v\u00e3o se arrepender de participar dessa desordem, seja diretamente ou aqueles que est\u00e3o provocando a a\u00e7\u00e3o online e depois fugindo,\u201d afirmou o primeiro-ministro em tom amea\u00e7ador.<\/p>\n<p>Os protestos, organizados sob o lema \u201cEnough is enough\u201d (\u201cBasta\u201d), tiveram in\u00edcio na sexta-feira (2). No terceiro dia de manifesta\u00e7\u00f5es, a situa\u00e7\u00e3o escalou, com civis lan\u00e7ando tijolos, garrafas e sinalizadores contra as for\u00e7as de seguran\u00e7a, que responderam com uma repress\u00e3o severa. Karina, de 41 anos, declarou \u00e0 AFP: \u201cAs pessoas de bem est\u00e3o cansadas de ouvir que dever\u00edamos ter vergonha de sermos brancos e da classe trabalhadora.\u201d<\/p>\n<p>O estopim para a viol\u00eancia foi um ataque brutal cometido por Axel Rudakubana, um adolescente de 17 anos nascido em Cardiff, filho de imigrantes ruandeses. Na \u00faltima sexta-feira, Rudakubana invadiu uma aula de dan\u00e7a em Southport, a cerca de 30 km de Liverpool, e esfaqueou 11 crian\u00e7as, matando tr\u00eas delas: Bebe King, de 6 anos, Elsie Dot Stancombe, de 7, e Alice da Silva Aguiar, de 9.<\/p>\n<p>Dois adultos que tentaram proteger as crian\u00e7as, al\u00e9m de mais cinco crian\u00e7as, ainda est\u00e3o hospitalizados em estado grave. A identidade de Rudakubana foi revelada por um juiz, uma decis\u00e3o considerada \u2018excepcional\u2019 devido \u00e0 gravidade do crime e ao clamor p\u00fablico.<\/p>\n<p>A tens\u00e3o no pa\u00eds permanece alta, e os protestos contra a imigra\u00e7\u00e3o radical e a resposta do governo Starmer continuam a se intensificar.<\/p>\n<\/div>\n<p><br \/>\n<br \/><a href=\"https:\/\/paulofigueiredoshow.com\/criancas-assassinadas-protestos-no-reino-unido-escalam-apos-crime-chocante\/\">Source link <\/a><\/p>","protected":false},"excerpt":{"rendered":"<p>Foto &#8211; Danny Lawson\/PA Nos \u00faltimos dias, o Reino Unido tem sido palco de intensos protestos contra imigrantes isl\u00e2micos radicais, resultando na pris\u00e3o de mais de 400 pessoas. Os atos&hellip;<\/p>","protected":false},"author":1,"featured_media":20489,"comment_status":"closed","ping_status":"open","sticky":false,"template":"","format":"standard","meta":{"content-type":"","footnotes":""},"categories":[16],"tags":[],"class_list":["post-20488","post","type-post","status-publish","format-standard","has-post-thumbnail","hentry","category-noticias"],"_links":{"self":[{"href":"https:\/\/tvbrazilusa.com\/pt\/wp-json\/wp\/v2\/posts\/20488","targetHints":{"allow":["GET"]}}],"collection":[{"href":"https:\/\/tvbrazilusa.com\/pt\/wp-json\/wp\/v2\/posts"}],"about":[{"href":"https:\/\/tvbrazilusa.com\/pt\/wp-json\/wp\/v2\/types\/post"}],"author":[{"embeddable":true,"href":"https:\/\/tvbrazilusa.com\/pt\/wp-json\/wp\/v2\/users\/1"}],"replies":[{"embeddable":true,"href":"https:\/\/tvbrazilusa.com\/pt\/wp-json\/wp\/v2\/comments?post=20488"}],"version-history":[{"count":1,"href":"https:\/\/tvbrazilusa.com\/pt\/wp-json\/wp\/v2\/posts\/20488\/revisions"}],"predecessor-version":[{"id":20490,"href":"https:\/\/tvbrazilusa.com\/pt\/wp-json\/wp\/v2\/posts\/20488\/revisions\/20490"}],"wp:featuredmedia":[{"embeddable":true,"href":"https:\/\/tvbrazilusa.com\/pt\/wp-json\/wp\/v2\/media\/20489"}],"wp:attachment":[{"href":"https:\/\/tvbrazilusa.com\/pt\/wp-json\/wp\/v2\/media?parent=20488"}],"wp:term":[{"taxonomy":"category","embeddable":true,"href":"https:\/\/tvbrazilusa.com\/pt\/wp-json\/wp\/v2\/categories?post=20488"},{"taxonomy":"post_tag","embeddable":true,"href":"https:\/\/tvbrazilusa.com\/pt\/wp-json\/wp\/v2\/tags?post=20488"}],"curies":[{"name":"wp","href":"https:\/\/api.w.org\/{rel}","templated":true}]}}