{"id":20515,"date":"2024-08-09T10:12:56","date_gmt":"2024-08-09T10:12:56","guid":{"rendered":"https:\/\/tvbrazilusa.com\/2024\/08\/09\/padre-faz-campanha-para-boulos-e-usa-ate-boletim-paroquial-para-promover-candidato\/"},"modified":"2024-08-09T10:16:30","modified_gmt":"2024-08-09T10:16:30","slug":"padre-faz-campanha-para-boulos-e-usa-ate-boletim-paroquial-para-promover-candidato","status":"publish","type":"post","link":"https:\/\/tvbrazilusa.com\/pt\/2024\/08\/09\/padre-faz-campanha-para-boulos-e-usa-ate-boletim-paroquial-para-promover-candidato\/","title":{"rendered":"Padre faz campanha para Boulos e usa at\u00e9 boletim paroquial para promover candidato"},"content":{"rendered":"<p> <script async src=\"https:\/\/pagead2.googlesyndication.com\/pagead\/js\/adsbygoogle.js?client=ca-pub-8864793242727901\"\r\n     crossorigin=\"anonymous\"><\/script><br \/>\n<\/p>\n<div>\n<p><em>foto: reprodu\u00e7\u00e3o O Antagonista <\/em><\/p>\n<p>Materiais oficiais de uma pastoral da Diocese de S\u00e3o Miguel Paulista foram utilizados para promover a pr\u00e9-candidatura de Guilherme Boulos \u00e0 Prefeitura de S\u00e3o Paulo. A den\u00fancia foi recebida por O Antagonista, que teve acesso a imagens de um boletim paroquial e publica\u00e7\u00f5es nas redes sociais de membros do clero.<\/p>\n<p>No boletim publicado pelo Conselho Paroquial de Pastoral de Itaquera, em 24 de julho de 2024, h\u00e1 um apelo direto para \u201cderrotar a extrema direita nessas elei\u00e7\u00f5es, em S\u00e3o Paulo\u201d, promovendo a figura de Boulos. Esse mesmo conte\u00fado foi compartilhado no Facebook pelo Padre Paulo S\u00e9rgio Bezerra, que, em outra publica\u00e7\u00e3o, datada de abril de 2023, declarou apoio irrevers\u00edvel a Boulos, exaltando sua \u201cbrilhante intelig\u00eancia\u201d e seu compromisso com os \u201cmais sofridos\u201d.<\/p>\n<figure class=\"wp-block-image size-full\"><\/figure>\n<h2 class=\"wp-block-heading\">Boletim Paroquial em apoio a Guilherme Boulos<\/h2>\n<p>O boletim ainda traz trechos que v\u00e3o al\u00e9m da simples cr\u00edtica pol\u00edtica, abordando temas de maneira divisiva e em clara conson\u00e2ncia com ideologias de extrema-esquerda. Termos como \u201cimperialismo da OTAN\u201d e \u201csionismo genocida de Israel\u201d s\u00e3o usados para descrever conflitos internacionais. No cen\u00e1rio nacional, o texto lamenta a \u201ctrag\u00e9dia no Povo Yanomami\u201d e critica diretamente o governo de Jair Bolsonaro, atribuindo a ele \u201c800 mil mortes de brasileiros e brasileiras\u201d durante a pandemia de Covid-19.<\/p>\n<h2 class=\"wp-block-heading\">Qual a posi\u00e7\u00e3o do Padre Paulo S\u00e9rgio Bezerra?<\/h2>\n<p>Essa n\u00e3o \u00e9 a primeira vez que o Padre Paulo S\u00e9rgio Bezerra se envolve em controv\u00e9rsias pol\u00edticas. Em 2017, ele foi alvo de cr\u00edticas ap\u00f3s a divulga\u00e7\u00e3o de um panfleto em sua par\u00f3quia, a Nossa Senhora do Carmo, em Itaquera. O panfleto afirmava que o \u201cpovo foi golpeado e tra\u00eddo\u201d pelo governo de Michel Temer e pelo Congresso, em refer\u00eancia \u00e0s reformas previdenci\u00e1ria e trabalhista. Na ocasi\u00e3o, Bezerra defendeu que sua miss\u00e3o era \u201cdespertar a consci\u00eancia cr\u00edtica do povo\u201d e garantiu ter o aval do bispo da Diocese de S\u00e3o Miguel Paulista para suas declara\u00e7\u00f5es pol\u00edticas.<\/p>\n<h2 class=\"wp-block-heading\">O que o Papa Francisco diz sobre ideologias?<\/h2>\n<p>O Papa Francisco, l\u00edder da Igreja Cat\u00f3lica, tem repetidamente condenado o uso de ideologias, afirmando que \u201ctoda ideologia \u00e9 ruim\u201d. Em uma rara entrevista ao programa \u201c60 Minutes\u201d da CBS, exibida em maio de 2024, o pont\u00edfice destacou que \u201cideologias prejudiciais\u201d s\u00e3o perigosas e que a miss\u00e3o da Igreja deve se concentrar na promo\u00e7\u00e3o da paz e da justi\u00e7a, sem se enveredar por qualquer linha ideol\u00f3gica.<\/p>\n<h3 class=\"wp-block-heading\">Tens\u00f5es entre religi\u00e3o e pol\u00edtica na Diocese de S\u00e3o Miguel Paulista<\/h3>\n<p>Apesar da orienta\u00e7\u00e3o oficial da Igreja, que preconiza a neutralidade e promove a forma\u00e7\u00e3o pol\u00edtica apartid\u00e1ria dos fi\u00e9is, casos como o da Diocese de S\u00e3o Miguel Paulista evidenciam tens\u00f5es e desafios na separa\u00e7\u00e3o entre religi\u00e3o e pol\u00edtica. At\u00e9 o momento, a Diocese de S\u00e3o Miguel Paulista n\u00e3o respondeu aos pedidos de esclarecimento enviados por O Antagonista por e-mail.<\/p>\n<\/p><\/div>\n<p><br \/>\n<br \/><a href=\"https:\/\/terrabrasilnoticias.com\/2024\/08\/padre-faz-campanha-para-boulos-e-usa-ate-boletim-paroquial-para-promover-candidato\/\">Source link <\/a><\/p>","protected":false},"excerpt":{"rendered":"<p>foto: reprodu\u00e7\u00e3o O Antagonista Materiais oficiais de uma pastoral da Diocese de S\u00e3o Miguel Paulista foram utilizados para promover a pr\u00e9-candidatura de Guilherme Boulos \u00e0 Prefeitura de S\u00e3o Paulo. A&hellip;<\/p>","protected":false},"author":1,"featured_media":20516,"comment_status":"closed","ping_status":"open","sticky":false,"template":"","format":"standard","meta":{"content-type":"","footnotes":""},"categories":[16],"tags":[],"class_list":["post-20515","post","type-post","status-publish","format-standard","has-post-thumbnail","hentry","category-noticias"],"_links":{"self":[{"href":"https:\/\/tvbrazilusa.com\/pt\/wp-json\/wp\/v2\/posts\/20515","targetHints":{"allow":["GET"]}}],"collection":[{"href":"https:\/\/tvbrazilusa.com\/pt\/wp-json\/wp\/v2\/posts"}],"about":[{"href":"https:\/\/tvbrazilusa.com\/pt\/wp-json\/wp\/v2\/types\/post"}],"author":[{"embeddable":true,"href":"https:\/\/tvbrazilusa.com\/pt\/wp-json\/wp\/v2\/users\/1"}],"replies":[{"embeddable":true,"href":"https:\/\/tvbrazilusa.com\/pt\/wp-json\/wp\/v2\/comments?post=20515"}],"version-history":[{"count":1,"href":"https:\/\/tvbrazilusa.com\/pt\/wp-json\/wp\/v2\/posts\/20515\/revisions"}],"predecessor-version":[{"id":20517,"href":"https:\/\/tvbrazilusa.com\/pt\/wp-json\/wp\/v2\/posts\/20515\/revisions\/20517"}],"wp:featuredmedia":[{"embeddable":true,"href":"https:\/\/tvbrazilusa.com\/pt\/wp-json\/wp\/v2\/media\/20516"}],"wp:attachment":[{"href":"https:\/\/tvbrazilusa.com\/pt\/wp-json\/wp\/v2\/media?parent=20515"}],"wp:term":[{"taxonomy":"category","embeddable":true,"href":"https:\/\/tvbrazilusa.com\/pt\/wp-json\/wp\/v2\/categories?post=20515"},{"taxonomy":"post_tag","embeddable":true,"href":"https:\/\/tvbrazilusa.com\/pt\/wp-json\/wp\/v2\/tags?post=20515"}],"curies":[{"name":"wp","href":"https:\/\/api.w.org\/{rel}","templated":true}]}}