{"id":20536,"date":"2024-08-09T10:52:10","date_gmt":"2024-08-09T10:52:10","guid":{"rendered":"https:\/\/tvbrazilusa.com\/2024\/08\/09\/travis-scott-e-preso-em-um-hotel-de-paris-apos-altercacao-com-um-seguranca-dizem-promotores-wsvn-7news-noticias-de-miami-clima-esportes-fort-lauderdale\/"},"modified":"2024-08-09T10:54:06","modified_gmt":"2024-08-09T10:54:06","slug":"travis-scott-e-preso-em-um-hotel-de-paris-apos-altercacao-com-um-seguranca-dizem-promotores-wsvn-7news-noticias-de-miami-clima-esportes-fort-lauderdale","status":"publish","type":"post","link":"https:\/\/tvbrazilusa.com\/pt\/2024\/08\/09\/travis-scott-e-preso-em-um-hotel-de-paris-apos-altercacao-com-um-seguranca-dizem-promotores-wsvn-7news-noticias-de-miami-clima-esportes-fort-lauderdale\/","title":{"rendered":"Travis Scott \u00e9 preso em um hotel de Paris ap\u00f3s alterca\u00e7\u00e3o com um seguran\u00e7a, dizem promotores &#8211; WSVN 7News | Not\u00edcias de Miami, Clima, Esportes | Fort Lauderdale"},"content":{"rendered":"<p> <script async src=\"https:\/\/pagead2.googlesyndication.com\/pagead\/js\/adsbygoogle.js?client=ca-pub-8864793242727901\"\r\n     crossorigin=\"anonymous\"><\/script><br \/>\n<\/p>\n<div itemprop=\"articleBody\">\n<p>PARIS (AP) \u2014 O rapper Travis Scott foi preso em um hotel de Paris ap\u00f3s uma briga com um seguran\u00e7a, disseram promotores franceses na sexta-feira.<\/p>\n<p>A pris\u00e3o ocorreu depois que a pol\u00edcia foi chamada ao hotel Georges V na sexta-feira de manh\u00e3 para prender um homem &#8220;apelidado de Travis Scott por viol\u00eancia contra um seguran\u00e7a&#8221;, de acordo com um comunicado do Minist\u00e9rio P\u00fablico de Paris.<\/p>\n<p>O seguran\u00e7a do hotel interveio em uma alterca\u00e7\u00e3o entre o rapper e seu pr\u00f3prio guarda-costas, disse o comunicado. A pol\u00edcia ainda est\u00e1 investigando.<\/p>\n<p>O rapper estava em Paris para as Olimp\u00edadas. Ele assistiu \u00e0 vit\u00f3ria dos EUA sobre a S\u00e9rvia na semifinal do basquete masculino na quinta-feira \u00e0 noite.<\/p>\n<p>Scott, um dos maiores nomes do hip hop cujo nome de nascimento \u00e9 Jacques Webster, tem mais de 100 m\u00fasicas que entraram na Billboard Hot 100 e lan\u00e7ou quatro singles que chegaram ao topo da parada: \u201cSicko Mode\u201d, \u201cHighest in the Room\u201d, \u201cThe Scotts\u201d e \u201cFranchise\u201d.<\/p>\n<p>Ele tem dois filhos com sua ex-namorada, a personalidade da m\u00eddia e empres\u00e1ria Kylie Jenner.<\/p>\n<p>A Associated Press enviou uma mensagem ao representante de Scott solicitando coment\u00e1rios.<\/p>\n<p><em>Copyright 2024 The Associated Press. Todos os direitos reservados. Este material n\u00e3o pode ser publicado, transmitido, reescrito ou redistribu\u00eddo.<\/em><\/p>\n<div class=\"wp-block-newsletter\">\n\t<strong class=\"wp-block-newsletter__title\">Inscreva-se em nossa Newsletter para receber as \u00faltimas not\u00edcias diretamente na sua caixa de entrada<\/strong><\/p>\n<\/div><\/div>\n<p><br \/>\n<br \/><a href=\"https:\/\/wsvn.com\/entertainment\/travis-scott-is-arrested-at-a-paris-hotel-after-altercation-with-a-security-guard-prosecutors-say\/\">Source link <\/a><\/p>","protected":false},"excerpt":{"rendered":"<p>PARIS (AP) \u2014 O rapper Travis Scott foi preso em um hotel de Paris ap\u00f3s uma briga com um seguran\u00e7a, disseram promotores franceses na sexta-feira. A pris\u00e3o ocorreu depois que&hellip;<\/p>","protected":false},"author":1,"featured_media":20537,"comment_status":"closed","ping_status":"open","sticky":false,"template":"","format":"standard","meta":{"content-type":"","footnotes":""},"categories":[1],"tags":[],"class_list":["post-20536","post","type-post","status-publish","format-standard","has-post-thumbnail","hentry","category-uncategorized"],"_links":{"self":[{"href":"https:\/\/tvbrazilusa.com\/pt\/wp-json\/wp\/v2\/posts\/20536","targetHints":{"allow":["GET"]}}],"collection":[{"href":"https:\/\/tvbrazilusa.com\/pt\/wp-json\/wp\/v2\/posts"}],"about":[{"href":"https:\/\/tvbrazilusa.com\/pt\/wp-json\/wp\/v2\/types\/post"}],"author":[{"embeddable":true,"href":"https:\/\/tvbrazilusa.com\/pt\/wp-json\/wp\/v2\/users\/1"}],"replies":[{"embeddable":true,"href":"https:\/\/tvbrazilusa.com\/pt\/wp-json\/wp\/v2\/comments?post=20536"}],"version-history":[{"count":1,"href":"https:\/\/tvbrazilusa.com\/pt\/wp-json\/wp\/v2\/posts\/20536\/revisions"}],"predecessor-version":[{"id":20538,"href":"https:\/\/tvbrazilusa.com\/pt\/wp-json\/wp\/v2\/posts\/20536\/revisions\/20538"}],"wp:featuredmedia":[{"embeddable":true,"href":"https:\/\/tvbrazilusa.com\/pt\/wp-json\/wp\/v2\/media\/20537"}],"wp:attachment":[{"href":"https:\/\/tvbrazilusa.com\/pt\/wp-json\/wp\/v2\/media?parent=20536"}],"wp:term":[{"taxonomy":"category","embeddable":true,"href":"https:\/\/tvbrazilusa.com\/pt\/wp-json\/wp\/v2\/categories?post=20536"},{"taxonomy":"post_tag","embeddable":true,"href":"https:\/\/tvbrazilusa.com\/pt\/wp-json\/wp\/v2\/tags?post=20536"}],"curies":[{"name":"wp","href":"https:\/\/api.w.org\/{rel}","templated":true}]}}