{"id":20539,"date":"2024-08-09T10:54:00","date_gmt":"2024-08-09T10:54:00","guid":{"rendered":"https:\/\/tvbrazilusa.com\/2024\/08\/09\/guerschon-yabusele-brinca-que-o-celtics-deveria-me-trazer-de-volta-em-meio-aos-heroismos-olimpicos\/"},"modified":"2024-08-09T10:55:17","modified_gmt":"2024-08-09T10:55:17","slug":"guerschon-yabusele-brinca-que-o-celtics-deveria-me-trazer-de-volta-em-meio-aos-heroismos-olimpicos","status":"publish","type":"post","link":"https:\/\/tvbrazilusa.com\/pt\/2024\/08\/09\/guerschon-yabusele-brinca-que-o-celtics-deveria-me-trazer-de-volta-em-meio-aos-heroismos-olimpicos\/","title":{"rendered":"Guerschon Yabusele brinca que o Celtics deveria &#8220;me trazer de volta&#8221; em meio aos hero\u00edsmos ol\u00edmpicos"},"content":{"rendered":"<p> <script async src=\"https:\/\/pagead2.googlesyndication.com\/pagead\/js\/adsbygoogle.js?client=ca-pub-8864793242727901\"\r\n     crossorigin=\"anonymous\"><\/script><br \/>\n<\/p>\n<div id=\"\">\n<header class=\"m-article-header m-article-header--standard\">\n\t\t\t\t\t\t\t\t\t\t\t\t<span id=\"article-header-primary-term\"><br \/>\n\t\t\t\t\t\t\t\t<a class=\"a-term a-term--primary\" href=\"https:\/\/www.boston.com\/tag\/boston-celtics\/\"><\/p>\n<p>\t\t\t\t\t\t\t\tCeltas\t\t\t\t\t\t\t\t<\/a><br \/>\n\t\t\t\t\t\t\t<\/span><\/p>\n<h2 class=\"m-article-header__sub-headline\">Guerschon Yabusele desempenhou um papel fundamental na caminhada da Fran\u00e7a rumo \u00e0 medalha de ouro nas Olimp\u00edadas de Ver\u00e3o de 2024.<\/h2>\n<figure class=\"a-photo m-article-header__photo\"><figcaption class=\"a-photo__caption\">\n<p>\tGuerschon Yabusele \u00e9 o segundo maior artilheiro da Fran\u00e7a durante as Olimp\u00edadas. <em> (Foto de Aris MESSINIS \/ AFP) (Foto de ARIS MESSINIS\/AFP via Getty Images)<\/em>\t<\/figcaption><\/figure>\n<\/header>\n<p>Guerschon Yabusele teve dificuldades para se firmar na NBA, atuando em apenas 74 jogos com os Celtics entre 2017 e 2019. <\/p>\n<p>A sele\u00e7\u00e3o de primeira rodada de Boston (16\u00aa no geral) no Draft da NBA de 2016 \u2014 escolhida na mesma classe de Jaylen Brown \u2014 pode n\u00e3o ter se desenvolvido no vers\u00e1til atacante que os Celtics imaginaram que ele seria (2,3 pontos por jogo, 1,4 rebotes por jogo).<\/p>\n<p>Mas Yabusele, agora com 28 anos, ainda joga basquete profissional na Europa \u2014 com o franc\u00eas surgindo como uma estrela emergente para seu pa\u00eds natal durante as Olimp\u00edadas de Ver\u00e3o de 2024 em Paris. <\/p>\n<figure class=\"wp-block-embed is-type-rich is-provider-twitter wp-block-embed-twitter\"\/>\n<p>Enquanto Victor Wembanyama, de 2,23 m, foi o principal respons\u00e1vel por colocar a Fran\u00e7a em rota de colis\u00e3o com a equipe dos EUA na pr\u00f3xima disputa pela medalha de ouro no s\u00e1bado, Yabusele deixou suas digitais por toda a \u00faltima temporada da Fran\u00e7a. <\/p>\n<p>Yabusele, que ocupa o segundo lugar depois da Fran\u00e7a em pontua\u00e7\u00e3o (12,8 pontos por jogo), melhorou seu desempenho desde a fase de grupos do torneio internacional \u2014 marcando 22 pontos, o recorde da equipe, em uma vit\u00f3ria surpreendente sobre o Canad\u00e1 nas quartas de final, antes de adicionar 17 pontos e sete rebotes na vit\u00f3ria de sua equipe na semifinal sobre a Alemanha na quinta-feira. <\/p>\n<p>Embora Yabusele tenha jogado na Fran\u00e7a e na Espanha nas \u00faltimas cinco temporadas, essa \u00faltima temporada durante as Olimp\u00edadas pode gerar alguma chance de retorno \u00e0 NBA? <\/p>\n<p>Yabusele levantou o cen\u00e1rio na quinta-feira ao falar com <em>O Globo de Boston <\/em>Gary Washburn: O que \u00e9 isso?<\/p>\n<p>\u201cVoc\u00ea tem que dizer (aos Celtics) para me trazerem de volta\u201d, disse Yabusele com um sorriso para Washburn.<\/p>\n<figure class=\"wp-block-embed is-type-rich is-provider-twitter wp-block-embed-twitter\">\n<div class=\"wp-block-embed__wrapper\">\n<blockquote class=\"twitter-tweet\" data-width=\"500\" data-dnt=\"true\">\n<p lang=\"en\" dir=\"ltr\">Acabei de passar um momento com Guerschon Yabusele, que me reconheceu e disse sorrindo: &#8220;Voc\u00ea tem que contar (o <a href=\"https:\/\/twitter.com\/hashtag\/Celtics?src=hash&#038;ref_src=twsrc%5Etfw\">#Celtas<\/a>) para me trazer de volta.&#8221; Yabu foi uma antiga escolha de primeira rodada do BOS. Joga agora pelo Real Madrid.<\/p>\n<p>\u2014 Gary Washburn (@GwashburnGlobe) <a href=\"https:\/\/twitter.com\/GwashburnGlobe\/status\/1821613276171784249?ref_src=twsrc%5Etfw\">8 de agosto de 2024<\/a><\/p><\/blockquote>\n<\/div>\n<\/figure>\n<p>\u00c9 verdade que os Celtics quase n\u00e3o t\u00eam espa\u00e7o em seu elenco para adicionar qualquer jogador nesta offseason \u2014 muito menos um rosto conhecido como Yabusele. <\/p>\n<p>Mas Yabusele \u2014 que tem dois t\u00edtulos da Liga ACB (2022 e 2024) e um campeonato da Euroliga (2023) com o Real Madrid \u2014 pode ser uma op\u00e7\u00e3o interessante para um time da NBA que busca versatilidade em sua quadra de ataque, caso esteja interessado em planejar um retorno \u00e0 NBA.<\/p>\n<div class=\"m-block m-generic-cta\t m-generic-cta--post-content\t m-generic-cta--dark\t m-generic-cta--homepage\t m-generic-cta--email-signup\t\t m-generic-cta-block-style--default \tt-amp__generic-cta\"><\/p>\n<div class=\"m-generic-cta__wrap\">\n<div class=\"m-generic-cta__content\">\n<h3 class=\"m-generic-cta__title\">Inscreva-se para receber atualiza\u00e7\u00f5es do Celtics\ud83c\udfc0<\/h3>\n<p class=\"m-generic-cta__subtitle\">Receba not\u00edcias de \u00faltima hora e an\u00e1lises na sua caixa de entrada durante a temporada de basquete.<\/p>\n<\/p><\/div>\n<\/p><\/div>\n<\/div><\/div>\n<p><script async src=\"\/\/platform.twitter.com\/widgets.js\" charset=\"utf-8\"><\/script><script>\n\t\tvar consent=\"grant\";\n\t\t\/* The above code is parsing the JSON data from the local storage and storing it in a variable. *\/\n\t\t\t\t\tconst onetrustStorageConsent = JSON.parse(localStorage.getItem( 'consent_one_trust_bdc' ) );\n\t\t\tif ( ( onetrustStorageConsent !== null ) ) {\n\t\t\t\t\/* Checking to see if the user has consented to the use of cookies.\n\t\t\t\t* If they have not, it is deleting the cookie.\n\t\t\t\t* This will comment for now, until further notice.\n\t\t\t\t*\/\n\t\t\t\t\/\/if ( onetrustStorageConsent.C0002 === false ) {\n\t\t\t\t\/\/\tdocument.cookie=\"_fbp=;expires=Thu, 01 Jan 2010 00:00:00 UTC; path=\/; domain=.boston.com\";\n\t\t\t\t\/\/}\n\t\t\t\t\/* Checking if the user has given consent for the cookie C0002.\n\t\t\t\t* If the user has given consent, the variable consent will be set to 'grant'.\n\t\t\t\t* If the user has not given consent,the variable consent will be set to 'revoke'.\n\t\t\t\t* Documentation https:\/\/developers.facebook.com\/docs\/meta-pixel\/implementation\/gdpr\n\t\t\t\t*\/\n\t\t\t\tif ( onetrustStorageConsent.C0002 !== true ) {\n\t\t\t\t\tconsent=\"revoke\";\n\t\t\t\t}\n\t\t\t}\n\t\t\t\t!function(f,b,e,v,n,t,s)\n\t\t{if(f.fbq)return;n=f.fbq=function(){n.callMethod?\n\t\tn.callMethod.apply(n,arguments):n.queue.push(arguments)};\n\t\tif(!f._fbq)f._fbq=n;n.push=n;n.loaded=!0;n.version='2.0';\n\t\tn.queue=[];t=b.createElement(e);t.async=!0;\n\t\tt.src=v;s=b.getElementsByTagName(e)[0];\n\t\ts.parentNode.insertBefore(t,s)}(window, document,'script',\n\t\t'https:\/\/connect.facebook.net\/en_US\/fbevents.js');\n\t\tfbq('consent', consent);\n\t\tfbq('init', '989222871864976');\n\t\tfbq('track', 'PageView');\n\t<\/script><script type=\"module\">\n\t\tvar consent=\"grant\";\n\t\t\/* The above code is parsing the JSON data from the local storage and storing it in a variable. *\/\n\t\t\tconst onetrustStorageConsent = JSON.parse(localStorage.getItem( 'consent_one_trust_bdc' ) );\n\t\t\t\/* Checking to see if the user has consented to the use of cookies.\n\t\t\t* If they have not, it is deleting the cookie.\n\t\t\t* This will comment for now, until further notice.\n\t\t\t*\/\n\t\t\t\/\/if ( onetrustStorageConsent.C0002 === false ) {\n\t\t\t\/\/\tdocument.cookie=\"_fbp=;expires=Thu, 01 Jan 2010 00:00:00 UTC; path=\/; domain=.boston.com\";\n\t\t\t\/\/}\n\t\t\t\/* Checking if the user has given consent for the cookie C0002.\n\t\t\t* If the user has given consent, the variable consent will be set to 'grant'.\n\t\t\t* If the user has not given consent,the variable consent will be set to 'revoke'.\n\t\t\t* Documentation https:\/\/developers.facebook.com\/docs\/meta-pixel\/implementation\/gdpr\n\t\t\t*\/\n\t\t\tif ( ( onetrustStorageConsent !== null ) && (onetrustStorageConsent.C0002 !== true ) ) {\n\t\t\t\tconsent=\"revoke\";\n\t\t\t}\n\t\t\t\t!function(f,b,e,v,n,t,s){if(f.fbq)return;n=f.fbq=function()\n\t\t{n.callMethod? n.callMethod.apply(n,arguments):n.queue.push(arguments)}\n\t\t;if(!f._fbq)f._fbq=n;\n\t\tn.push=n;n.loaded=!0;n.version='2.0';n.queue=[];t=b.createElement(e);t.async=!0;\n\t\tt.src=v;s=b.getElementsByTagName(e)[0];s.parentNode.insertBefore(t,s)}(window,\n\t\tdocument,'script','https:\/\/connect.facebook.net\/en_US\/fbevents.js');\n\t\tfbq('consent', consent);\n\t\tfbq('init', '813236348753005');\n\t\tfbq('track', \"PageView\");\n\t<\/script><br \/>\n<br \/><br \/>\n<br \/><a href=\"https:\/\/www.boston.com\/sports\/boston-celtics\/2024\/08\/09\/boston-celtics-guerschon-yabusele-france-2024-summer-olympics\/\">Source link <\/a><\/p>","protected":false},"excerpt":{"rendered":"<p>Celtas Guerschon Yabusele desempenhou um papel fundamental na caminhada da Fran\u00e7a rumo \u00e0 medalha de ouro nas Olimp\u00edadas de Ver\u00e3o de 2024. Guerschon Yabusele \u00e9 o segundo maior artilheiro da&hellip;<\/p>","protected":false},"author":1,"featured_media":20540,"comment_status":"closed","ping_status":"open","sticky":false,"template":"","format":"standard","meta":{"content-type":"","footnotes":""},"categories":[1],"tags":[],"class_list":["post-20539","post","type-post","status-publish","format-standard","has-post-thumbnail","hentry","category-uncategorized"],"_links":{"self":[{"href":"https:\/\/tvbrazilusa.com\/pt\/wp-json\/wp\/v2\/posts\/20539","targetHints":{"allow":["GET"]}}],"collection":[{"href":"https:\/\/tvbrazilusa.com\/pt\/wp-json\/wp\/v2\/posts"}],"about":[{"href":"https:\/\/tvbrazilusa.com\/pt\/wp-json\/wp\/v2\/types\/post"}],"author":[{"embeddable":true,"href":"https:\/\/tvbrazilusa.com\/pt\/wp-json\/wp\/v2\/users\/1"}],"replies":[{"embeddable":true,"href":"https:\/\/tvbrazilusa.com\/pt\/wp-json\/wp\/v2\/comments?post=20539"}],"version-history":[{"count":1,"href":"https:\/\/tvbrazilusa.com\/pt\/wp-json\/wp\/v2\/posts\/20539\/revisions"}],"predecessor-version":[{"id":20541,"href":"https:\/\/tvbrazilusa.com\/pt\/wp-json\/wp\/v2\/posts\/20539\/revisions\/20541"}],"wp:featuredmedia":[{"embeddable":true,"href":"https:\/\/tvbrazilusa.com\/pt\/wp-json\/wp\/v2\/media\/20540"}],"wp:attachment":[{"href":"https:\/\/tvbrazilusa.com\/pt\/wp-json\/wp\/v2\/media?parent=20539"}],"wp:term":[{"taxonomy":"category","embeddable":true,"href":"https:\/\/tvbrazilusa.com\/pt\/wp-json\/wp\/v2\/categories?post=20539"},{"taxonomy":"post_tag","embeddable":true,"href":"https:\/\/tvbrazilusa.com\/pt\/wp-json\/wp\/v2\/tags?post=20539"}],"curies":[{"name":"wp","href":"https:\/\/api.w.org\/{rel}","templated":true}]}}