{"id":20548,"date":"2024-08-09T10:55:41","date_gmt":"2024-08-09T10:55:41","guid":{"rendered":"https:\/\/tvbrazilusa.com\/2024\/08\/09\/alertas-de-calor-e-algumas-tempestades-wsvn-7news-noticias-de-miami-clima-esportes-fort-lauderdale\/"},"modified":"2024-08-09T11:07:26","modified_gmt":"2024-08-09T11:07:26","slug":"alertas-de-calor-e-algumas-tempestades-wsvn-7news-noticias-de-miami-clima-esportes-fort-lauderdale","status":"publish","type":"post","link":"https:\/\/tvbrazilusa.com\/pt\/2024\/08\/09\/alertas-de-calor-e-algumas-tempestades-wsvn-7news-noticias-de-miami-clima-esportes-fort-lauderdale\/","title":{"rendered":"ALERTAS DE CALOR E ALGUMAS TEMPESTADES &#8211; WSVN 7News | Not\u00edcias de Miami, Clima, Esportes | Fort Lauderdale"},"content":{"rendered":"<p> <script async src=\"https:\/\/pagead2.googlesyndication.com\/pagead\/js\/adsbygoogle.js?client=ca-pub-8864793242727901\"\r\n     crossorigin=\"anonymous\"><\/script><br \/>\n<\/p>\n<div itemprop=\"articleBody\">\n<p class=\"has-text-align-center is-style-larger\"><strong>Feliz sexta-feira, sul da Fl\u00f3rida!<\/strong><\/p>\n<p class=\"has-text-align-center is-style-larger\"><strong>Espero que todos tenham tido uma \u00f3tima semana. O sul da Fl\u00f3rida teve alguns dias interessantes, pois os tr\u00f3picos come\u00e7aram a ganhar vida. Vimos Debbie se desenvolver no \u00faltimo fim de semana e, embora tenha chegado perto da nossa regi\u00e3o, o sul da Fl\u00f3rida foi poupado desse sistema. No entanto, muita umidade tropical permaneceu no local durante toda a semana para fornecer chuvas torrenciais e algumas tempestades isoladas de vez em quando. Agora que Debbie foi rebaixada para uma depress\u00e3o tropical (a partir da tarde de quinta-feira, que foi o \u00faltimo aviso emitido pelo National Hurricane Center) e se afasta de n\u00f3s, nosso padr\u00e3o clim\u00e1tico gradualmente far\u00e1 a transi\u00e7\u00e3o para um mais t\u00edpico. Esta manh\u00e3 foi evidente disso, pois nosso padr\u00e3o de vento estava mais uma vez mais leve em compara\u00e7\u00e3o ao in\u00edcio desta semana. E embora tenhamos aproveitado um in\u00edcio tranquilo de manh\u00e3, estava muito quente e abafado. <\/strong><\/p>\n<figure class=\"wp-block-image size-large is-resized\"><\/figure>\n<p class=\"has-text-align-center is-style-larger\"><strong>Hoje ser\u00e1 muito parecido com ontem, pois o vento sudoeste continua no lugar. Isso significa que nossas temperaturas permanecer\u00e3o alguns graus acima da m\u00e9dia e estar\u00e1 bastante \u00famido esta tarde. As altas temperaturas chegar\u00e3o a meados dos 90 graus, parece que as temperaturas chegar\u00e3o rapidamente aos 100 graus. Um alerta de calor foi emitido para todo o sul da Fl\u00f3rida hoje, pois as temperaturas atingir\u00e3o entre 104\u00b0 e 110\u00b0 por longos per\u00edodos de tempo. Uma diferen\u00e7a que voc\u00ea notar\u00e1 hoje \u00e9 que algumas pancadas de chuva e trovoadas dispersas ser\u00e3o poss\u00edveis. A melhor chance parece ser ao longo da tarde. <\/strong><\/p>\n<figure class=\"wp-block-image size-large is-resized\"><img fetchpriority=\"high\" decoding=\"async\" width=\"1920\" height=\"1080\" src=\"https:\/\/wsvn.com\/wp-content\/uploads\/sites\/2\/2024\/08\/Blog-2.png?w=1024\" alt=\"\" class=\"wp-image-1471992\" style=\"width:810px;height:auto\" srcset=\"https:\/\/wsvn.com\/wp-content\/uploads\/sites\/2\/2024\/08\/Blog-2.png 1920w, https:\/\/wsvn.com\/wp-content\/uploads\/sites\/2\/2024\/08\/Blog-2.png?resize=300,169 300w, https:\/\/wsvn.com\/wp-content\/uploads\/sites\/2\/2024\/08\/Blog-2.png?resize=768,432 768w, https:\/\/wsvn.com\/wp-content\/uploads\/sites\/2\/2024\/08\/Blog-2.png?resize=1024,576 1024w, https:\/\/wsvn.com\/wp-content\/uploads\/sites\/2\/2024\/08\/Blog-2.png?resize=1536,864 1536w\" sizes=\"(max-width: 1920px) 100vw, 1920px\"\/><\/figure>\n<p class=\"has-text-align-center is-style-larger\"><strong>Olhando para o futuro, o sul da Fl\u00f3rida come\u00e7a a fazer a transi\u00e7\u00e3o para um padr\u00e3o clim\u00e1tico mais t\u00edpico conforme o fim de semana avan\u00e7a. O in\u00edcio do fim de semana ser\u00e1 transit\u00f3rio, pois nosso padr\u00e3o de vento come\u00e7ar\u00e1 do sul. Isso significa que as condi\u00e7\u00f5es \u00famidas podem ser esperadas para come\u00e7ar o fim de semana, com a possibilidade de chuva ocasional \u00e0 tarde. No final do fim de semana, um vento vindo da \u00e1gua j\u00e1 ter\u00e1 retornado, o que significa que come\u00e7aremos com nossas chuvas matinais t\u00edpicas que eventualmente empurrar\u00e3o para o interior durante a tarde. Indo para a pr\u00f3xima semana, parece que uma pluma de poeira do Saara se move para a regi\u00e3o. Podemos esperar dias nebulosos, quentes e \u00famidos no sul da Fl\u00f3rida. As chances de chuva durante esse per\u00edodo ser\u00e3o baixas. Vamos mant\u00ea-las isoladas a irregulares na natureza. <\/strong><\/p>\n<figure class=\"wp-block-image size-large is-resized\"><img decoding=\"async\" width=\"1920\" height=\"1080\" src=\"https:\/\/wsvn.com\/wp-content\/uploads\/sites\/2\/2024\/08\/Blog-3.png?w=1024\" alt=\"\" class=\"wp-image-1471993\" style=\"width:805px;height:auto\" srcset=\"https:\/\/wsvn.com\/wp-content\/uploads\/sites\/2\/2024\/08\/Blog-3.png 1920w, https:\/\/wsvn.com\/wp-content\/uploads\/sites\/2\/2024\/08\/Blog-3.png?resize=300,169 300w, https:\/\/wsvn.com\/wp-content\/uploads\/sites\/2\/2024\/08\/Blog-3.png?resize=768,432 768w, https:\/\/wsvn.com\/wp-content\/uploads\/sites\/2\/2024\/08\/Blog-3.png?resize=1024,576 1024w, https:\/\/wsvn.com\/wp-content\/uploads\/sites\/2\/2024\/08\/Blog-3.png?resize=1536,864 1536w\" sizes=\"(max-width: 1920px) 100vw, 1920px\"\/><\/figure>\n<p class=\"has-text-align-center is-style-larger\"><strong>Tenha um \u00f3timo final de semana!<\/strong><\/p>\n<p><strong>Erika Delgado \/ Meteorologista<br \/>WSVN \/ Canal 7 Not\u00edcias<\/strong><\/p>\n<p><em>Copyright 2024 Sunbeam Television Corp. Todos os direitos reservados. Este material n\u00e3o pode ser publicado, transmitido, reescrito ou redistribu\u00eddo.<\/em><\/p>\n<div class=\"wp-block-newsletter\">\n\t<strong class=\"wp-block-newsletter__title\">Inscreva-se em nossa Newsletter para receber as \u00faltimas not\u00edcias diretamente na sua caixa de entrada<\/strong><\/p>\n<\/div><\/div>\n<p><br \/>\n<br \/><a href=\"https:\/\/wsvn.com\/weather-blog\/heat-alerts-and-a-few-storms\/\">Source link <\/a><\/p>","protected":false},"excerpt":{"rendered":"<p>Feliz sexta-feira, sul da Fl\u00f3rida! Espero que todos tenham tido uma \u00f3tima semana. O sul da Fl\u00f3rida teve alguns dias interessantes, pois os tr\u00f3picos come\u00e7aram a ganhar vida. Vimos Debbie&hellip;<\/p>","protected":false},"author":1,"featured_media":20549,"comment_status":"closed","ping_status":"open","sticky":false,"template":"","format":"standard","meta":{"content-type":"","footnotes":""},"categories":[1],"tags":[],"class_list":["post-20548","post","type-post","status-publish","format-standard","has-post-thumbnail","hentry","category-uncategorized"],"_links":{"self":[{"href":"https:\/\/tvbrazilusa.com\/pt\/wp-json\/wp\/v2\/posts\/20548","targetHints":{"allow":["GET"]}}],"collection":[{"href":"https:\/\/tvbrazilusa.com\/pt\/wp-json\/wp\/v2\/posts"}],"about":[{"href":"https:\/\/tvbrazilusa.com\/pt\/wp-json\/wp\/v2\/types\/post"}],"author":[{"embeddable":true,"href":"https:\/\/tvbrazilusa.com\/pt\/wp-json\/wp\/v2\/users\/1"}],"replies":[{"embeddable":true,"href":"https:\/\/tvbrazilusa.com\/pt\/wp-json\/wp\/v2\/comments?post=20548"}],"version-history":[{"count":1,"href":"https:\/\/tvbrazilusa.com\/pt\/wp-json\/wp\/v2\/posts\/20548\/revisions"}],"predecessor-version":[{"id":20550,"href":"https:\/\/tvbrazilusa.com\/pt\/wp-json\/wp\/v2\/posts\/20548\/revisions\/20550"}],"wp:featuredmedia":[{"embeddable":true,"href":"https:\/\/tvbrazilusa.com\/pt\/wp-json\/wp\/v2\/media\/20549"}],"wp:attachment":[{"href":"https:\/\/tvbrazilusa.com\/pt\/wp-json\/wp\/v2\/media?parent=20548"}],"wp:term":[{"taxonomy":"category","embeddable":true,"href":"https:\/\/tvbrazilusa.com\/pt\/wp-json\/wp\/v2\/categories?post=20548"},{"taxonomy":"post_tag","embeddable":true,"href":"https:\/\/tvbrazilusa.com\/pt\/wp-json\/wp\/v2\/tags?post=20548"}],"curies":[{"name":"wp","href":"https:\/\/api.w.org\/{rel}","templated":true}]}}