{"id":20554,"date":"2024-08-09T11:11:33","date_gmt":"2024-08-09T11:11:33","guid":{"rendered":"https:\/\/tvbrazilusa.com\/2024\/08\/09\/laudo-criminologico-de-cristian-cravinhos-apresenta-alteracoes-a-seu-favor-veja\/"},"modified":"2024-08-09T11:17:06","modified_gmt":"2024-08-09T11:17:06","slug":"laudo-criminologico-de-cristian-cravinhos-apresenta-alteracoes-a-seu-favor-veja","status":"publish","type":"post","link":"https:\/\/tvbrazilusa.com\/pt\/2024\/08\/09\/laudo-criminologico-de-cristian-cravinhos-apresenta-alteracoes-a-seu-favor-veja\/","title":{"rendered":"Laudo criminol\u00f3gico de Cristian Cravinhos apresenta altera\u00e7\u00f5es a seu favor; veja"},"content":{"rendered":"<p> <script async src=\"https:\/\/pagead2.googlesyndication.com\/pagead\/js\/adsbygoogle.js?client=ca-pub-8864793242727901\"\r\n     crossorigin=\"anonymous\"><\/script><br \/>\n<\/p>\n<div>\n<p><em>Foto: Reprodu\u00e7\u00e3o\/Redes Sociais<\/em><\/p>\n<p>O recente laudo do exame criminol\u00f3gico de Cristian Cravinhos, atualmente com 48 anos, trouxe \u00e0 tona aspectos favor\u00e1veis para a possibilidade de sua progress\u00e3o de pena para o regime aberto. Solicitada pelo Minist\u00e9rio P\u00fablico de S\u00e3o Paulo (MPSP), a an\u00e1lise visava avaliar se a boa conduta carcer\u00e1ria de Cravinhos seria suficiente para justificar seu retorno ao conv\u00edvio em sociedade.<\/p>\n<p>Condenado em 2006, juntamente com seu irm\u00e3o, Daniel Cravinhos, e a ex-cunhada Suzane Von Richthofen, Cristian Cravinhos recebeu uma pena de 38 anos e 7 meses pelo assassinato dos pais de Suzane. Enquanto Suzane e Daniel j\u00e1 desfrutam de benef\u00edcios legais que lhes permitem viver fora do c\u00e1rcere, Cristian ainda aguarda por sua vez.<\/p>\n<h2 class=\"wp-block-heading\">Exame Criminol\u00f3gico de Cristian Cravinhos<\/h2>\n<p>O exame criminol\u00f3gico de Cristian Cravinhos revelou que ele manifestou arrependimento e demonstrou empatia pelo sofrimento causado \u00e0 fam\u00edlia das v\u00edtimas. Entre os pontos positivos mencionados no laudo, destaca-se que Cristian n\u00e3o fez uso de drogas il\u00edcitas desde sua pris\u00e3o. Ele admitiu ter usado maconha dos 18 aos 22 anos e consumido coca\u00edna apenas duas vezes.<\/p>\n<p>Al\u00e9m disso, o laudo destacou o <strong>\u201cbom conv\u00edvio\u201d<\/strong> de Cristian com seus irm\u00e3os e seu <strong>\u201cbom desenvolvimento biopsicossocial\u201d<\/strong>. Segundo o documento, Cristian foi inserido \u00e0s normas sociais e morais, recebendo educa\u00e7\u00e3o e afeto. Durante sua perman\u00eancia no pres\u00eddio, ele prestou servi\u00e7os na horta e na jardinagem, recebendo \u00f3timas avalia\u00e7\u00f5es por seu desempenho e mantendo um comportamento carcer\u00e1rio exemplar.<\/p>\n<h2 class=\"wp-block-heading\">Cristian Cravinhos Est\u00e1 Pronto para a Liberdade?<\/h2>\n<p>O laudo tamb\u00e9m aponta que Cristian Cravinhos tem planos de trabalhar no ramo de designer de motos de corrida, um setor da empresa de sua fam\u00edlia. Apesar disso, ele n\u00e3o assume a autoria do crime pelo qual foi condenado, alegando que as provas foram forjadas por policiais que lhe pediram R$ 30 mil para n\u00e3o incrimin\u00e1-lo.<\/p>\n<p>O exame indica que Cristian n\u00e3o apresenta evid\u00eancias de dist\u00farbios psicopatol\u00f3gicos nem sinais de periculosidade. Relatou fazer tratamento psiqui\u00e1trico para ins\u00f4nia e teve duas crises de claustrofobia em 2018 quando estava em regime fechado.<\/p>\n<h2 class=\"wp-block-heading\">Hist\u00f3rico de Cristian Cravinhos Afeta sua Chance de Regredir a Pena?<\/h2>\n<p>Em 2017, Cristian Cravinhos teve uma breve passagem pelo regime aberto, por\u00e9m perdeu o benef\u00edcio ap\u00f3s ser detido sob suspeita de agredir uma mulher e tentar subornar policiais em Sorocaba (SP). Na ocasi\u00e3o, ofereceu R$ 1 mil para evitar a pris\u00e3o e alegou que seu irm\u00e3o, Daniel, traria mais R$ 2 mil para os policiais. Com ele, foram encontrados dinheiro e uma muni\u00e7\u00e3o de 9 mm, de uso restrito.<\/p>\n<p>Posteriormente, foi absolvido da acusa\u00e7\u00e3o de porte ilegal de muni\u00e7\u00e3o, mas condenado a mais quatro anos e oito meses de pris\u00e3o por corrup\u00e7\u00e3o ativa, devido \u00e0 tentativa de suborno.<\/p>\n<h2 class=\"wp-block-heading\">Processo de Reinser\u00e7\u00e3o Social de Cristian Cravinhos<\/h2>\n<p>O caso de Cristian Cravinhos levanta diversas quest\u00f5es sobre a reintegra\u00e7\u00e3o de condenados \u00e0 sociedade e os crit\u00e9rios utilizados para concess\u00e3o de benef\u00edcios penais. Afinal, quais s\u00e3o as chances reais de um indiv\u00edduo que cometeu um crime t\u00e3o grave ser reaceito pela sociedade?<\/p>\n<ul class=\"wp-block-list\">\n<li><strong>Arrependimento:<\/strong> Cravinhos mostrou sinais claros de arrependimento, essencial para a avalia\u00e7\u00e3o de sua ressocializa\u00e7\u00e3o.<\/li>\n<li><strong>Comportamento Carcer\u00e1rio:<\/strong> Seu comportamento exemplar no pres\u00eddio \u00e9 outro ponto positivo.<\/li>\n<li><strong>Rede de Apoio:<\/strong> A possibilidade de trabalhar na empresa da fam\u00edlia pode oferecer o apoio necess\u00e1rio para sua reintegra\u00e7\u00e3o.<\/li>\n<li><strong>Sa\u00fade Mental:<\/strong> Tratamentos psiqui\u00e1tricos para ins\u00f4nia e crises mostram uma preocupa\u00e7\u00e3o com sua sa\u00fade mental, fundamental para sua adapta\u00e7\u00e3o fora do c\u00e1rcere.<\/li>\n<\/ul>\n<p>\u00a0<\/p>\n<p>Com todas as informa\u00e7\u00f5es dispon\u00edveis, resta \u00e0 justi\u00e7a decidir se Cristian Cravinhos est\u00e1 pronto para retornar ao conv\u00edvio social, ou se sua pena deve ser mantida nos moldes atuais, levando em considera\u00e7\u00e3o seu comportamento passado e o potencial de ressocializa\u00e7\u00e3o.<\/p>\n<\/p><\/div>\n<p><br \/>\n<br \/><a href=\"https:\/\/terrabrasilnoticias.com\/2024\/08\/laudo-criminologico-de-cristian-cravinhos-apresenta-alteracoes-a-seu-favor-veja\/\">Source link <\/a><\/p>","protected":false},"excerpt":{"rendered":"<p>Foto: Reprodu\u00e7\u00e3o\/Redes Sociais O recente laudo do exame criminol\u00f3gico de Cristian Cravinhos, atualmente com 48 anos, trouxe \u00e0 tona aspectos favor\u00e1veis para a possibilidade de sua progress\u00e3o de pena para&hellip;<\/p>","protected":false},"author":1,"featured_media":20555,"comment_status":"closed","ping_status":"open","sticky":false,"template":"","format":"standard","meta":{"content-type":"","footnotes":""},"categories":[16],"tags":[],"class_list":["post-20554","post","type-post","status-publish","format-standard","has-post-thumbnail","hentry","category-noticias"],"_links":{"self":[{"href":"https:\/\/tvbrazilusa.com\/pt\/wp-json\/wp\/v2\/posts\/20554","targetHints":{"allow":["GET"]}}],"collection":[{"href":"https:\/\/tvbrazilusa.com\/pt\/wp-json\/wp\/v2\/posts"}],"about":[{"href":"https:\/\/tvbrazilusa.com\/pt\/wp-json\/wp\/v2\/types\/post"}],"author":[{"embeddable":true,"href":"https:\/\/tvbrazilusa.com\/pt\/wp-json\/wp\/v2\/users\/1"}],"replies":[{"embeddable":true,"href":"https:\/\/tvbrazilusa.com\/pt\/wp-json\/wp\/v2\/comments?post=20554"}],"version-history":[{"count":1,"href":"https:\/\/tvbrazilusa.com\/pt\/wp-json\/wp\/v2\/posts\/20554\/revisions"}],"predecessor-version":[{"id":20556,"href":"https:\/\/tvbrazilusa.com\/pt\/wp-json\/wp\/v2\/posts\/20554\/revisions\/20556"}],"wp:featuredmedia":[{"embeddable":true,"href":"https:\/\/tvbrazilusa.com\/pt\/wp-json\/wp\/v2\/media\/20555"}],"wp:attachment":[{"href":"https:\/\/tvbrazilusa.com\/pt\/wp-json\/wp\/v2\/media?parent=20554"}],"wp:term":[{"taxonomy":"category","embeddable":true,"href":"https:\/\/tvbrazilusa.com\/pt\/wp-json\/wp\/v2\/categories?post=20554"},{"taxonomy":"post_tag","embeddable":true,"href":"https:\/\/tvbrazilusa.com\/pt\/wp-json\/wp\/v2\/tags?post=20554"}],"curies":[{"name":"wp","href":"https:\/\/api.w.org\/{rel}","templated":true}]}}