{"id":2061,"date":"2024-07-14T23:00:00","date_gmt":"2024-07-14T23:00:00","guid":{"rendered":"https:\/\/tvbrazilusa.com\/?p=2061"},"modified":"2024-07-15T00:34:05","modified_gmt":"2024-07-15T00:34:05","slug":"joaquim-e-o-novo-alvo-do-botafogo-apos-bombito-recusar-proposta-tv-florida-usa-a-sua-tv-brasileira-nos-estados-unidos","status":"publish","type":"post","link":"https:\/\/tvbrazilusa.com\/pt\/2024\/07\/14\/joaquim-e-o-novo-alvo-do-botafogo-apos-bombito-recusar-proposta-tv-florida-usa-a-sua-tv-brasileira-nos-estados-unidos\/","title":{"rendered":"Joaquim \u00e9 o novo alvo do Botafogo, ap\u00f3s Bombito recusar proposta \u2013 TV Florida USA \u2013 A sua TV Brasileira nos Estados Unidos"},"content":{"rendered":"<p> <script async src=\"https:\/\/pagead2.googlesyndication.com\/pagead\/js\/adsbygoogle.js?client=ca-pub-8864793242727901\"\r\n     crossorigin=\"anonymous\"><\/script><br \/>\n<\/p>\n<div>\n<p>Na movimenta\u00e7\u00e3o do mercado de transfer\u00eancias do futebol brasileiro, o <a rel=\"nofollow noopener\" target=\"_blank\" href=\"https:\/\/www.botafogo.com.br\/\">Botafogo<\/a> enfrentou um rev\u00e9s significativo. Bombito, ap\u00f3s brilhar pela sele\u00e7\u00e3o do Canad\u00e1 na Copa Am\u00e9rica, decidiu n\u00e3o aceitar a proposta para vestir a camisa alvinegra, focando em sua carreira em territ\u00f3rio norte-americano. Diante dessa negativa, os olhares da diretoria do Botafogo se voltaram para outro talento sul-americano.<\/p>\n<p>Joaquim, jogador que tem se destacado no <a rel=\"nofollow noopener\" target=\"_blank\" href=\"https:\/\/www.santosfc.com.br\/\">Santos<\/a>, surge como o Plano B do clube carioca. Segundo informa\u00e7\u00f5es do portal \u201cge\u201d, o Botafogo j\u00e1 investiga as condi\u00e7\u00f5es do atleta. Entretanto, uma les\u00e3o recente no ligamento colateral medial do joelho esquerdo de Joaquim, ocorrida no in\u00edcio de julho, deixou os dirigentes em alerta.<\/p>\n<figure class=\"wp-block-gallery has-nested-images columns-default is-cropped wp-block-gallery-1 is-layout-flex wp-block-gallery-is-layout-flex\">\n<figure class=\"wp-block-image size-full\"><picture decoding=\"async\" data-id=\"154377\" class=\"wp-image-154377\"><source type=\"image\/webp\" srcset=\"https:\/\/terrabrasilnoticias.com\/wp-content\/uploads\/2024\/07\/bombiawdawd.png.webp 803w, https:\/\/terrabrasilnoticias.com\/wp-content\/uploads\/2024\/07\/bombiawdawd-300x207.png.webp 300w, https:\/\/terrabrasilnoticias.com\/wp-content\/uploads\/2024\/07\/bombiawdawd-768x531.png.webp 768w, https:\/\/terrabrasilnoticias.com\/wp-content\/uploads\/2024\/07\/bombiawdawd-750x518.png.webp 750w\" sizes=\"(max-width: 803px) 100vw, 803px\"\/><\/picture><figcaption class=\"wp-element-caption\">Foto: Instagram \/ Divulga\u00e7\u00e3o<\/figcaption><\/figure>\n<figure class=\"wp-block-image size-large\"><picture decoding=\"async\" data-id=\"154346\" class=\"wp-image-154346\"><source type=\"image\/webp\" srcset=\"https:\/\/terrabrasilnoticias.com\/wp-content\/uploads\/2024\/07\/GC73PqEXIAAdHxP-e1704309904423-780x470-1.jpg.webp 780w, https:\/\/terrabrasilnoticias.com\/wp-content\/uploads\/2024\/07\/GC73PqEXIAAdHxP-e1704309904423-780x470-1-300x181.jpg.webp 300w, https:\/\/terrabrasilnoticias.com\/wp-content\/uploads\/2024\/07\/GC73PqEXIAAdHxP-e1704309904423-780x470-1-768x463.jpg.webp 768w, https:\/\/terrabrasilnoticias.com\/wp-content\/uploads\/2024\/07\/GC73PqEXIAAdHxP-e1704309904423-780x470-1-750x452.jpg.webp 750w\" sizes=\"(max-width: 780px) 100vw, 780px\"\/><\/picture><figcaption class=\"wp-element-caption\">Foto: Raul Baretta\/Santos<br \/><\/figcaption><\/figure>\n<\/figure>\n<h2 class=\"wp-block-heading\">Qual \u00e9 a gravidade da les\u00e3o do zagueiro alvo do Botafogo?<\/h2>\n<p>A contus\u00e3o de Joaquim ocorreu durante uma partida pela S\u00e9rie B do Campeonato Brasileiro, em 4 de julho de 2024, gerando uma necessidade de afastamento estimada em duas semanas. Essa pausa \u00e9 crucial para recuperar a condi\u00e7\u00e3o f\u00edsica do defensor, visto como um dos principais jogadores do elenco santista.<\/p>\n<h2 class=\"wp-block-heading\">Potencial transfer\u00eancia de Joaquim para o Botafogo<\/h2>\n<p>Com a expectativa de uma r\u00e1pida recupera\u00e7\u00e3o, o Botafogo considera vi\u00e1vel prosseguir com as negocia\u00e7\u00f5es. Uma proposta oficial est\u00e1 sendo preparada, na esperan\u00e7a de que o Santos aceite a oferta de cerca de R$ 54,5 milh\u00f5es pelo jogador. Essa transfer\u00eancia n\u00e3o s\u00f3 fortaleceria a linha defensiva do Botafogo como tamb\u00e9m adicionaria uma amea\u00e7a ofensiva, dado o faro de gol j\u00e1 demonstrado por Joaquim em 2024.<\/p>\n<h2 class=\"wp-block-heading\">Impacto de Joaquim no Santos<\/h2>\n<p>No decorrer desta temporada, Joaquim vem sendo um pilar central para o t\u00e9cnico F\u00e1bio Carille, participando de 12 dos 14 jogos do Santos na S\u00e9rie B. Com tr\u00eas gols marcados at\u00e9 agora, a import\u00e2ncia do jogador vai al\u00e9m de suas capacidades defensivas, ampliando suas contribui\u00e7\u00f5es para o ataque.<\/p>\n<p>Enquanto o Botafogo aguarda mais informa\u00e7\u00f5es e a evolu\u00e7\u00e3o no tratamento do atleta, a torcida se mant\u00e9m esperan\u00e7osa por refor\u00e7os que possam impulsionar o time na conquista de t\u00edtulos importantes na temporada. A situa\u00e7\u00e3o envolvendo Joaquim e sua transi\u00e7\u00e3o poss\u00edvel para o futebol carioca \u00e9 vista como uma jogada estrat\u00e9gica que poderia render frutos a longo prazo para o clube.<\/p>\n<p>Assim, enquanto o mercado da bola segue movimentado, todos est\u00e3o de olho nas futuras manobras do Botafogo e como elas poder\u00e3o moldar o desempenho do time no cen\u00e1rio esportivo brasileiro.<\/p>\n<\/div>\n<p><br \/>\n<br \/><a href=\"https:\/\/tvfloridausa.com\/2024\/07\/14\/joaquim-e-o-novo-alvo-do-botafogo-apos-bombito-recusar-proposta\/\">Source link <\/a><\/p>","protected":false},"excerpt":{"rendered":"<p>Na movimenta\u00e7\u00e3o do mercado de transfer\u00eancias do futebol brasileiro, o Botafogo enfrentou um rev\u00e9s significativo. Bombito, ap\u00f3s brilhar pela sele\u00e7\u00e3o do Canad\u00e1 na Copa Am\u00e9rica, decidiu n\u00e3o aceitar a proposta&hellip;<\/p>","protected":false},"author":1,"featured_media":2062,"comment_status":"closed","ping_status":"open","sticky":false,"template":"","format":"standard","meta":{"content-type":"","footnotes":""},"categories":[22],"tags":[],"class_list":["post-2061","post","type-post","status-publish","format-standard","has-post-thumbnail","hentry","category-tv-florida-usa"],"_links":{"self":[{"href":"https:\/\/tvbrazilusa.com\/pt\/wp-json\/wp\/v2\/posts\/2061","targetHints":{"allow":["GET"]}}],"collection":[{"href":"https:\/\/tvbrazilusa.com\/pt\/wp-json\/wp\/v2\/posts"}],"about":[{"href":"https:\/\/tvbrazilusa.com\/pt\/wp-json\/wp\/v2\/types\/post"}],"author":[{"embeddable":true,"href":"https:\/\/tvbrazilusa.com\/pt\/wp-json\/wp\/v2\/users\/1"}],"replies":[{"embeddable":true,"href":"https:\/\/tvbrazilusa.com\/pt\/wp-json\/wp\/v2\/comments?post=2061"}],"version-history":[{"count":1,"href":"https:\/\/tvbrazilusa.com\/pt\/wp-json\/wp\/v2\/posts\/2061\/revisions"}],"predecessor-version":[{"id":2063,"href":"https:\/\/tvbrazilusa.com\/pt\/wp-json\/wp\/v2\/posts\/2061\/revisions\/2063"}],"wp:featuredmedia":[{"embeddable":true,"href":"https:\/\/tvbrazilusa.com\/pt\/wp-json\/wp\/v2\/media\/2062"}],"wp:attachment":[{"href":"https:\/\/tvbrazilusa.com\/pt\/wp-json\/wp\/v2\/media?parent=2061"}],"wp:term":[{"taxonomy":"category","embeddable":true,"href":"https:\/\/tvbrazilusa.com\/pt\/wp-json\/wp\/v2\/categories?post=2061"},{"taxonomy":"post_tag","embeddable":true,"href":"https:\/\/tvbrazilusa.com\/pt\/wp-json\/wp\/v2\/tags?post=2061"}],"curies":[{"name":"wp","href":"https:\/\/api.w.org\/{rel}","templated":true}]}}