{"id":20621,"date":"2024-08-09T12:45:00","date_gmt":"2024-08-09T12:45:00","guid":{"rendered":"https:\/\/tvbrazilusa.com\/2024\/08\/09\/yuan-pro-sera-o-suv-eletrico-mais-acessivel-do-brasil\/"},"modified":"2024-08-09T12:49:53","modified_gmt":"2024-08-09T12:49:53","slug":"yuan-pro-sera-o-suv-eletrico-mais-acessivel-do-brasil","status":"publish","type":"post","link":"https:\/\/tvbrazilusa.com\/pt\/2024\/08\/09\/yuan-pro-sera-o-suv-eletrico-mais-acessivel-do-brasil\/","title":{"rendered":"Yuan Pro ser\u00e1 o SUV el\u00e9trico mais acess\u00edvel do Brasil"},"content":{"rendered":"<p> <script async src=\"https:\/\/pagead2.googlesyndication.com\/pagead\/js\/adsbygoogle.js?client=ca-pub-8864793242727901\"\r\n     crossorigin=\"anonymous\"><\/script><br \/>\n<\/p>\n<div>\n<p>A BYD, montadora chinesa de destaque, traz grandes novidades para o Festival Interlagos 2024. Entre os lan\u00e7amentos, o aguardado<strong> Yuan Pro<\/strong> promete ser um dos principais focos de aten\u00e7\u00e3o. Este <a href=\"https:\/\/terrabrasilnoticias.com\/2024\/07\/byd-song-l-a-nova-era-dos-suvs-eletricos-design-e-motorizacao-avancada\/\">SUV el\u00e9trico<\/a>, que ser\u00e1 o mais acess\u00edvel do Brasil, est\u00e1 pronto para conquistar o p\u00fablico com suas inova\u00e7\u00f5es.<\/p>\n<p>O Yuan Pro ser\u00e1 exibido no principal estande da marca, onde os visitantes ter\u00e3o a oportunidade de conhecer todos os detalhes de perto. Com a expectativa de se posicionar abaixo do Yuan Plus, o modelo tem como objetivo ampliar o acesso aos SUVs el\u00e9tricos no mercado brasileiro. Inicialmente lan\u00e7ado a R$ 229.800, a vers\u00e3o 2025 ficou mais cara, agora custando a partir de R$ 235.800.<\/p>\n<h2>O Yuan Pro: o SUV el\u00e9trico mais barato do Brasil<\/h2>\n<p>H\u00e1 especula\u00e7\u00f5es de que o Yuan Pro chegar\u00e1 ao mercado custando at\u00e9 R$ 30.000 a menos que seu \u201cirm\u00e3o\u201d maior. H\u00e1 possibilidade de um pre\u00e7o especial de lan\u00e7amento abaixo dos R$ 200.000, o que alavancaria ainda mais sua popularidade. Na China, onde \u00e9 comercializado como Yuan Up, o SUV apresenta duas op\u00e7\u00f5es de motoriza\u00e7\u00e3o e tamb\u00e9m de baterias.<\/p>\n<h2>Quais s\u00e3o as especifica\u00e7\u00f5es t\u00e9cnicas do Yuan Pro?<\/h2>\n<p>O Yuan Pro oferece dois tipos de motoriza\u00e7\u00e3o. A primeira op\u00e7\u00e3o compartilha o motor el\u00e9trico de 95 cv com o Dolphin, enquanto a segunda, voltada para o mercado brasileiro, entrega 177 cv. No quesito baterias, duas op\u00e7\u00f5es est\u00e3o dispon\u00edveis. A primeira, de 32 kWh, oferece at\u00e9 301 km de autonomia pelo ciclo CLTC. J\u00e1 a segunda, de 45 kWh, promete at\u00e9 401 km em ciclo chin\u00eas e 291 km segundo o Inmetro.<\/p>\n<h2>Design e conforto do Yuan Pro<\/h2>\n<p>Em termos de dimens\u00f5es, o Yuan Pro se aproxima dos maiores SUVs compactos do Brasil. Possui 4,31 m de comprimento, 1,83 m de largura e 1,67 m de altura, enquanto o entre-eixos \u00e9 de 2,62 m. Seu interior apresenta um assoalho totalmente plano, facilitando a vida dos passageiros do banco traseiro. Al\u00e9m disso, o painel conta com um design inovador, com um console central elevado e uma central multim\u00eddia de 12,8\u2019\u2019. Os bancos dianteiros t\u00eam ajustes el\u00e9tricos e a cabine possui revestimento macio.<\/p>\n<ul>\n<li>Painel com design renovado<\/li>\n<li>Console central elevado<\/li>\n<li>Poucos bot\u00f5es f\u00edsicos<\/li>\n<li>Central multim\u00eddia de 12,8\u2019\u2019<\/li>\n<li>Assentos com ajustes el\u00e9tricos<\/li>\n<\/ul>\n<h2>O Yuan Pro ter\u00e1 tecnologia avan\u00e7ada?<\/h2>\n<p>Em rela\u00e7\u00e3o aos assistentes de dire\u00e7\u00e3o, a BYD tem mantido certos segredos. Recentemente, a empresa optou por descartar o ADAS (Sistemas Avan\u00e7ados de Assist\u00eancia ao Motorista) em alguns modelos, como o sed\u00e3 King e o Song Pro, para viabilizar pre\u00e7os mais baixos.<\/p>\n<p>Ainda sem data oficial de lan\u00e7amento, a expectativa \u00e9 de que o Yuan Pro chegue ao Brasil ainda neste semestre. Durante o Festival Interlagos, que vai at\u00e9 domingo, 11 de fevereiro, espera-se que a BYD revele mais detalhes sobre seu novo SUV.<\/p>\n<\/p><\/div>\n<p><br \/>\n<br \/><a href=\"https:\/\/terrabrasilnoticias.com\/2024\/08\/yuan-pro-sera-o-suv-eletrico-mais-acessivel-do-brasil\/\">Source link <\/a><\/p>","protected":false},"excerpt":{"rendered":"<p>A BYD, montadora chinesa de destaque, traz grandes novidades para o Festival Interlagos 2024. Entre os lan\u00e7amentos, o aguardado Yuan Pro promete ser um dos principais focos de aten\u00e7\u00e3o. Este&hellip;<\/p>","protected":false},"author":1,"featured_media":20622,"comment_status":"closed","ping_status":"open","sticky":false,"template":"","format":"standard","meta":{"content-type":"","footnotes":""},"categories":[16],"tags":[123,1751,1985],"class_list":["post-20621","post","type-post","status-publish","format-standard","has-post-thumbnail","hentry","category-noticias","tag-brasil","tag-carros","tag-carros-eletricos"],"_links":{"self":[{"href":"https:\/\/tvbrazilusa.com\/pt\/wp-json\/wp\/v2\/posts\/20621","targetHints":{"allow":["GET"]}}],"collection":[{"href":"https:\/\/tvbrazilusa.com\/pt\/wp-json\/wp\/v2\/posts"}],"about":[{"href":"https:\/\/tvbrazilusa.com\/pt\/wp-json\/wp\/v2\/types\/post"}],"author":[{"embeddable":true,"href":"https:\/\/tvbrazilusa.com\/pt\/wp-json\/wp\/v2\/users\/1"}],"replies":[{"embeddable":true,"href":"https:\/\/tvbrazilusa.com\/pt\/wp-json\/wp\/v2\/comments?post=20621"}],"version-history":[{"count":1,"href":"https:\/\/tvbrazilusa.com\/pt\/wp-json\/wp\/v2\/posts\/20621\/revisions"}],"predecessor-version":[{"id":20623,"href":"https:\/\/tvbrazilusa.com\/pt\/wp-json\/wp\/v2\/posts\/20621\/revisions\/20623"}],"wp:featuredmedia":[{"embeddable":true,"href":"https:\/\/tvbrazilusa.com\/pt\/wp-json\/wp\/v2\/media\/20622"}],"wp:attachment":[{"href":"https:\/\/tvbrazilusa.com\/pt\/wp-json\/wp\/v2\/media?parent=20621"}],"wp:term":[{"taxonomy":"category","embeddable":true,"href":"https:\/\/tvbrazilusa.com\/pt\/wp-json\/wp\/v2\/categories?post=20621"},{"taxonomy":"post_tag","embeddable":true,"href":"https:\/\/tvbrazilusa.com\/pt\/wp-json\/wp\/v2\/tags?post=20621"}],"curies":[{"name":"wp","href":"https:\/\/api.w.org\/{rel}","templated":true}]}}