{"id":20669,"date":"2024-08-09T14:06:05","date_gmt":"2024-08-09T14:06:05","guid":{"rendered":"https:\/\/tvbrazilusa.com\/2024\/08\/09\/urgente-moraes-manda-soltar-filipe-martins-ex-assessor-de-bolsonaro-paulo-figueiredo\/"},"modified":"2024-08-09T14:10:04","modified_gmt":"2024-08-09T14:10:04","slug":"urgente-moraes-manda-soltar-filipe-martins-ex-assessor-de-bolsonaro-paulo-figueiredo","status":"publish","type":"post","link":"https:\/\/tvbrazilusa.com\/pt\/2024\/08\/09\/urgente-moraes-manda-soltar-filipe-martins-ex-assessor-de-bolsonaro-paulo-figueiredo\/","title":{"rendered":"URGENTE: Moraes manda soltar Filipe Martins, ex-assessor de Bolsonaro &#8211; Paulo Figueiredo"},"content":{"rendered":"<p> <script async src=\"https:\/\/pagead2.googlesyndication.com\/pagead\/js\/adsbygoogle.js?client=ca-pub-8864793242727901\"\r\n     crossorigin=\"anonymous\"><\/script><br \/>\n<\/p>\n<div id=\"wtr-content\" data-bg=\"#FFFFFF\" data-fg=\"#006d91\" data-width=\"25\" data-mute=\"1\" data-fgopacity=\"1.00\" data-mutedopacity=\"0.5\" data-placement=\"bottom\" data-placement-offset=\"0\" data-content-offset=\"262\" data-placement-touch=\"bottom\" data-placement-offset-touch=\"0\" data-transparent=\"\" data-shadow=\"0\" data-touch=\"1\" data-non-touch=\"1\" data-comments=\"0\" data-commentsbg=\"transparent\" data-location=\"page\" data-mutedfg=\"#006d91\" data-endfg=\"#006d91\" data-rtl=\"\">\n<h3 class=\"wp-block-heading\">Est\u00e1 preso desde 8 de fevereiro; PGR foi favor\u00e1vel e disse que informa\u00e7\u00f5es indicam que ele n\u00e3o havia sa\u00eddo do Brasil<\/h3>\n<p>O ministro do STF (Supremo Tribunal Federal) Alexandre de Moraes decidiu conceder nesta 6\u00aa feira (9.ago.2024) a liberdade provis\u00f3ria a Filipe Martins, ex-assessor de\u00a0Jair Bolsonaro\u00a0(PL). Ele havia sido preso em 8 de fevereiro na opera\u00e7\u00e3o\u00a0<em>Tempus Veritatis<\/em>. A defesa foi comunicada da soltura pelo pres\u00eddio no Paran\u00e1.<\/p>\n<p>A\u00a0PGR\u00a0(Procuradoria Geral da Rep\u00fablica) se manifestou favor\u00e1vel \u00e0 soltura. Segundo o documento do \u00f3rg\u00e3o, as informa\u00e7\u00f5es apresentadas pelo ex-assessor e a quebra de sigilo telem\u00e1tico\u00a0<em>\u201cparecem indicar, com razo\u00e1vel seguran\u00e7a, a perman\u00eancia do investigado no territ\u00f3rio nacional no per\u00edodo questionado\u201d.<\/em><\/p>\n<h3 class=\"wp-block-heading\">PRIS\u00c3O E IND\u00cdCIOS FR\u00c1GEIS<\/h3>\n<p>O ex-assessor de Bolsonaro\u00a0foi preso\u00a0em 8 de fevereiro de 2024 e segue detido. A pris\u00e3o foi autorizada sob o argumento da PF, aceito pelo ministro do STF (Supremo Tribunal Federal) Alexandre de Moraes, de que Martins estaria foragido e havia risco de ele fugir do pa\u00eds.<\/p>\n<p>O \u201crisco de fuga\u201d teria sido embasado pela suposta viagem para a Fl\u00f3rida em 30 de dezembro de 2022, mas essa informa\u00e7\u00e3o nunca foi comprovada pelas autoridades do Brasil nem dos Estados Unidos.<\/p>\n<p>O relat\u00f3rio da PF que cita poss\u00edvel evas\u00e3o do pa\u00eds\u00a0<em>\u201cpara se furtar de eventuais responsabiliza\u00e7\u00f5es penais\u201d<\/em>\u00a0est\u00e1 na\u00a0decis\u00e3o de Moraes.\u00a0Leia abaixo o que est\u00e1 no documento, que levanta d\u00favidas sobre a pr\u00f3pria afirma\u00e7\u00e3o da PF (trechos em\u00a0<strong>negrito<\/strong>\u00a0marcados pelo\u00a0<strong>Poder360<\/strong>):<\/p>\n<p><em>\u201cO nome de FILIPE MARTINS tamb\u00e9m consta na lista de passageiros que viajaram a bordo do avi\u00e3o presidencial no dia 30.12.2022 rumo a Orlando\/EUA. Entretanto,\u00a0<strong>n\u00e3o se verificou registros de sa\u00edda do ex-assessor no controle migrat\u00f3rio<\/strong>, o que pode indicar que o mesmo tenha se evadido do pa\u00eds para se furtar de eventuais responsabiliza\u00e7\u00f5es penais. Considerando que\u00a0<strong>a localiza\u00e7\u00e3o do investigado \u00e9 neste momento incerta<\/strong>, faz-se necess\u00e1ria a decreta\u00e7\u00e3o da pris\u00e3o cautelar como forma de garantir a aplica\u00e7\u00e3o da lei penal e evitar que o investigado deliberadamente atue para destruir elementos probat\u00f3rios capazes de esclarecer as circunst\u00e2ncias dos fatos investigados.\u201d<\/em><\/p>\n<p>A informa\u00e7\u00e3o de que Filipe Martins teria embarcado para os EUA, como se observa, n\u00e3o havia sido confirmada \u2013mas a pris\u00e3o havia sido requerida mesmo assim.<\/p>\n<p>Sobre\u00a0<em>\u201ca localiza\u00e7\u00e3o do investigado\u201d<\/em>\u00a0ser\u00a0<em>\u201cincerta\u201d<\/em>, a PF desconsiderou fotos do ex-assessor de Bolsonaro publicadas em perfil aberto na internet.<\/p>\n<p>Al\u00e9m disso, quando Martins foi preso, a PF soube onde procur\u00e1-lo: no apartamento de sua namorada em Ponta Grossa (PR), a 117 km de Curitiba \u2013logo, o seu paradeiro era conhecido. Ele hoje est\u00e1 no Complexo M\u00e9dico Penal de Pinhais (PR), o mesmo onde ficavam os presos na opera\u00e7\u00e3o Lava Jato.<\/p>\n<div class=\"wp-block-image\">\n<figure class=\"aligncenter size-large is-resized\"><\/figure>\n<\/div>\n<p>Imagem postada no Instagram pela mulher de Ricardo Pereira, advogado de Martins. A postagem \u00e9 de 1\u00ba de abril de 2023 e mostra o ex-assessor de Bolsonaro; dados do smartphone indicam que imagem foi tirada em 14 de janeiro de 2023 na regi\u00e3o de Carambe\u00ed, a cerca de 140 km de Curitiba \u2013a defesa disse que o ex-assessor foi para o Paran\u00e1 no fim de 2022<\/p>\n<p><strong><a href=\"https:\/\/www.poder360.com.br\/poder-justica\/moraes-manda-soltar-filipe-martins-ex-assessor-de-bolsonaro\/\">Source link<\/a><\/strong><\/p>\n<\/div>\n<p><br \/>\n<br \/><a href=\"https:\/\/paulofigueiredoshow.com\/urgente-moraes-manda-soltar-filipe-martins-ex-assessor-de-bolsonaro\/\">Source link <\/a><\/p>","protected":false},"excerpt":{"rendered":"<p>Est\u00e1 preso desde 8 de fevereiro; PGR foi favor\u00e1vel e disse que informa\u00e7\u00f5es indicam que ele n\u00e3o havia sa\u00eddo do Brasil O ministro do STF (Supremo Tribunal Federal) Alexandre de&hellip;<\/p>","protected":false},"author":1,"featured_media":20670,"comment_status":"closed","ping_status":"open","sticky":false,"template":"","format":"standard","meta":{"content-type":"","footnotes":""},"categories":[16],"tags":[136,679,3867,871],"class_list":["post-20669","post","type-post","status-publish","format-standard","has-post-thumbnail","hentry","category-noticias","tag-bolsonaro","tag-filipe","tag-solta","tag-stf"],"_links":{"self":[{"href":"https:\/\/tvbrazilusa.com\/pt\/wp-json\/wp\/v2\/posts\/20669","targetHints":{"allow":["GET"]}}],"collection":[{"href":"https:\/\/tvbrazilusa.com\/pt\/wp-json\/wp\/v2\/posts"}],"about":[{"href":"https:\/\/tvbrazilusa.com\/pt\/wp-json\/wp\/v2\/types\/post"}],"author":[{"embeddable":true,"href":"https:\/\/tvbrazilusa.com\/pt\/wp-json\/wp\/v2\/users\/1"}],"replies":[{"embeddable":true,"href":"https:\/\/tvbrazilusa.com\/pt\/wp-json\/wp\/v2\/comments?post=20669"}],"version-history":[{"count":1,"href":"https:\/\/tvbrazilusa.com\/pt\/wp-json\/wp\/v2\/posts\/20669\/revisions"}],"predecessor-version":[{"id":20671,"href":"https:\/\/tvbrazilusa.com\/pt\/wp-json\/wp\/v2\/posts\/20669\/revisions\/20671"}],"wp:featuredmedia":[{"embeddable":true,"href":"https:\/\/tvbrazilusa.com\/pt\/wp-json\/wp\/v2\/media\/20670"}],"wp:attachment":[{"href":"https:\/\/tvbrazilusa.com\/pt\/wp-json\/wp\/v2\/media?parent=20669"}],"wp:term":[{"taxonomy":"category","embeddable":true,"href":"https:\/\/tvbrazilusa.com\/pt\/wp-json\/wp\/v2\/categories?post=20669"},{"taxonomy":"post_tag","embeddable":true,"href":"https:\/\/tvbrazilusa.com\/pt\/wp-json\/wp\/v2\/tags?post=20669"}],"curies":[{"name":"wp","href":"https:\/\/api.w.org\/{rel}","templated":true}]}}