{"id":20681,"date":"2024-08-09T13:56:27","date_gmt":"2024-08-09T13:56:27","guid":{"rendered":"https:\/\/tvbrazilusa.com\/2024\/08\/09\/fl-preve-nova-onda-tropical-no-atlantico-apos-o-furacao-debby\/"},"modified":"2024-08-09T14:18:10","modified_gmt":"2024-08-09T14:18:10","slug":"fl-preve-nova-onda-tropical-no-atlantico-apos-o-furacao-debby","status":"publish","type":"post","link":"https:\/\/tvbrazilusa.com\/pt\/2024\/08\/09\/fl-preve-nova-onda-tropical-no-atlantico-apos-o-furacao-debby\/","title":{"rendered":"FL prev\u00ea nova onda tropical no Atl\u00e2ntico ap\u00f3s o furac\u00e3o Debby"},"content":{"rendered":"<p> <script async src=\"https:\/\/pagead2.googlesyndication.com\/pagead\/js\/adsbygoogle.js?client=ca-pub-8864793242727901\"\r\n     crossorigin=\"anonymous\"><\/script><br \/>\n<\/p>\n<div>\n<p>FL\u00d3RIDA \u2014 Poucos dias ap\u00f3s o furac\u00e3o Debby ter causado chuvas hist\u00f3ricas e inunda\u00e7\u00f5es em grande parte da Fl\u00f3rida, os meteorologistas j\u00e1 est\u00e3o de olho em uma nova onda tropical no Atl\u00e2ntico. <\/p>\n<\/div>\n<div>\n<p>A onda, atualmente a v\u00e1rias centenas de quil\u00f3metros a oeste-sudoeste das Ilhas de Cabo Verde, est\u00e1 a produzir uma grande \u00e1rea de aguaceiros e trovoadas desorganizados, <a href=\"https:\/\/www.nhc.noaa.gov\/\" target=\"_blank\" rel=\"nofollow noopener\">disse o Centro Nacional de Furac\u00f5es.<\/a> <\/p>\n<p>H\u00e1 60% de chance de se transformar em uma depress\u00e3o tropical ou tempestade nos pr\u00f3ximos sete dias, segundo meteorologistas. <\/p>\n<\/div>\n<div>\n<p>Se se desenvolver, se tornar\u00e1 Ernesto, a quinta tempestade com nome da temporada de furac\u00f5es no Atl\u00e2ntico de 2024.<\/p>\n<p><a href=\"https:\/\/patch.com\/florida\/southtampa\/highly-active-atlantic-hurricane-season-expected-noaa\"\/>\u201cQualquer desenvolvimento da onda deve ocorrer lentamente durante os pr\u00f3ximos dias, enquanto ela se move para o oeste atrav\u00e9s do Atl\u00e2ntico tropical central\u201d, de acordo com o NHC. \u201cDepois disso, espera-se que as condi\u00e7\u00f5es se tornem mais prop\u00edcias para o desenvolvimento enquanto a onda se move para oeste-noroeste, e uma depress\u00e3o tropical pode se formar no in\u00edcio da pr\u00f3xima semana, enquanto o sistema se aproxima das Pequenas Antilhas.\u201d<\/p>\n<\/div>\n<div>\n<p>A partir da\u00ed, a previs\u00e3o \u00e9 que o sistema continue se movendo para oeste-noroeste, potencialmente se aproximando das Grandes Antilhas em meados da pr\u00f3xima semana.<\/p>\n<p>Depois disso, h\u00e1 incerteza sobre o pr\u00f3ximo passo do sistema.<\/p>\n<\/div>\n<div>\n<p>\u00c9 uma \u201conda saud\u00e1vel (que) parece que vai se desenvolver na pr\u00f3xima semana. O modelo EARLY corre a tend\u00eancia a leste da Fl\u00f3rida, mas (\u00e9) MUITO cedo para saber com certeza\u201d, Denis Phillips, meteorologista chefe da ABC Action News, <a href=\"https:\/\/www.facebook.com\/denisphillipsweatherman\/\" target=\"_blank\" rel=\"nofollow noopener\">escreveu em uma postagem no Facebook na quinta-feira \u00e0 noite<\/a>.<\/p>\n<p>Matt Devitt, meteorologista da WINK, <a href=\"https:\/\/www.facebook.com\/MattDevittWeather\" target=\"_blank\" rel=\"nofollow noopener\">escreveu em uma postagem do Facebook<\/a> que o sistema provavelmente se desenvolver\u00e1 mais e se organizar\u00e1 melhor quando chegar ao Caribe. Provavelmente entrar\u00e1 no Caribe oriental de segunda a quinta-feira, ele acrescentou. <\/p>\n<\/div>\n<div>\n<p>\u201cEnquanto estivermos no Caribe, teremos que ver se isso impacta a terra ou se poderia &#39;enfiar a agulha&#39; com o centro deslizando entre as ilhas sobre a \u00e1gua. A intera\u00e7\u00e3o com a terra causaria um impacto tempor\u00e1rio na intensidade do sistema\u201d, escreveu Devitt. <\/p>\n<p>Ele tamb\u00e9m n\u00e3o descarta a possibilidade de uma tempestade se dirigir \u00e0 Fl\u00f3rida. <\/p>\n<p>A \u201cmaioria do modelo atual \u00e9 para o sistema curvar logo a leste da Fl\u00f3rida, mas isso N\u00c3O \u00e9 uma garantia ainda\u201d, ele escreveu. \u201cAlgumas (de) possibilidades\u2026 ainda mant\u00eam a Fl\u00f3rida na mistura. Ela ainda n\u00e3o se desenvolveu e os modelos historicamente podem ter dificuldades com sistemas que n\u00e3o s\u00e3o organizados ou t\u00eam uma baixa fechada.\u201d<\/p>\n<\/div>\n<p><br \/>\n<br \/><a href=\"http:\/\/patch.com\/florida\/southtampa\/fl-eyes-new-tropical-wave-atlantic-heels-hurricane-debby?utm_source=article-mostrecent&#038;utm_medium=rss&#038;utm_term=weather&#038;utm_campaign=recirc&#038;utm_content=aol\">Source link <\/a><\/p>","protected":false},"excerpt":{"rendered":"<p>FL\u00d3RIDA \u2014 Poucos dias ap\u00f3s o furac\u00e3o Debby ter causado chuvas hist\u00f3ricas e inunda\u00e7\u00f5es em grande parte da Fl\u00f3rida, os meteorologistas j\u00e1 est\u00e3o de olho em uma nova onda tropical&hellip;<\/p>","protected":false},"author":1,"featured_media":20682,"comment_status":"closed","ping_status":"open","sticky":false,"template":"","format":"standard","meta":{"content-type":"","footnotes":""},"categories":[1],"tags":[],"class_list":["post-20681","post","type-post","status-publish","format-standard","has-post-thumbnail","hentry","category-uncategorized"],"_links":{"self":[{"href":"https:\/\/tvbrazilusa.com\/pt\/wp-json\/wp\/v2\/posts\/20681","targetHints":{"allow":["GET"]}}],"collection":[{"href":"https:\/\/tvbrazilusa.com\/pt\/wp-json\/wp\/v2\/posts"}],"about":[{"href":"https:\/\/tvbrazilusa.com\/pt\/wp-json\/wp\/v2\/types\/post"}],"author":[{"embeddable":true,"href":"https:\/\/tvbrazilusa.com\/pt\/wp-json\/wp\/v2\/users\/1"}],"replies":[{"embeddable":true,"href":"https:\/\/tvbrazilusa.com\/pt\/wp-json\/wp\/v2\/comments?post=20681"}],"version-history":[{"count":1,"href":"https:\/\/tvbrazilusa.com\/pt\/wp-json\/wp\/v2\/posts\/20681\/revisions"}],"predecessor-version":[{"id":20683,"href":"https:\/\/tvbrazilusa.com\/pt\/wp-json\/wp\/v2\/posts\/20681\/revisions\/20683"}],"wp:featuredmedia":[{"embeddable":true,"href":"https:\/\/tvbrazilusa.com\/pt\/wp-json\/wp\/v2\/media\/20682"}],"wp:attachment":[{"href":"https:\/\/tvbrazilusa.com\/pt\/wp-json\/wp\/v2\/media?parent=20681"}],"wp:term":[{"taxonomy":"category","embeddable":true,"href":"https:\/\/tvbrazilusa.com\/pt\/wp-json\/wp\/v2\/categories?post=20681"},{"taxonomy":"post_tag","embeddable":true,"href":"https:\/\/tvbrazilusa.com\/pt\/wp-json\/wp\/v2\/tags?post=20681"}],"curies":[{"name":"wp","href":"https:\/\/api.w.org\/{rel}","templated":true}]}}