{"id":2071,"date":"2024-07-15T01:00:00","date_gmt":"2024-07-15T01:00:00","guid":{"rendered":"https:\/\/tvbrazilusa.com\/?p=2071"},"modified":"2024-07-15T01:50:49","modified_gmt":"2024-07-15T01:50:49","slug":"felipe-anderson-e-a-tradicao-do-numero-9-no-palmeiras","status":"publish","type":"post","link":"https:\/\/tvbrazilusa.com\/pt\/2024\/07\/15\/felipe-anderson-e-a-tradicao-do-numero-9-no-palmeiras\/","title":{"rendered":"Felipe Anderson e a tradi\u00e7\u00e3o do n\u00famero 9 no Palmeiras"},"content":{"rendered":"<p> <script async src=\"https:\/\/pagead2.googlesyndication.com\/pagead\/js\/adsbygoogle.js?client=ca-pub-8864793242727901\"\r\n     crossorigin=\"anonymous\"><\/script><br \/>\n<\/p>\n<div>\n<p>A chegada de <strong>Felipe Anderson<\/strong> ao <a href=\"https:\/\/www.palmeiras.com.br\/home\/\" target=\"_blank\" rel=\"noreferrer noopener\">Palmeiras<\/a> marcou n\u00e3o apenas uma nova era para o time, mas tamb\u00e9m um momento significativo para a torcida, que teve a chance de participar na escolha do n\u00famero de sua camisa. Mais de 53 mil f\u00e3s partilharam suas opini\u00f5es, culminando na escolha do emblem\u00e1tico n\u00famero 9, um s\u00edmbolo de grande valor dado seu hist\u00f3rico de grandes \u00eddolos e destacados goleadores associados a ele.<\/p>\n<p>Esta escolha, influenciada pela sa\u00edda de Endrick para o Real Madrid, n\u00e3o s\u00f3 ampliou o interesse e as conversas entre os aficionados por futebol, como tamb\u00e9m refor\u00e7ou a expectativa em torno das capacidades ofensivas de Felipe Anderson no Verd\u00e3o. A camisa n\u00famero 9 traz consigo a esperan\u00e7a de goleadas e atua\u00e7\u00f5es memor\u00e1veis, aumentando assim, a sua demanda e significado.<\/p>\n<div class=\"wp-block-image\">\n<figure class=\"aligncenter size-large\"><picture decoding=\"async\" class=\"wp-image-154457\"><source type=\"image\/webp\" srcset=\"https:\/\/terrabrasilnoticias.com\/wp-content\/uploads\/2024\/07\/53851129679_4cfdb3ba24_o-1-1024x576.jpg.webp 1024w, https:\/\/terrabrasilnoticias.com\/wp-content\/uploads\/2024\/07\/53851129679_4cfdb3ba24_o-1-300x169.jpg.webp 300w, https:\/\/terrabrasilnoticias.com\/wp-content\/uploads\/2024\/07\/53851129679_4cfdb3ba24_o-1-768x432.jpg.webp 768w, https:\/\/terrabrasilnoticias.com\/wp-content\/uploads\/2024\/07\/53851129679_4cfdb3ba24_o-1-750x422.jpg.webp 750w, https:\/\/terrabrasilnoticias.com\/wp-content\/uploads\/2024\/07\/53851129679_4cfdb3ba24_o-1-1140x641.jpg.webp 1140w, https:\/\/terrabrasilnoticias.com\/wp-content\/uploads\/2024\/07\/53851129679_4cfdb3ba24_o-1.jpg.webp 1200w\" sizes=\"(max-width: 1024px) 100vw, 1024px\"\/><\/picture><figcaption class=\"wp-element-caption\">Cr\u00e9dito: Cesar Greco\/Palmeiras<\/figcaption><\/figure>\n<\/div>\n<h2 class=\"wp-block-heading\">Qual \u00e9 o Significado do N\u00famero 9 para Felipe Anderson?<\/h2>\n<p>Durante sua apresenta\u00e7\u00e3o no Allianz Parque, Felipe n\u00e3o conseguiu esconder sua emo\u00e7\u00e3o. \u201cAgrade\u00e7o a todos pelo apoio e carinho desde os primeiros dias. Agora, \u00e9 hora de trabalhar duro com essa camisa para trazer alegria aos f\u00e3s!\u201d, expressou o atleta. Essas palavras n\u00e3o apenas mostraram seu comprometimento, mas tamb\u00e9m seu entendimento do peso hist\u00f3rico que o n\u00famero 9 carrega no futebol.<\/p>\n<h2 class=\"wp-block-heading\">Expectativas para a estreia de Felipe Anderson<\/h2>\n<p>O meio-campista de 31 anos, reconhecendo a import\u00e2ncia da numera\u00e7\u00e3o para sua carreira, aguarda ansiosamente pela chance de estrear. Sua primeira partida oficial ocorrer\u00e1 apenas ap\u00f3s <a href=\"https:\/\/terrabrasilnoticias.com\/2024\/07\/cruzeiro-botafogo-e-palmeiras-na-janela-de-transferencia-quem-gastou-mais\/\" target=\"_blank\" rel=\"noreferrer noopener\">a abertura da janela de transfer\u00eancias<\/a>, conforme regras da CBF que permitem que novos refor\u00e7os joguem a partir da 17\u00aa rodada do Brasileir\u00e3o. Nesse \u00ednterim, Felipe est\u00e1 se integrando ao esquema t\u00e1tico do t\u00e9cnico Abel Ferreira, com participa\u00e7\u00e3o ativa nos treinamentos e alinhamento com as estrat\u00e9gias do time.<\/p>\n<h2 class=\"wp-block-heading\">Impacto da chegada de Felipe Anderson no Palmeiras<\/h2>\n<p>As habilidades de Felipe, refinadas ao longo de sua carreira na Europa, especialmente no Lazio, s\u00e3o altamente antecipadas para adicionar qualidade e dinamismo ao time. O jogador \u00e9 conhecido por sua criatividade em campo, capacidade de criar jogadas significativas e uma finaliza\u00e7\u00e3o eficaz, o que pode ser decisivo para fortalecer o ataque do Palmeiras em competi\u00e7\u00f5es futuras.<\/p>\n<p>Enquanto a data de estreia n\u00e3o chega, a torcida do Palmeiras mant\u00e9m-se em alerta, seguindo cada movimento de Felipe Anderson, desde os treinamentos at\u00e9 os momentos pr\u00e9-jogo. Existe uma esperan\u00e7a palp\u00e1vel de que o novo camisa 9 seja a pe\u00e7a-chave para trazer n\u00e3o s\u00f3 gols, mas tamb\u00e9m vit\u00f3rias e alegrias para a temporada que se inicia.<\/p>\n<\/p><\/div>\n<p><br \/>\n<br \/><a href=\"https:\/\/terrabrasilnoticias.com\/2024\/07\/felipe-anderson-e-a-iconicidade-do-numero-9-no-palmeiras\/\">Source link <\/a><\/p>","protected":false},"excerpt":{"rendered":"<p>A chegada de Felipe Anderson ao Palmeiras marcou n\u00e3o apenas uma nova era para o time, mas tamb\u00e9m um momento significativo para a torcida, que teve a chance de participar&hellip;<\/p>","protected":false},"author":1,"featured_media":2072,"comment_status":"closed","ping_status":"open","sticky":false,"template":"","format":"standard","meta":{"content-type":"","footnotes":""},"categories":[16],"tags":[],"class_list":["post-2071","post","type-post","status-publish","format-standard","has-post-thumbnail","hentry","category-noticias"],"_links":{"self":[{"href":"https:\/\/tvbrazilusa.com\/pt\/wp-json\/wp\/v2\/posts\/2071","targetHints":{"allow":["GET"]}}],"collection":[{"href":"https:\/\/tvbrazilusa.com\/pt\/wp-json\/wp\/v2\/posts"}],"about":[{"href":"https:\/\/tvbrazilusa.com\/pt\/wp-json\/wp\/v2\/types\/post"}],"author":[{"embeddable":true,"href":"https:\/\/tvbrazilusa.com\/pt\/wp-json\/wp\/v2\/users\/1"}],"replies":[{"embeddable":true,"href":"https:\/\/tvbrazilusa.com\/pt\/wp-json\/wp\/v2\/comments?post=2071"}],"version-history":[{"count":1,"href":"https:\/\/tvbrazilusa.com\/pt\/wp-json\/wp\/v2\/posts\/2071\/revisions"}],"predecessor-version":[{"id":2073,"href":"https:\/\/tvbrazilusa.com\/pt\/wp-json\/wp\/v2\/posts\/2071\/revisions\/2073"}],"wp:featuredmedia":[{"embeddable":true,"href":"https:\/\/tvbrazilusa.com\/pt\/wp-json\/wp\/v2\/media\/2072"}],"wp:attachment":[{"href":"https:\/\/tvbrazilusa.com\/pt\/wp-json\/wp\/v2\/media?parent=2071"}],"wp:term":[{"taxonomy":"category","embeddable":true,"href":"https:\/\/tvbrazilusa.com\/pt\/wp-json\/wp\/v2\/categories?post=2071"},{"taxonomy":"post_tag","embeddable":true,"href":"https:\/\/tvbrazilusa.com\/pt\/wp-json\/wp\/v2\/tags?post=2071"}],"curies":[{"name":"wp","href":"https:\/\/api.w.org\/{rel}","templated":true}]}}