{"id":20731,"date":"2024-08-09T14:55:33","date_gmt":"2024-08-09T14:55:33","guid":{"rendered":"https:\/\/tvbrazilusa.com\/2024\/08\/09\/uma-decada-apos-a-morte-de-mike-brown-sua-familia-ainda-clama-por-justica-ja-que-o-progresso-para-acabar-com-os-assassinatos-cometidos-pela-policia-continua-lento-wsvn-7news-noticias-de-miami-c\/"},"modified":"2024-08-09T15:10:11","modified_gmt":"2024-08-09T15:10:11","slug":"uma-decada-apos-a-morte-de-mike-brown-sua-familia-ainda-clama-por-justica-ja-que-o-progresso-para-acabar-com-os-assassinatos-cometidos-pela-policia-continua-lento-wsvn-7news-noticias-de-miami-c","status":"publish","type":"post","link":"https:\/\/tvbrazilusa.com\/pt\/2024\/08\/09\/uma-decada-apos-a-morte-de-mike-brown-sua-familia-ainda-clama-por-justica-ja-que-o-progresso-para-acabar-com-os-assassinatos-cometidos-pela-policia-continua-lento-wsvn-7news-noticias-de-miami-c\/","title":{"rendered":"Uma d\u00e9cada ap\u00f3s a morte de Mike Brown, sua fam\u00edlia ainda clama por justi\u00e7a, j\u00e1 que o progresso para acabar com os assassinatos cometidos pela pol\u00edcia continua lento &#8211; WSVN 7News | Not\u00edcias de Miami, Clima, Esportes | Fort Lauderdale"},"content":{"rendered":"<p> <script async src=\"https:\/\/pagead2.googlesyndication.com\/pagead\/js\/adsbygoogle.js?client=ca-pub-8864793242727901\"\r\n     crossorigin=\"anonymous\"><\/script><br \/>\n<\/p>\n<div itemprop=\"articleBody\">\n<p>(CNN) \u2014 Quando Michael Brown foi baleado e morto por um policial do Missouri em 9 de agosto de 2014, os policiais deixaram o corpo do jovem de 18 anos ca\u00eddo na rua, sob o sol quente de agosto, por quatro horas e meia.<\/p>\n<p>Foi tempo suficiente para que as crian\u00e7as locais e sua fam\u00edlia o vissem deitado ali. Tempo suficiente para que a m\u00eddia se reunisse e a not\u00edcia se espalhasse.<\/p>\n<p>E tempo suficiente para que uma centelha de raiva sobre mais um homem negro desarmado morto pela pol\u00edcia se acendesse e se espalhasse pela cidade de Ferguson.<\/p>\n<p>O assassinato de Mike Brown \u2013 e as centenas de dias de protestos sustentados que se seguiram \u2013 ajudaram a fortalecer o movimento Black Lives Matter e trouxeram a quest\u00e3o do uso da for\u00e7a policial contra negros americanos desarmados para a vanguarda da pol\u00edtica e da pol\u00edtica dos EUA como nunca antes. Mas uma d\u00e9cada depois, o progresso da na\u00e7\u00e3o em dire\u00e7\u00e3o \u00e0 preven\u00e7\u00e3o de tal assassinato permaneceu frustrantemente lento.<\/p>\n<p>E para a fam\u00edlia de Brown, os anos seguintes pouco fizeram para transmutar a dor de perder o irm\u00e3o e o filho que eles carinhosamente chamavam de \u201cMike Mike\u201d.<\/p>\n<p>Na sexta-feira, Michael Brown Sr. e sua esposa, Cal Brown, caminhar\u00e3o as quatro milhas e meia da escola onde seu filho se formou poucos dias antes de ser morto pelas ruas de Ferguson at\u00e9 o lugar que eles chamam de &#8220;marco zero&#8221; &#8211; o peda\u00e7o acidentado de asfalto onde o adolescente ficou deitado e que permanece intocado apesar dos anos.<\/p>\n<p>\u201cAinda estou lutando\u201d, disse Mike Brown Sr. durante uma apari\u00e7\u00e3o no canal de m\u00eddia social de um l\u00edder religioso e apresentador de talk show de St. Louis no in\u00edcio desta semana. \u201cDefinitivamente, recebo muita justi\u00e7a por meio do meu trabalho com minha funda\u00e7\u00e3o, ent\u00e3o \u00e9 isso que me mant\u00e9m elevado.\u201d<\/p>\n<p>A CNN entrou em contato com a fam\u00edlia Brown para comentar.<\/p>\n<p>A marcha pretende ser um chamado \u00e0 a\u00e7\u00e3o para continuar a luta contra o uso excessivo da for\u00e7a pela pol\u00edcia e faz parte da homenagem de uma semana da fam\u00edlia ao jovem que Mike Brown foi e poderia ter sido.<\/p>\n<p>\u201cAs pessoas ignoram uma fam\u00edlia enlutada\u201d, disse Cal Brown na apari\u00e7\u00e3o, \u201cporque a morte se tornou t\u00e3o normalizada\u2026 Dez anos atr\u00e1s, Mike Brown Jr. n\u00e3o foi o primeiro, nem foi o \u00faltimo.\u201d<\/p>\n<p><strong>Diga os nomes deles<br \/><\/strong>Antes de Michael Brown, houve Eric Garner. Cada nome \u00e9 adicionado a uma lista desfavor\u00e1vel de homens e mulheres negros mortos nas m\u00e3os da pol\u00edcia que remonta a gera\u00e7\u00f5es.<\/p>\n<p>O nome de Sonya Massey foi adicionado \u00e0 lista em julho. Ela est\u00e1 entre as mais de 1.100 pessoas que foram baleadas e mortas pela pol\u00edcia somente nos \u00faltimos 12 meses, de acordo com um banco de dados de encontros fatais com a pol\u00edcia criado e mantido pelo Washington Post.<\/p>\n<p>Os dados do Post se baseiam em reportagens da m\u00eddia, alguns registros policiais e m\u00eddias sociais para agregar o n\u00famero de mortos, porque n\u00e3o h\u00e1 nenhuma lei federal exigindo que os departamentos de pol\u00edcia informem ao governo o n\u00famero de encontros que terminam em fatalidades.<\/p>\n<p>Como resultado, de acordo com o Post, acredita-se que o n\u00famero de mortos esteja subestimado.<\/p>\n<p>\u201cEstamos em um momento em que vemos a hist\u00f3ria se repetir, ou pelo menos uma rima, e rima, e rima, e rima\u201d, disse Phillip Solomon, professor de estudos afro-americanos e psicologia em Yale.<\/p>\n<p>Solomon disse que se inspirou para estudar a quest\u00e3o do racismo no policiamento em parte por causa do assassinato de Amadou Diallo em 1999. O imigrante da \u00c1frica Ocidental de 23 anos foi baleado 41 vezes por policiais \u00e0 paisana da cidade de Nova York enquanto estava na entrada de seu apartamento.<\/p>\n<p>Diallo estava desarmado. Os policiais que o mataram foram posteriormente absolvidos.<\/p>\n<p>\u201cUma gera\u00e7\u00e3o de pessoas cresceu depois de Trayvon, Mike Brown e Ferguson, e viu o que n\u00e3o estava funcionando e ficou frustrada e impaciente\u201d, disse Solomon.<\/p>\n<p>Os apelos para abolir ou cortar o financiamento da pol\u00edcia aumentaram ap\u00f3s a morte de George Floyd em 2020, mas perderam for\u00e7a desde ent\u00e3o e Solomon disse que a mesma gera\u00e7\u00e3o impaciente come\u00e7ou a perguntar: &#8220;E agora?&#8221;<\/p>\n<p>\u201cPara mim, essa pergunta \u00e9 uma das coisas mais energizantes e otimistas que est\u00e3o acontecendo, porque h\u00e1 uma certeza moral de que, se quisermos chamar a pol\u00edcia de &#39;seguran\u00e7a p\u00fablica&#39;, estamos fazendo a seguran\u00e7a p\u00fablica completamente errada\u201d, disse ele.<\/p>\n<p>Solomon foi cofundador do Center for Policing Equity, que usa dados e ci\u00eancia para tentar encontrar uma maneira de tornar o policiamento nos Estados Unidos &#8220;menos racista e menos mortal&#8221;, de acordo com o site da organiza\u00e7\u00e3o.<\/p>\n<p>Mas o peso de cada pessoa morta pela pol\u00edcia cai como uma pedra, disse Solomon. E progredir, ele disse, \u00e9 como tentar inclinar a balan\u00e7a usando apenas penas \u2013 especialmente porque a vontade pol\u00edtica de aprovar uma legisla\u00e7\u00e3o como a George Floyd Justice in Policing Act diminuiu ao longo dos anos.<\/p>\n<p>\u201cComo na\u00e7\u00e3o, n\u00e3o fomos criados para um projeto de longo prazo de acabar com o racismo, n\u00e3o apenas no policiamento, mas em todos os sistemas que acabam no policiamento\u201d, disse ele.<\/p>\n<p>\u201cN\u00e3o vejo um ponto na minha vida em que n\u00e3o haver\u00e1 pedras\u201d, ele acrescentou. \u201cAcho que o que podemos fazer \u00e9 prestar muita aten\u00e7\u00e3o \u00e0s penas.\u201d<\/p>\n<p>Algumas raz\u00f5es para ter esperan\u00e7a, mas o progresso \u00e9 lento<br \/>O Departamento de Pol\u00edcia de Ferguson n\u00e3o tem mais a mesma apar\u00eancia de 2014.<\/p>\n<p>Naquela \u00e9poca, o departamento tinha cerca de 60 policiais e menos de cinco eram afro-americanos, disse o chefe de pol\u00edcia de Ferguson, Troy Doyle, \u00e0 CNN.<\/p>\n<p>\u201cAgora, sentados aqui em agosto de 2024, temos cerca de 50% de representa\u00e7\u00e3o afro-americana e, junto com isso, temos cerca de 23% de representa\u00e7\u00e3o feminina\u201d, disse ele.<\/p>\n<p>Doyle disse que o assassinato de Brown e os protestos subsequentes deixaram um impacto duradouro no departamento e em sua abordagem ao policiamento.<\/p>\n<p>O departamento permanece sob um decreto de consentimento federal de 2016 que foi colocado em pr\u00e1tica depois que o Departamento de Justi\u00e7a emitiu um relat\u00f3rio contundente que descobriu que os policiais e o sistema judicial da cidade se envolveram em um &#8220;padr\u00e3o e pr\u00e1tica&#8221; de discrimina\u00e7\u00e3o contra afro-americanos, visando-os desproporcionalmente com abordagens de tr\u00e2nsito, uso de for\u00e7a e senten\u00e7as de pris\u00e3o.<\/p>\n<p>Sob o decreto, os policiais de Ferguson passaram por treinamentos sobre preconceito impl\u00edcito, interven\u00e7\u00e3o em crise e uso da for\u00e7a, disse Doyle. Das mais de 30.000 liga\u00e7\u00f5es que o departamento recebeu em 2023, o chefe de pol\u00edcia disse que menos de 1% resultaram em uso da for\u00e7a.<\/p>\n<p>\u201cO que me diz que as disposi\u00e7\u00f5es do decreto de consentimento, juntamente com o treinamento que meus policiais est\u00e3o recebendo, (os policiais est\u00e3o) aderindo a essa nova forma de policiamento, e est\u00e1 funcionando\u201d, disse Doyle.<\/p>\n<p>O decreto de consentimento tamb\u00e9m exige que uma equipe de monitoramento independente emita relat\u00f3rios sobre o progresso do departamento em dire\u00e7\u00e3o \u00e0 reforma. De acordo com o relat\u00f3rio mais recente do monitor, &#8220;o progresso da cidade em dire\u00e7\u00e3o \u00e0 conformidade com o Decreto de Consentimento estagnou amplamente durante 2022 e em 2023&#8221;, devido em parte \u00e0 mudan\u00e7a no departamento de pol\u00edcia e bombeiros da cidade, mas o departamento continua comprometido em cumprir.<\/p>\n<p>Doyle disse que, em \u00faltima an\u00e1lise, seu objetivo como chefe \u00e9 se envolver com a comunidade de Ferguson para que seu departamento seja visto como uma \u201cag\u00eancia policial leg\u00edtima, eficaz e profissional\u201d.<\/p>\n<p>\u201cCom isso em mente, tamb\u00e9m precisamos lembrar que policiais s\u00e3o contratados da ra\u00e7a humana\u201d, disse Doyle. \u201cIsso significa que haver\u00e1 ocasi\u00f5es em que erros ser\u00e3o cometidos e, infelizmente, nosso objetivo e nosso trabalho \u00e9 minimizar esses erros.\u201d<\/p>\n<p><strong>Um humilde grito de guerra<br \/><\/strong>Darren Wilson, o policial que atirou e matou Mike Brown, nunca enfrentou acusa\u00e7\u00f5es criminais pela morte do adolescente.<\/p>\n<p>Solomon disse que acredita que uma das raz\u00f5es pelas quais o pa\u00eds ainda n\u00e3o abordou significativamente a quest\u00e3o dos assassinatos cometidos pela pol\u00edcia \u00e9 porque &#8220;n\u00f3s literalmente n\u00e3o respondemos da maneira humana b\u00e1sica \u00e0 simples articula\u00e7\u00e3o: Por favor, permitam que as vidas negras importem&#8221;.<\/p>\n<p>Ele disse que h\u00e1 pol\u00edticas espec\u00edficas que poderiam ter sido colocadas em pr\u00e1tica para evitar as mortes de Brown ou de algu\u00e9m como Massey, mas h\u00e1 falta de vontade pol\u00edtica.<\/p>\n<p>\u201c\u00c9 o grito de guerra e lema mais humilde que voc\u00ea poderia imaginar, &#39;Ei, eu gostaria que voc\u00ea me tratasse como se minha vida importasse.&#39; Mas h\u00e1 uma m\u00e1quina pol\u00edtica inteira agora dedicada a&#8230; transformar seu ativismo no comportamento criminoso mais radical, s\u00f3rdido e violento\u201d, disse Solomon.<\/p>\n<p>Pouco depois da morte de seu filho, Michael Brown Sr. fundou uma organiza\u00e7\u00e3o hom\u00f4nima chamada \u201cChosen for Change\u201d, onde ele e sua fam\u00edlia passaram a \u00faltima d\u00e9cada ajudando pais e fam\u00edlias que sofreram perdas traum\u00e1ticas.<\/p>\n<p>Brown Sr. reconheceu que o departamento de pol\u00edcia de Ferguson fez progressos ao longo dos anos, mas comparou as mudan\u00e7as a uma \u201creformula\u00e7\u00e3o de marca\u201d.<\/p>\n<p>\u201cEles tentaram fazer coisas diferentes, bodycams, n\u00e3o pare e n\u00e3o reviste mais\u201d, ele disse durante a entrevista nas redes sociais no in\u00edcio desta semana. \u201c\u00c9 simplesmente muito c\u00e2ncer neste sistema que eles n\u00e3o podem simplesmente mudar os rostos agora, eles t\u00eam que mudar o sistema inteiro.\u201d<\/p>\n<p>\u201cVoc\u00ea n\u00e3o pode apagar o que aconteceu aqui. \u00c9 hist\u00f3ria.\u201d<\/p>\n<p><em>The-CNN-Wire\u2122 &#038; \u00a9 2024 Cable News Network, Inc., uma empresa Time Warner. Todos os direitos reservados.<\/em><\/p>\n<div class=\"wp-block-newsletter\">\n\t<strong class=\"wp-block-newsletter__title\">Inscreva-se em nossa Newsletter para receber as \u00faltimas not\u00edcias diretamente na sua caixa de entrada<\/strong><\/p>\n<\/div><\/div>\n<p><br \/>\n<br \/><a href=\"https:\/\/wsvn.com\/news\/us-world\/a-decade-after-mike-browns-death-his-family-still-calls-for-justice-as-progress-toward-ending-police-killings-remains-slow\/\">Source link <\/a><\/p>","protected":false},"excerpt":{"rendered":"<p>(CNN) \u2014 Quando Michael Brown foi baleado e morto por um policial do Missouri em 9 de agosto de 2014, os policiais deixaram o corpo do jovem de 18 anos&hellip;<\/p>","protected":false},"author":1,"featured_media":20732,"comment_status":"closed","ping_status":"open","sticky":false,"template":"","format":"standard","meta":{"content-type":"","footnotes":""},"categories":[1],"tags":[],"class_list":["post-20731","post","type-post","status-publish","format-standard","has-post-thumbnail","hentry","category-uncategorized"],"_links":{"self":[{"href":"https:\/\/tvbrazilusa.com\/pt\/wp-json\/wp\/v2\/posts\/20731","targetHints":{"allow":["GET"]}}],"collection":[{"href":"https:\/\/tvbrazilusa.com\/pt\/wp-json\/wp\/v2\/posts"}],"about":[{"href":"https:\/\/tvbrazilusa.com\/pt\/wp-json\/wp\/v2\/types\/post"}],"author":[{"embeddable":true,"href":"https:\/\/tvbrazilusa.com\/pt\/wp-json\/wp\/v2\/users\/1"}],"replies":[{"embeddable":true,"href":"https:\/\/tvbrazilusa.com\/pt\/wp-json\/wp\/v2\/comments?post=20731"}],"version-history":[{"count":1,"href":"https:\/\/tvbrazilusa.com\/pt\/wp-json\/wp\/v2\/posts\/20731\/revisions"}],"predecessor-version":[{"id":20733,"href":"https:\/\/tvbrazilusa.com\/pt\/wp-json\/wp\/v2\/posts\/20731\/revisions\/20733"}],"wp:featuredmedia":[{"embeddable":true,"href":"https:\/\/tvbrazilusa.com\/pt\/wp-json\/wp\/v2\/media\/20732"}],"wp:attachment":[{"href":"https:\/\/tvbrazilusa.com\/pt\/wp-json\/wp\/v2\/media?parent=20731"}],"wp:term":[{"taxonomy":"category","embeddable":true,"href":"https:\/\/tvbrazilusa.com\/pt\/wp-json\/wp\/v2\/categories?post=20731"},{"taxonomy":"post_tag","embeddable":true,"href":"https:\/\/tvbrazilusa.com\/pt\/wp-json\/wp\/v2\/tags?post=20731"}],"curies":[{"name":"wp","href":"https:\/\/api.w.org\/{rel}","templated":true}]}}