{"id":20734,"date":"2024-08-09T15:00:24","date_gmt":"2024-08-09T15:00:24","guid":{"rendered":"https:\/\/tvbrazilusa.com\/2024\/08\/09\/4-coisas-que-voce-precisa-saber-sobre-o-fim-de-semana-sem-impostos\/"},"modified":"2024-08-09T15:11:18","modified_gmt":"2024-08-09T15:11:18","slug":"4-coisas-que-voce-precisa-saber-sobre-o-fim-de-semana-sem-impostos","status":"publish","type":"post","link":"https:\/\/tvbrazilusa.com\/pt\/2024\/08\/09\/4-coisas-que-voce-precisa-saber-sobre-o-fim-de-semana-sem-impostos\/","title":{"rendered":"4 coisas que voc\u00ea precisa saber sobre o fim de semana sem impostos"},"content":{"rendered":"<p> <script async src=\"https:\/\/pagead2.googlesyndication.com\/pagead\/js\/adsbygoogle.js?client=ca-pub-8864793242727901\"\r\n     crossorigin=\"anonymous\"><\/script><br \/>\n<\/p>\n<div id=\"\">\n<header class=\"m-article-header m-article-header--standard\">\n\t\t\t\t\t\t\t\t\t\t\t\t<span id=\"article-header-primary-term\"><br \/>\n\t\t\t\t\t\t\t\t<a class=\"a-term a-term--primary\" href=\"https:\/\/www.boston.com\/tag\/local-news\/\"><\/p>\n<p>\t\t\t\t\t\t\t\tNot\u00edcias locais\t\t\t\t\t\t\t\t<\/a><br \/>\n\t\t\t\t\t\t\t<\/span><\/p>\n<h2 class=\"m-article-header__sub-headline\">Os itens qualificados estar\u00e3o isentos de imposto sobre vendas neste fim de semana, 10 e 11 de agosto.<\/h2>\n<figure class=\"a-photo m-article-header__photo\"><figcaption class=\"a-photo__caption\">\n<p>\tAs pessoas podem fazer compras sem pagar o imposto regular de vendas de 6,25% na maioria dos produtos de varejo aos s\u00e1bados e domingos. <em> Erin Clark\/Equipe Globe <\/em>\t<\/figcaption><\/figure>\n<\/header>\n<p>Os consumidores de Massachusetts n\u00e3o ter\u00e3o que pagar o imposto estadual de vendas de 6,25% na maioria dos itens de varejo neste fim de semana, 10 e 11 de agosto.<\/p>\n<p>Durante dois dias de cada ano, itens de varejo qualificados de at\u00e9 US$ 2.500 comprados em Massachusetts para uso pessoal est\u00e3o isentos de imposto sobre vendas. <a href=\"https:\/\/www.mass.gov\/info-details\/sales-tax-holiday-frequently-asked-questions\">de acordo com o Departamento de Receita<\/a>. No ano passado, as receitas de impostos indiretos devido ao aumento da atividade econ\u00f4mica foram de aproximadamente US$ 3,54 milh\u00f5es.<\/p>\n<p>\u201cO feriado do imposto sobre vendas \u00e9 uma \u00f3tima oportunidade para os moradores sa\u00edrem e apoiarem os neg\u00f3cios locais em sua comunidade e fazerem algumas compras durante uma \u00e9poca do ano em que as pessoas est\u00e3o se preparando para o outono\u201d, <a href=\"https:\/\/malegislature.gov\/PressRoom\/Detail?pressReleaseId=98\">A presidente do Senado, Karen E. Spilka, disse em uma declara\u00e7\u00e3o<\/a>.<\/p>\n<p>Todos os varejistas s\u00e3o obrigados a participar do feriado do imposto sobre vendas se o neg\u00f3cio estiver aberto durante o fim de semana e fizer vendas tribut\u00e1veis \u200b\u200bno estado ou para compradores de Massachusetts.<\/p>\n<p>O fim de semana sem impostos surgiu em 2018, quando o governador Charlie Baker assinou o \u201c<a href=\"https:\/\/www.boston.com\/news\/politics\/2018\/06\/28\/massachusetts-minimum-wage-paid-leave-sales-tax-law\/\">grande barganha<\/a>&#8220;projeto de lei que estabelece um feriado permanente de imposto sobre vendas por dois dias em agosto \u2014 normalmente um m\u00eas lento para os varejistas \u2014 a cada ano, em um esfor\u00e7o para beneficiar tanto indiv\u00edduos quanto pequenas empresas.<\/p>\n<p>\u201cO feriado do imposto sobre vendas proporciona um al\u00edvio significativo \u00e0s fam\u00edlias durante uma \u00e9poca do ano em que seus tal\u00f5es de cheques j\u00e1 est\u00e3o esticados com a compra de materiais de volta \u00e0s aulas e outras despesas familiares\u201d, disse a senadora Susan L. Moran em uma declara\u00e7\u00e3o. \u201cTamb\u00e9m \u00e9 uma ferramenta vital para refor\u00e7ar nossa economia, especialmente para nossas queridas pequenas empresas, que frequentemente operam com margens estreitas.\u201d<\/p>\n<h2 class=\"wp-block-heading\" id=\"h-what-qualifies-for-the-sales-tax-holiday\">O que se qualifica para o feriado do imposto sobre vendas<\/h2>\n<p>A isen\u00e7\u00e3o do imposto sobre vendas se aplica a itens comprados por indiv\u00edduos para uso pessoal. <\/p>\n<p>Qualquer item comprado on-line durante o feriado do imposto sobre vendas no hor\u00e1rio de ver\u00e3o do leste tamb\u00e9m \u00e9 eleg\u00edvel, e nenhum imposto sobre vendas \u00e9 devido na compra, mesmo que o item seja entregue ap\u00f3s o feriado prolongado.<\/p>\n<p>Os consumidores podem alugar itens por at\u00e9 30 dias, mas o aluguel deve ser pago integralmente durante o feriado.<\/p>\n<h2 class=\"wp-block-heading\" id=\"h-items-that-are-not-eligible-for-the-sales-tax-holiday\">Itens que n\u00e3o s\u00e3o eleg\u00edveis para o feriado do imposto sobre vendas<\/h2>\n<p>Itens comprados por corpora\u00e7\u00f5es ou por indiv\u00edduos para fins comerciais continuam tribut\u00e1veis. Vendas parceladas tamb\u00e9m n\u00e3o se qualificam.<\/p>\n<p>Outros itens que n\u00e3o se qualificam para o feriado do imposto sobre vendas incluem:<\/p>\n<ul class=\"wp-block-list\">\n<li>Refei\u00e7\u00f5es<\/li>\n<li>Ve\u00edculos motorizados<\/li>\n<li>Lanchas<\/li>\n<li>Servi\u00e7os de telecomunica\u00e7\u00f5es<\/li>\n<li>G\u00e1s<\/li>\n<li>Vapor<\/li>\n<li>Eletricidade<\/li>\n<li>Produtos de tabaco<\/li>\n<li>Maconha ou produtos de maconha<\/li>\n<li>Bebidas alco\u00f3licas<\/li>\n<li>Qualquer item individual cujo pre\u00e7o seja superior a US$ 2.500<\/li>\n<\/ul>\n<h2 class=\"wp-block-heading\" id=\"h-limitations-for-the-sales-tax-holiday\">Limita\u00e7\u00f5es para o feriado do imposto sobre vendas<\/h2>\n<p>A isen\u00e7\u00e3o fiscal se aplica somente a itens que custam US$ 2.500 ou menos. <\/p>\n<p>Os consumidores podem comprar quantos itens quiserem que custem individualmente menos de $ 2.500, mesmo que o total combinado seja maior que esse valor. Mas se o custo de um item exceder $ 2.500, essa compra estar\u00e1 sujeita ao imposto sobre vendas. <\/p>\n<p>Itens de vestu\u00e1rio est\u00e3o isentos do imposto sobre vendas, a menos que o item custe mais de US$ 175, caso em que somente o valor acima de US$ 175 \u00e9 tribut\u00e1vel.<\/p>\n<p>Consumidores que pretendem sonegar impostos sobre compras anteriores podem enfrentar restri\u00e7\u00f5es. <\/p>\n<p>Indiv\u00edduos n\u00e3o podem cancelar e remarcar compras no fim de semana do imposto sobre vendas se j\u00e1 tiverem feito um dep\u00f3sito, pr\u00e9-pago ou prometido o pagamento de um item qualificado antes do fim de semana.<\/p>\n<h2 class=\"wp-block-heading\" id=\"h-what-happens-after-the-holiday\">O que acontece depois do feriado<\/h2>\n<p>Nenhum imposto \u00e9 devido mesmo se um item for trocado ou devolvido ap\u00f3s o t\u00e9rmino do feriado. <\/p>\n<p>Se o imposto sobre vendas for aplicado acidentalmente a uma compra, a empresa que o cobrou \u00e9 respons\u00e1vel por fornecer um reembolso.<\/p>\n<p>Ao declarar os impostos do m\u00eas, na linha 2 de \u201cvendas isentas\u201d da Declara\u00e7\u00e3o de Imposto sobre Vendas e Uso de agosto, os indiv\u00edduos devem declarar o valor das vendas dos itens que compraram durante os dois dias.<\/p>\n<div class=\"m-block m-generic-cta\t m-generic-cta--post-content\t m-generic-cta--dark\t m-generic-cta--homepage\t m-generic-cta--email-signup\t\t m-generic-cta-block-style--default \tt-amp__generic-cta\"><\/p>\n<div class=\"m-generic-cta__wrap\">\n<div class=\"m-generic-cta__content\">\n<h3 class=\"m-generic-cta__title\">Inscri\u00e7\u00e3o no boletim informativo<\/h3>\n<p class=\"m-generic-cta__subtitle\">Fique por dentro das \u00faltimas not\u00edcias do Boston.com<\/p>\n<\/p><\/div>\n<\/p><\/div>\n<\/div><\/div>\n<p><script>\n\t\tvar consent=\"grant\";\n\t\t\/* The above code is parsing the JSON data from the local storage and storing it in a variable. *\/\n\t\t\t\t\tconst onetrustStorageConsent = JSON.parse(localStorage.getItem( 'consent_one_trust_bdc' ) );\n\t\t\tif ( ( onetrustStorageConsent !== null ) ) {\n\t\t\t\t\/* Checking to see if the user has consented to the use of cookies.\n\t\t\t\t* If they have not, it is deleting the cookie.\n\t\t\t\t* This will comment for now, until further notice.\n\t\t\t\t*\/\n\t\t\t\t\/\/if ( onetrustStorageConsent.C0002 === false ) {\n\t\t\t\t\/\/\tdocument.cookie=\"_fbp=;expires=Thu, 01 Jan 2010 00:00:00 UTC; path=\/; domain=.boston.com\";\n\t\t\t\t\/\/}\n\t\t\t\t\/* Checking if the user has given consent for the cookie C0002.\n\t\t\t\t* If the user has given consent, the variable consent will be set to 'grant'.\n\t\t\t\t* If the user has not given consent,the variable consent will be set to 'revoke'.\n\t\t\t\t* Documentation https:\/\/developers.facebook.com\/docs\/meta-pixel\/implementation\/gdpr\n\t\t\t\t*\/\n\t\t\t\tif ( onetrustStorageConsent.C0002 !== true ) {\n\t\t\t\t\tconsent=\"revoke\";\n\t\t\t\t}\n\t\t\t}\n\t\t\t\t!function(f,b,e,v,n,t,s)\n\t\t{if(f.fbq)return;n=f.fbq=function(){n.callMethod?\n\t\tn.callMethod.apply(n,arguments):n.queue.push(arguments)};\n\t\tif(!f._fbq)f._fbq=n;n.push=n;n.loaded=!0;n.version='2.0';\n\t\tn.queue=[];t=b.createElement(e);t.async=!0;\n\t\tt.src=v;s=b.getElementsByTagName(e)[0];\n\t\ts.parentNode.insertBefore(t,s)}(window, document,'script',\n\t\t'https:\/\/connect.facebook.net\/en_US\/fbevents.js');\n\t\tfbq('consent', consent);\n\t\tfbq('init', '989222871864976');\n\t\tfbq('track', 'PageView');\n\t<\/script><script type=\"module\">\n\t\tvar consent=\"grant\";\n\t\t\/* The above code is parsing the JSON data from the local storage and storing it in a variable. *\/\n\t\t\tconst onetrustStorageConsent = JSON.parse(localStorage.getItem( 'consent_one_trust_bdc' ) );\n\t\t\t\/* Checking to see if the user has consented to the use of cookies.\n\t\t\t* If they have not, it is deleting the cookie.\n\t\t\t* This will comment for now, until further notice.\n\t\t\t*\/\n\t\t\t\/\/if ( onetrustStorageConsent.C0002 === false ) {\n\t\t\t\/\/\tdocument.cookie=\"_fbp=;expires=Thu, 01 Jan 2010 00:00:00 UTC; path=\/; domain=.boston.com\";\n\t\t\t\/\/}\n\t\t\t\/* Checking if the user has given consent for the cookie C0002.\n\t\t\t* If the user has given consent, the variable consent will be set to 'grant'.\n\t\t\t* If the user has not given consent,the variable consent will be set to 'revoke'.\n\t\t\t* Documentation https:\/\/developers.facebook.com\/docs\/meta-pixel\/implementation\/gdpr\n\t\t\t*\/\n\t\t\tif ( ( onetrustStorageConsent !== null ) && (onetrustStorageConsent.C0002 !== true ) ) {\n\t\t\t\tconsent=\"revoke\";\n\t\t\t}\n\t\t\t\t!function(f,b,e,v,n,t,s){if(f.fbq)return;n=f.fbq=function()\n\t\t{n.callMethod? n.callMethod.apply(n,arguments):n.queue.push(arguments)}\n\t\t;if(!f._fbq)f._fbq=n;\n\t\tn.push=n;n.loaded=!0;n.version='2.0';n.queue=[];t=b.createElement(e);t.async=!0;\n\t\tt.src=v;s=b.getElementsByTagName(e)[0];s.parentNode.insertBefore(t,s)}(window,\n\t\tdocument,'script','https:\/\/connect.facebook.net\/en_US\/fbevents.js');\n\t\tfbq('consent', consent);\n\t\tfbq('init', '813236348753005');\n\t\tfbq('track', \"PageView\");\n\t<\/script><br \/>\n<br \/><br \/>\n<br \/><a href=\"https:\/\/www.boston.com\/news\/local-news\/2024\/08\/09\/4-things-to-know-tax-free-weekend-massachusetts\/\">Source link <\/a><\/p>","protected":false},"excerpt":{"rendered":"<p>Not\u00edcias locais Os itens qualificados estar\u00e3o isentos de imposto sobre vendas neste fim de semana, 10 e 11 de agosto. As pessoas podem fazer compras sem pagar o imposto regular&hellip;<\/p>","protected":false},"author":1,"featured_media":20735,"comment_status":"closed","ping_status":"open","sticky":false,"template":"","format":"standard","meta":{"content-type":"","footnotes":""},"categories":[1],"tags":[],"class_list":["post-20734","post","type-post","status-publish","format-standard","has-post-thumbnail","hentry","category-uncategorized"],"_links":{"self":[{"href":"https:\/\/tvbrazilusa.com\/pt\/wp-json\/wp\/v2\/posts\/20734","targetHints":{"allow":["GET"]}}],"collection":[{"href":"https:\/\/tvbrazilusa.com\/pt\/wp-json\/wp\/v2\/posts"}],"about":[{"href":"https:\/\/tvbrazilusa.com\/pt\/wp-json\/wp\/v2\/types\/post"}],"author":[{"embeddable":true,"href":"https:\/\/tvbrazilusa.com\/pt\/wp-json\/wp\/v2\/users\/1"}],"replies":[{"embeddable":true,"href":"https:\/\/tvbrazilusa.com\/pt\/wp-json\/wp\/v2\/comments?post=20734"}],"version-history":[{"count":1,"href":"https:\/\/tvbrazilusa.com\/pt\/wp-json\/wp\/v2\/posts\/20734\/revisions"}],"predecessor-version":[{"id":20736,"href":"https:\/\/tvbrazilusa.com\/pt\/wp-json\/wp\/v2\/posts\/20734\/revisions\/20736"}],"wp:featuredmedia":[{"embeddable":true,"href":"https:\/\/tvbrazilusa.com\/pt\/wp-json\/wp\/v2\/media\/20735"}],"wp:attachment":[{"href":"https:\/\/tvbrazilusa.com\/pt\/wp-json\/wp\/v2\/media?parent=20734"}],"wp:term":[{"taxonomy":"category","embeddable":true,"href":"https:\/\/tvbrazilusa.com\/pt\/wp-json\/wp\/v2\/categories?post=20734"},{"taxonomy":"post_tag","embeddable":true,"href":"https:\/\/tvbrazilusa.com\/pt\/wp-json\/wp\/v2\/tags?post=20734"}],"curies":[{"name":"wp","href":"https:\/\/api.w.org\/{rel}","templated":true}]}}