{"id":20742,"date":"2024-08-09T14:55:18","date_gmt":"2024-08-09T14:55:18","guid":{"rendered":"https:\/\/tvbrazilusa.com\/2024\/08\/09\/adolescente-iraquiano-e-preso-em-viena-apos-plano-de-ataque-terrorista-de-taylor-swift-ser-frustrado-wsvn-7news-noticias-de-miami-clima-esportes-fort-lauderdale\/"},"modified":"2024-08-09T15:22:14","modified_gmt":"2024-08-09T15:22:14","slug":"adolescente-iraquiano-e-preso-em-viena-apos-plano-de-ataque-terrorista-de-taylor-swift-ser-frustrado-wsvn-7news-noticias-de-miami-clima-esportes-fort-lauderdale","status":"publish","type":"post","link":"https:\/\/tvbrazilusa.com\/pt\/2024\/08\/09\/adolescente-iraquiano-e-preso-em-viena-apos-plano-de-ataque-terrorista-de-taylor-swift-ser-frustrado-wsvn-7news-noticias-de-miami-clima-esportes-fort-lauderdale\/","title":{"rendered":"Adolescente iraquiano \u00e9 preso em Viena ap\u00f3s plano de ataque terrorista de Taylor Swift ser frustrado &#8211; WSVN 7News | Not\u00edcias de Miami, Clima, Esportes | Fort Lauderdale"},"content":{"rendered":"<p> <script async src=\"https:\/\/pagead2.googlesyndication.com\/pagead\/js\/adsbygoogle.js?client=ca-pub-8864793242727901\"\r\n     crossorigin=\"anonymous\"><\/script><br \/>\n<\/p>\n<div itemprop=\"articleBody\">\n<p><strong>(CNN) \u2014 <\/strong>As autoridades austr\u00edacas prenderam um cidad\u00e3o iraquiano de 18 anos em conex\u00e3o com um inqu\u00e9rito sobre um <a href=\"https:\/\/wsvn.com\/entertainment\/suspects-in-foiled-attack-on-taylor-swift-shows-were-inspired-by-islamic-state-group-officials-say\/\" data-type=\"link\" data-id=\"https:\/\/wsvn.com\/entertainment\/suspects-in-foiled-attack-on-taylor-swift-shows-were-inspired-by-islamic-state-group-officials-say\/\" target=\"_blank\" rel=\"noreferrer noopener\">alegada conspira\u00e7\u00e3o inspirada pelo ISIS <\/a>para atacar um show de Taylor Swift em Viena, disse o ministro do Interior do pa\u00eds na sexta-feira.<\/p>\n<p>Os organizadores tomaram a decis\u00e3o extraordin\u00e1ria na quinta-feira de cancelar tr\u00eas shows de Swift na \u00c1ustria depois que as autoridades disseram que eles frustraram um ataque terrorista planejado para a parte de Viena de sua turn\u00ea de sucesso Eras.<\/p>\n<p>O adolescente iraquiano \u00e9 a terceira pessoa a ser detida e acredita-se que tenha liga\u00e7\u00f5es com o principal suspeito, um austr\u00edaco de 19 anos com ra\u00edzes da Maced\u00f4nia do Norte, de acordo com o minist\u00e9rio. Ambos os adolescentes tinham recentemente jurado lealdade ao ISIS, disse.<\/p>\n<p>\u201cUm ataque planejado a um evento de concerto foi frustrado com sucesso gra\u00e7as \u00e0 interven\u00e7\u00e3o oportuna das autoridades. Esse sucesso foi poss\u00edvel por meio de investiga\u00e7\u00f5es extensivas que miraram n\u00e3o apenas os principais suspeitos, mas tamb\u00e9m sua rede circundante\u201d, disse na sexta-feira.<\/p>\n<p>O minist\u00e9rio disse que as autoridades est\u00e3o \u201ctomando medidas decisivas contra qualquer um que possa estar envolvido em atividades terroristas ou que exiba tend\u00eancias radicais\u201d.<\/p>\n<p>O adolescente iraquiano \u201cn\u00e3o est\u00e1 atualmente diretamente ligado ao ataque planejado\u201d, mas foi preso sob o \u201camplo escopo\u201d da investiga\u00e7\u00e3o em andamento, disse.<\/p>\n<p>Os dois principais suspeitos, um de 19 anos e outro de 17, est\u00e3o presos preventivamente e apresentaram mudan\u00e7as percept\u00edveis em seu comportamento antes de suas pris\u00f5es.<\/p>\n<p>O suspeito de 19 anos pediu demiss\u00e3o em 25 de julho, dizendo que tinha &#8220;algo grande planejado&#8221; e que planejava detonar um dispositivo dentro do local do show, disse Franz Ruf, diretor-geral de seguran\u00e7a p\u00fablica da \u00c1ustria, na quinta-feira.<\/p>\n<p>Dispositivos explosivos e detonadores foram encontrados na casa do jovem de 19 anos, assim como extenso material de propaganda do ISIS, 21.000 euros em dinheiro falso, fac\u00f5es, facas e esteroides anabolizantes, disse Ruf. O jovem de 17 anos havia terminado recentemente com sua namorada.<\/p>\n<p>Um jovem de 15 anos tamb\u00e9m foi detido e interrogado, mas j\u00e1 foi liberado.<\/p>\n<h2 class=\"wp-block-heading\">F\u00e3s &#39;de cora\u00e7\u00e3o partido&#39;<\/h2>\n<p>Viena estava programada para ser o pen\u00faltimo local da parte europeia da turn\u00ea Eras de Swift. A estrela pop dos EUA estava programada para tocar quinta, sexta e s\u00e1bado na \u00c1ustria, antes de tocar cinco noites no Est\u00e1dio de Wembley, em Londres, na semana que vem, e ent\u00e3o seguir para o Canad\u00e1 para as datas finais da turn\u00ea em novembro e dezembro.<\/p>\n<p>Autoridades austr\u00edacas disseram que esperavam cerca de 65.000 espectadores em cada um dos shows de Swift em Viena, com at\u00e9 20.000 f\u00e3s fora do est\u00e1dio.<\/p>\n<p>O cancelamento abalou os f\u00e3s, incluindo muitos que viajaram de todo o continente e do mundo todo para os shows.<\/p>\n<p>Tiffany Kidd, uma enfermeira de 41 anos do Arizona, nunca havia sa\u00eddo dos Estados Unidos, mas havia adquirido seu primeiro passaporte, costurado v\u00e1rias roupas inspiradas em Swift e gastou US$ 5.000 para voar para Viena para assistir \u00e0 apresenta\u00e7\u00e3o da estrela pop ao vivo. Os cancelamentos s\u00e3o &#8220;de partir o cora\u00e7\u00e3o, com certeza&#8221;, disse Kidd \u00e0 CNN na quarta-feira.<\/p>\n<p>Vanessa Szombathelyi, 24, voou da Irlanda para a Hungria \u2013 onde ela e sua melhor amiga planejaram dirigir atrav\u00e9s da fronteira para Viena para o show. Teria sido seu primeiro show de Swift desde que ela se tornou f\u00e3 em 2018, e ela estava esperando ansiosamente desde que comprou o ingresso no ver\u00e3o passado.<\/p>\n<p>\u201c(Estou) sentindo emo\u00e7\u00f5es confusas, desde l\u00e1grimas at\u00e9 raiva\u201d, ela disse \u00e0 CNN na quarta-feira, mas disse estar aliviada que os suspeitos tenham sido presos.<\/p>\n<p>Os cancelamentos tamb\u00e9m ser\u00e3o um golpe para a economia austr\u00edaca. A turn\u00ea de Swift virou manchete por proporcionar um boom econ\u00f4mico nas cidades que ela visita, incluindo gerar cerca de US$ 380 milh\u00f5es em Londres, disse o prefeito da cidade em junho.<\/p>\n<p><em>The-CNN-Wire\u2122 &#038; \u00a9 2024 Cable News Network, Inc., uma empresa Time Warner. Todos os direitos reservados.<\/em><\/p>\n<div class=\"wp-block-newsletter\">\n\t<strong class=\"wp-block-newsletter__title\">Inscreva-se em nossa Newsletter para receber as \u00faltimas not\u00edcias diretamente na sua caixa de entrada<\/strong><\/p>\n<\/div><\/div>\n<p><br \/>\n<br \/><a href=\"https:\/\/wsvn.com\/news\/us-world\/iraqi-teen-arrested-in-vienna-after-taylor-swift-terror-attack-plot-thwarted\/\">Source link <\/a><\/p>","protected":false},"excerpt":{"rendered":"<p>(CNN) \u2014 As autoridades austr\u00edacas prenderam um cidad\u00e3o iraquiano de 18 anos em conex\u00e3o com um inqu\u00e9rito sobre um alegada conspira\u00e7\u00e3o inspirada pelo ISIS para atacar um show de Taylor&hellip;<\/p>","protected":false},"author":1,"featured_media":20743,"comment_status":"closed","ping_status":"open","sticky":false,"template":"","format":"standard","meta":{"content-type":"","footnotes":""},"categories":[1],"tags":[],"class_list":["post-20742","post","type-post","status-publish","format-standard","has-post-thumbnail","hentry","category-uncategorized"],"_links":{"self":[{"href":"https:\/\/tvbrazilusa.com\/pt\/wp-json\/wp\/v2\/posts\/20742","targetHints":{"allow":["GET"]}}],"collection":[{"href":"https:\/\/tvbrazilusa.com\/pt\/wp-json\/wp\/v2\/posts"}],"about":[{"href":"https:\/\/tvbrazilusa.com\/pt\/wp-json\/wp\/v2\/types\/post"}],"author":[{"embeddable":true,"href":"https:\/\/tvbrazilusa.com\/pt\/wp-json\/wp\/v2\/users\/1"}],"replies":[{"embeddable":true,"href":"https:\/\/tvbrazilusa.com\/pt\/wp-json\/wp\/v2\/comments?post=20742"}],"version-history":[{"count":1,"href":"https:\/\/tvbrazilusa.com\/pt\/wp-json\/wp\/v2\/posts\/20742\/revisions"}],"predecessor-version":[{"id":20744,"href":"https:\/\/tvbrazilusa.com\/pt\/wp-json\/wp\/v2\/posts\/20742\/revisions\/20744"}],"wp:featuredmedia":[{"embeddable":true,"href":"https:\/\/tvbrazilusa.com\/pt\/wp-json\/wp\/v2\/media\/20743"}],"wp:attachment":[{"href":"https:\/\/tvbrazilusa.com\/pt\/wp-json\/wp\/v2\/media?parent=20742"}],"wp:term":[{"taxonomy":"category","embeddable":true,"href":"https:\/\/tvbrazilusa.com\/pt\/wp-json\/wp\/v2\/categories?post=20742"},{"taxonomy":"post_tag","embeddable":true,"href":"https:\/\/tvbrazilusa.com\/pt\/wp-json\/wp\/v2\/tags?post=20742"}],"curies":[{"name":"wp","href":"https:\/\/api.w.org\/{rel}","templated":true}]}}