{"id":20793,"date":"2024-08-09T14:20:12","date_gmt":"2024-08-09T14:20:12","guid":{"rendered":"https:\/\/tvbrazilusa.com\/2024\/08\/09\/ditadura-de-maduro-prende-ex-deputado-que-denunciou-sequestro-de-pai-de-jogador-da-selecao-venezuelana-paulo-figueiredo\/"},"modified":"2024-08-09T16:24:57","modified_gmt":"2024-08-09T16:24:57","slug":"ditadura-de-maduro-prende-ex-deputado-que-denunciou-sequestro-de-pai-de-jogador-da-selecao-venezuelana-paulo-figueiredo","status":"publish","type":"post","link":"https:\/\/tvbrazilusa.com\/pt\/2024\/08\/09\/ditadura-de-maduro-prende-ex-deputado-que-denunciou-sequestro-de-pai-de-jogador-da-selecao-venezuelana-paulo-figueiredo\/","title":{"rendered":"Ditadura de Maduro prende ex-deputado que denunciou sequestro de pai de jogador da sele\u00e7\u00e3o venezuelana &#8211; Paulo Figueiredo"},"content":{"rendered":"<p> <script async src=\"https:\/\/pagead2.googlesyndication.com\/pagead\/js\/adsbygoogle.js?client=ca-pub-8864793242727901\"\r\n     crossorigin=\"anonymous\"><\/script><br \/>\n<\/p>\n<div id=\"wtr-content\" data-bg=\"#FFFFFF\" data-fg=\"#006d91\" data-width=\"25\" data-mute=\"1\" data-fgopacity=\"1.00\" data-mutedopacity=\"0.5\" data-placement=\"bottom\" data-placement-offset=\"0\" data-content-offset=\"262\" data-placement-touch=\"bottom\" data-placement-offset-touch=\"0\" data-transparent=\"\" data-shadow=\"0\" data-touch=\"1\" data-non-touch=\"1\" data-comments=\"0\" data-commentsbg=\"transparent\" data-location=\"page\" data-mutedfg=\"#006d91\" data-endfg=\"#006d91\" data-rtl=\"\">\n<pre class=\"wp-block-preformatted has-small-font-size\">Foto - Fausto Torrealba<\/pre>\n<h3 class=\"wp-block-heading\">Am\u00e9rico De Grazia, ex-deputado da Assembleia Nacional da Venezuela, foi preso nesta quinta-feira (8) pelo regime de Nicol\u00e1s Maduro em Caracas, disseram seus familiares.<\/h3>\n<p>De Grazia foi o respons\u00e1vel\u00a0por denunciar em suas redes sociais a deten\u00e7\u00e3o arbitr\u00e1ria de Carlos Chancellor, pai do jogador da sele\u00e7\u00e3o venezuelana Jhon Chancellor, da Universidad Cat\u00f3lica do Equador. De Grazia acusou o Servi\u00e7o Bolivariano de Intelig\u00eancia Nacional (Sebin) pela pris\u00e3o de Chancellor, que j\u00e1 havia sido preso anteriormente durante o regime de Hugo Ch\u00e1vez por se opor \u00e0 pol\u00edtica do regime.<\/p>\n<p>Segundo a filha de De Grazia, Mar\u00eda, seu pai foi tamb\u00e9m capturado por agentes do Sebin e neste momento est\u00e1 preso na sede da Intelig\u00eancia. Ela afirmou que ele j\u00e1 estava sendo perseguido desde o fim das elei\u00e7\u00f5es do \u00faltimo dia 28 de julho.<\/p>\n<p>\u201cN\u00e3o sabemos quais acusa\u00e7\u00f5es est\u00e3o sendo imputadas a ele. N\u00e3o h\u00e1 uma ordem de pris\u00e3o contra meu pai, n\u00e3o temos prova de vida, e n\u00e3o sabemos em que condi\u00e7\u00f5es ele est\u00e1\u201d, disse Mar\u00eda.<\/p>\n<p>Conforme informa\u00e7\u00f5es dos familiares, veiculada pelo site Efecto Cocuyo, De Grazia estava a caminho de Caracas para denunciar repress\u00f5es e abusos contra a popula\u00e7\u00e3o de Upata, cidade localizada no estado venezuelano de Bol\u00edvar, quando desapareceu nesta quinta-feira. A fam\u00edlia ficou sem informa\u00e7\u00f5es sobre o ex-deputado por diversas horas at\u00e9 descobrir que ele havia sido levado pelo regime chavista.<\/p>\n<p><strong><a href=\"https:\/\/www.gazetadopovo.com.br\/mundo\/ditadura-de-maduro-prende-ex-deputado-que-denunciou-sequestro-de-pai-de-jogador-da-selecao-venezuelana\/\">Source link<\/a><\/strong><\/p>\n<\/div>\n<p><br \/>\n<br \/><a href=\"https:\/\/paulofigueiredoshow.com\/ditadura-de-maduro-prende-ex-deputado-que-denunciou-sequestro-de-pai-de-jogador-da-selecao-venezuelana\/\">Source link <\/a><\/p>","protected":false},"excerpt":{"rendered":"<p>Foto &#8211; Fausto Torrealba Am\u00e9rico De Grazia, ex-deputado da Assembleia Nacional da Venezuela, foi preso nesta quinta-feira (8) pelo regime de Nicol\u00e1s Maduro em Caracas, disseram seus familiares. De Grazia&hellip;<\/p>","protected":false},"author":1,"featured_media":20794,"comment_status":"closed","ping_status":"open","sticky":false,"template":"","format":"standard","meta":{"content-type":"","footnotes":""},"categories":[16],"tags":[766,1590,327,1475,9590,9591,1101],"class_list":["post-20793","post","type-post","status-publish","format-standard","has-post-thumbnail","hentry","category-noticias","tag-ditadura","tag-maduro","tag-politico","tag-preso","tag-sabin","tag-sequestro","tag-venezuela"],"_links":{"self":[{"href":"https:\/\/tvbrazilusa.com\/pt\/wp-json\/wp\/v2\/posts\/20793","targetHints":{"allow":["GET"]}}],"collection":[{"href":"https:\/\/tvbrazilusa.com\/pt\/wp-json\/wp\/v2\/posts"}],"about":[{"href":"https:\/\/tvbrazilusa.com\/pt\/wp-json\/wp\/v2\/types\/post"}],"author":[{"embeddable":true,"href":"https:\/\/tvbrazilusa.com\/pt\/wp-json\/wp\/v2\/users\/1"}],"replies":[{"embeddable":true,"href":"https:\/\/tvbrazilusa.com\/pt\/wp-json\/wp\/v2\/comments?post=20793"}],"version-history":[{"count":1,"href":"https:\/\/tvbrazilusa.com\/pt\/wp-json\/wp\/v2\/posts\/20793\/revisions"}],"predecessor-version":[{"id":20795,"href":"https:\/\/tvbrazilusa.com\/pt\/wp-json\/wp\/v2\/posts\/20793\/revisions\/20795"}],"wp:featuredmedia":[{"embeddable":true,"href":"https:\/\/tvbrazilusa.com\/pt\/wp-json\/wp\/v2\/media\/20794"}],"wp:attachment":[{"href":"https:\/\/tvbrazilusa.com\/pt\/wp-json\/wp\/v2\/media?parent=20793"}],"wp:term":[{"taxonomy":"category","embeddable":true,"href":"https:\/\/tvbrazilusa.com\/pt\/wp-json\/wp\/v2\/categories?post=20793"},{"taxonomy":"post_tag","embeddable":true,"href":"https:\/\/tvbrazilusa.com\/pt\/wp-json\/wp\/v2\/tags?post=20793"}],"curies":[{"name":"wp","href":"https:\/\/api.w.org\/{rel}","templated":true}]}}