{"id":20796,"date":"2024-08-09T16:22:30","date_gmt":"2024-08-09T16:22:30","guid":{"rendered":"https:\/\/tvbrazilusa.com\/2024\/08\/09\/lideres-do-distrito-escolar-do-condado-de-orange-abordam-dificuldades-no-inicio-do-novo-ano-letivo\/"},"modified":"2024-08-09T16:27:16","modified_gmt":"2024-08-09T16:27:16","slug":"lideres-do-distrito-escolar-do-condado-de-orange-abordam-dificuldades-no-inicio-do-novo-ano-letivo","status":"publish","type":"post","link":"https:\/\/tvbrazilusa.com\/pt\/2024\/08\/09\/lideres-do-distrito-escolar-do-condado-de-orange-abordam-dificuldades-no-inicio-do-novo-ano-letivo\/","title":{"rendered":"L\u00edderes do distrito escolar do Condado de Orange abordam dificuldades no in\u00edcio do novo ano letivo"},"content":{"rendered":"<script async src=\"https:\/\/pagead2.googlesyndication.com\/pagead\/js\/adsbygoogle.js?client=ca-pub-8864793242727901\"\r\n     crossorigin=\"anonymous\"><\/script>\n<div id=\"\">\n<p class=\"dist__Box-sc-1fnzlkn-0 dist__TextBase-sc-1fnzlkn-3 CGHCP htMUPQ article-text\"><strong>CONDADO DE ORANGE, Fl\u00f3rida.<\/strong> \u2013 Com os alunos indo <a href=\"https:\/\/www.clickorlando.com\/topic\/Back_To_School\/\" target=\"_blank\" rel=\"noopener\">de volta \u00e0 escola<\/a> Na segunda-feira, no Condado de Orange, o distrito tamb\u00e9m enfrenta alguns desafios para come\u00e7ar o novo ano letivo.<\/p>\n<p class=\"dist__Box-sc-1fnzlkn-0 dist__TextBase-sc-1fnzlkn-3 CGHCP htMUPQ article-text\">Durante uma entrevista coletiva na sexta-feira, a superintendente das escolas p\u00fablicas do Condado de Orange, Maria Vazquez, disse que o distrito est\u00e1 trabalhando com contratantes para finalizar as inspe\u00e7\u00f5es na Howard Middle School e na Luminary Middle School.<\/p>\n<p class=\"dist__Box-sc-1fnzlkn-0 dist__TextBase-sc-1fnzlkn-3 CGHCP htMUPQ article-text\">Ambos os campi enfrentaram atrasos na constru\u00e7\u00e3o ou reforma e, na manh\u00e3 de sexta-feira, <a href=\"https:\/\/www.clickorlando.com\/news\/local\/2024\/08\/07\/these-2-schools-in-orange-county-may-not-be-ready-for-students-on-the-first-day-of-classes\/\" target=\"_blank\" rel=\"noopener\">n\u00e3o tinha certificados de ocupa\u00e7\u00e3o<\/a>.<\/p>\n<p class=\"dist__Box-sc-1fnzlkn-0 dist__TextBase-sc-1fnzlkn-3 CGHCP htMUPQ article-text\">\u201cNem sempre \u00e9 f\u00e1cil preparar as escolas para a equipe e para os alunos\u201d, disse Vazquez. \u201cEstamos pousando no fato de que os alunos n\u00e3o come\u00e7ar\u00e3o a escola na segunda-feira se n\u00e3o pudermos receber o certificado de ocupa\u00e7\u00e3o.\u201d<\/p>\n<p class=\"dist__Box-sc-1fnzlkn-0 dist__TextBase-sc-1fnzlkn-3 CGHCP htMUPQ article-text\"><b>[EXCLUSIVE: <\/b><a href=\"https:\/\/www.clickorlando.com\/features\/2021\/07\/28\/heres-what-it-means-to-become-a-news-6-insider-its-cool-and-free\/\"><b>Become a News 6 Insider (it\u2019s FREE)<\/b><\/a><b> | PINIT! <\/b><a href=\"https:\/\/www.clickorlando.com\/news\/local\/2023\/04\/12\/changes-have-arrived-to-pinit-heres-what-you-need-to-know\/\"><b>Share your photos<\/b><\/a><b>]<\/b><\/p>\n<p class=\"dist__Box-sc-1fnzlkn-0 dist__TextBase-sc-1fnzlkn-3 CGHCP htMUPQ article-text\">Vazquez disse que os inspetores estiveram no local de cada escola esta semana e o distrito tem comunicado atualiza\u00e7\u00f5es di\u00e1rias aos pais.<\/p>\n<p class=\"dist__Box-sc-1fnzlkn-0 dist__TextBase-sc-1fnzlkn-3 CGHCP htMUPQ article-text\">\u201cNunca tivemos um corte t\u00e3o pr\u00f3ximo, nunca\u201d, disse Vazquez. \u201cQuero saber o que poder\u00edamos ter feito diferente para responsabilizar nossos contratados.\u201d<\/p>\n<p class=\"dist__Box-sc-1fnzlkn-0 dist__TextBase-sc-1fnzlkn-3 CGHCP htMUPQ article-text\">Outra preocupa\u00e7\u00e3o para o distrito tem sido a escassez de motoristas de \u00f4nibus. Com a necessidade de aproximadamente mais 100 motoristas, o OCPS disse que os motoristas atuais fariam viagens duplas.<\/p>\n<p class=\"dist__Box-sc-1fnzlkn-0 dist__TextBase-sc-1fnzlkn-3 CGHCP htMUPQ article-text\">\u201cPor favor, sejam pacientes conosco e, \u00e0 medida que descobrirmos quem realmente est\u00e1 participando, poderemos consolidar algumas dessas viagens\u201d, disse o diretor de transportes, Bill Wen.<\/p>\n<p class=\"dist__Box-sc-1fnzlkn-0 dist__TextBase-sc-1fnzlkn-3 CGHCP htMUPQ article-text\">Com as recentes mudan\u00e7as na lei estadual, o distrito tamb\u00e9m adotou novos procedimentos de seguran\u00e7a e prote\u00e7\u00e3o.<\/p>\n<p class=\"dist__Box-sc-1fnzlkn-0 dist__TextBase-sc-1fnzlkn-3 CGHCP htMUPQ article-text\">As medidas incluem:<\/p>\n<ul class=\"dist__Box-sc-1fnzlkn-0 hkSbnt font_openSans articleList\">\n<li class=\"dist__Box-sc-1fnzlkn-0 dist__StackBase-sc-1fnzlkn-7 kuCSlp dgEFEb\">\n<p><svg xmlns=\"http:\/\/www.w3.org\/2000\/svg\" width=\"6\" height=\"6\" viewbox=\"0 0 6 6\" fill=\"none\" style=\"transform:translateY(-3px);min-height:6px;min-width:6px\"><circle cx=\"3\" cy=\"3\" r=\"3\" fill=\"#212121\"\/><\/svg><span class=\"dist__Box-sc-1fnzlkn-0 dist__TextBase-sc-1fnzlkn-3 dqUGTw\">N\u00e3o deixar portas apoiadas ou abertas nas salas de aula.<\/span><\/p>\n<\/li>\n<li class=\"dist__Box-sc-1fnzlkn-0 dist__StackBase-sc-1fnzlkn-7 kuCSlp dgEFEb\">\n<p><svg xmlns=\"http:\/\/www.w3.org\/2000\/svg\" width=\"6\" height=\"6\" viewbox=\"0 0 6 6\" fill=\"none\" style=\"transform:translateY(-3px);min-height:6px;min-width:6px\"><circle cx=\"3\" cy=\"3\" r=\"3\" fill=\"#212121\"\/><\/svg><span class=\"dist__Box-sc-1fnzlkn-0 dist__TextBase-sc-1fnzlkn-3 dqUGTw\">Todos os port\u00f5es do per\u00edmetro devem ser fechados e trancados enquanto os alunos estiverem presentes no campus.<\/span><\/p>\n<\/li>\n<li class=\"dist__Box-sc-1fnzlkn-0 dist__StackBase-sc-1fnzlkn-7 kuCSlp dgEFEb\">\n<p><svg xmlns=\"http:\/\/www.w3.org\/2000\/svg\" width=\"6\" height=\"6\" viewbox=\"0 0 6 6\" fill=\"none\" style=\"transform:translateY(-3px);min-height:6px;min-width:6px\"><circle cx=\"3\" cy=\"3\" r=\"3\" fill=\"#212121\"\/><\/svg><span class=\"dist__Box-sc-1fnzlkn-0 dist__TextBase-sc-1fnzlkn-3 dqUGTw\">Todos os visitantes devem ter um documento de identifica\u00e7\u00e3o presente o tempo todo.<\/span><\/p>\n<\/li>\n<li class=\"dist__Box-sc-1fnzlkn-0 dist__StackBase-sc-1fnzlkn-7 kuCSlp dgEFEb\">\n<p><svg xmlns=\"http:\/\/www.w3.org\/2000\/svg\" width=\"6\" height=\"6\" viewbox=\"0 0 6 6\" fill=\"none\" style=\"transform:translateY(-3px);min-height:6px;min-width:6px\"><circle cx=\"3\" cy=\"3\" r=\"3\" fill=\"#212121\"\/><\/svg><span class=\"dist__Box-sc-1fnzlkn-0 dist__TextBase-sc-1fnzlkn-3 dqUGTw\">Todas as pessoas de fora, incluindo agentes da lei, que n\u00e3o estiverem no campus por quest\u00f5es relacionadas ao trabalho devem fazer o check-in na recep\u00e7\u00e3o.<\/span><\/p>\n<\/li>\n<\/ul>\n<hr class=\"dist__Box-sc-1fnzlkn-0 dist__BaseDivider-sc-1fnzlkn-8 NJMqq\"\/>\n<p class=\"dist__Box-sc-1fnzlkn-0 dist__TextBase-sc-1fnzlkn-3 CGHCP htMUPQ article-text\"><b>Receba as manchetes de hoje em minutos com <\/b><a href=\"https:\/\/podcasts.apple.com\/us\/podcast\/your-florida-daily\/id1632084191\"><b>Seu di\u00e1rio da Fl\u00f3rida<\/b><\/a><b>:<\/b><\/p>\n<\/div>\n<p>Copyright 2024 por WKMG ClickOrlando &#8211; Todos os direitos reservados.<\/p>\n<p><br \/>\n<br \/><a href=\"https:\/\/www.clickorlando.com\/news\/local\/2024\/08\/09\/orange-county-school-district-leaders-address-difficulties-heading-into-new-year-of-classes\/\">Source link <\/a><\/p>","protected":false},"excerpt":{"rendered":"<p>CONDADO DE ORANGE, Fl\u00f3rida. \u2013 Com os alunos indo de volta \u00e0 escola Na segunda-feira, no Condado de Orange, o distrito tamb\u00e9m enfrenta alguns desafios para come\u00e7ar o novo ano&hellip;<\/p>","protected":false},"author":1,"featured_media":20797,"comment_status":"closed","ping_status":"open","sticky":false,"template":"","format":"standard","meta":{"content-type":"","footnotes":""},"categories":[1],"tags":[1442,1515,1362,1739],"class_list":["post-20796","post","type-post","status-publish","format-standard","has-post-thumbnail","hentry","category-uncategorized","tag-condado-de-orange","tag-de-volta-a-escola","tag-educacao","tag-escolas"],"_links":{"self":[{"href":"https:\/\/tvbrazilusa.com\/pt\/wp-json\/wp\/v2\/posts\/20796","targetHints":{"allow":["GET"]}}],"collection":[{"href":"https:\/\/tvbrazilusa.com\/pt\/wp-json\/wp\/v2\/posts"}],"about":[{"href":"https:\/\/tvbrazilusa.com\/pt\/wp-json\/wp\/v2\/types\/post"}],"author":[{"embeddable":true,"href":"https:\/\/tvbrazilusa.com\/pt\/wp-json\/wp\/v2\/users\/1"}],"replies":[{"embeddable":true,"href":"https:\/\/tvbrazilusa.com\/pt\/wp-json\/wp\/v2\/comments?post=20796"}],"version-history":[{"count":1,"href":"https:\/\/tvbrazilusa.com\/pt\/wp-json\/wp\/v2\/posts\/20796\/revisions"}],"predecessor-version":[{"id":20798,"href":"https:\/\/tvbrazilusa.com\/pt\/wp-json\/wp\/v2\/posts\/20796\/revisions\/20798"}],"wp:featuredmedia":[{"embeddable":true,"href":"https:\/\/tvbrazilusa.com\/pt\/wp-json\/wp\/v2\/media\/20797"}],"wp:attachment":[{"href":"https:\/\/tvbrazilusa.com\/pt\/wp-json\/wp\/v2\/media?parent=20796"}],"wp:term":[{"taxonomy":"category","embeddable":true,"href":"https:\/\/tvbrazilusa.com\/pt\/wp-json\/wp\/v2\/categories?post=20796"},{"taxonomy":"post_tag","embeddable":true,"href":"https:\/\/tvbrazilusa.com\/pt\/wp-json\/wp\/v2\/tags?post=20796"}],"curies":[{"name":"wp","href":"https:\/\/api.w.org\/{rel}","templated":true}]}}