{"id":20846,"date":"2024-08-09T17:23:11","date_gmt":"2024-08-09T17:23:11","guid":{"rendered":"https:\/\/tvbrazilusa.com\/2024\/08\/09\/filha-de-silvio-santos-faz-revelacao-misteriosa-e-afirma-que-espirito-de-jorge-lafond-assombra-sbt\/"},"modified":"2024-08-09T17:33:49","modified_gmt":"2024-08-09T17:33:49","slug":"filha-de-silvio-santos-faz-revelacao-misteriosa-e-afirma-que-espirito-de-jorge-lafond-assombra-sbt","status":"publish","type":"post","link":"https:\/\/tvbrazilusa.com\/pt\/2024\/08\/09\/filha-de-silvio-santos-faz-revelacao-misteriosa-e-afirma-que-espirito-de-jorge-lafond-assombra-sbt\/","title":{"rendered":"Filha de Silvio Santos faz revela\u00e7\u00e3o misteriosa e afirma que esp\u00edrito de Jorge Lafond assombra SBT"},"content":{"rendered":"<p> <script async src=\"https:\/\/pagead2.googlesyndication.com\/pagead\/js\/adsbygoogle.js?client=ca-pub-8864793242727901\"\r\n     crossorigin=\"anonymous\"><\/script><br \/>\n<\/p>\n<div>\n<p>Silvia Abravanel, filha de Silvio Santos e apresentadora do programa \u201cS\u00e1bado Animado\u201d, trouxe \u00e0 tona uma hist\u00f3ria intrigante sobre os est\u00fadios do SBT. Segundo Silvia, alguns est\u00fadios da emissora, particularmente o est\u00fadio 6, s\u00e3o habitados por esp\u00edritos, incluindo o de Jorge Lafond, famoso por encarnar a personagem Vera Ver\u00e3o.<\/p>\n<p>Esta revela\u00e7\u00e3o pegou muitos de surpresa e gerou uma s\u00e9rie de debates sobre a exist\u00eancia de fen\u00f4menos paranormais nos est\u00fadios localizados na Rodovia Anhanguera, em Osasco (SP). Funcion\u00e1rios da emissora afirmam ter tido experi\u00eancias inexplic\u00e1veis e at\u00e9 arrepiantes nesses locais.<\/p>\n<figure class=\"wp-block-image size-large\"><picture decoding=\"async\" class=\"wp-image-170555\"><source type=\"image\/webp\" srcset=\"https:\/\/terrabrasilnoticias.com\/wp-content\/uploads\/2024\/08\/image-274-1024x631.png.webp 1024w, https:\/\/terrabrasilnoticias.com\/wp-content\/uploads\/2024\/08\/image-274-300x185.png.webp 300w, https:\/\/terrabrasilnoticias.com\/wp-content\/uploads\/2024\/08\/image-274-768x474.png.webp 768w, https:\/\/terrabrasilnoticias.com\/wp-content\/uploads\/2024\/08\/image-274-750x463.png.webp 750w, https:\/\/terrabrasilnoticias.com\/wp-content\/uploads\/2024\/08\/image-274-1140x703.png.webp 1140w, https:\/\/terrabrasilnoticias.com\/wp-content\/uploads\/2024\/08\/image-274.png.webp 1200w\" sizes=\"(max-width: 1024px) 100vw, 1024px\"\/><\/picture><figcaption class=\"wp-element-caption\">Foto: YouTube \/ SBT<\/figcaption><\/figure>\n<h2 class=\"wp-block-heading\">O Est\u00fadio do SBT \u00e9 Realmente Assombrado?<\/h2>\n<p>Em uma entrevista dada ao podcast <strong>Paranormal Experience<\/strong>, Silvia Abravanel detalhou um epis\u00f3dio que ocorreu no est\u00fadio 6 do SBT. Um pintor que fazia manuten\u00e7\u00e3o durante a madrugada relatou ter ouvido um ic\u00f4nico grito \u201cuepa!\u201d e avistado a figura de Jorge Lafond. Vale lembrar que Lafond faleceu em 2003, o que torna essa hist\u00f3ria ainda mais assustadora.<\/p>\n<p>Silvia contou que a cena foi t\u00e3o impactante que o pintor, em p\u00e2nico, pulou da escada e saiu correndo, n\u00e3o retornando ao est\u00fadio desde ent\u00e3o. Nos arquivos de fita, v\u00e1rias outras pessoas tamb\u00e9m alegam ouvir vozes e sons inexplic\u00e1veis durante a noite.<\/p>\n<h2 class=\"wp-block-heading\">Experi\u00eancia Sobrenatural de Silvia Abravanel<\/h2>\n<p>A pr\u00f3pria Silvia Abravanel relatou uma experi\u00eancia paranormal que vivenciou nos est\u00fadios do SBT. Enquanto trabalhava durante a madrugada com Adriane Galisteu, Silvia escutou algu\u00e9m chamando seu nome no est\u00fadio 5. Apesar da produ\u00e7\u00e3o garantir que n\u00e3o havia ningu\u00e9m por perto, Silvia estava certa do que ouviu.<\/p>\n<p>Esse epis\u00f3dio refor\u00e7a a cren\u00e7a de que algo de estranho pode realmente ocorrer nos est\u00fadios da emissora, alimentando ainda mais as hist\u00f3rias e misticismos que envolvem o local.<\/p>\n<h2 class=\"wp-block-heading\">Fatos Curiosos sobre Assombra\u00e7\u00f5es em Est\u00fadios de TV<\/h2>\n<p>N\u00e3o \u00e9 a primeira vez que est\u00fadios de televis\u00e3o s\u00e3o alvo de relatos sobrenaturais. Alguns dos elementos mais comuns nesses tipos de hist\u00f3rias incluem:<\/p>\n<ul class=\"wp-block-list\">\n<li><strong>Vozes Desincorporadas:<\/strong> Chamados e conversas ouvidos quando ningu\u00e9m est\u00e1 por perto.<\/li>\n<li><strong>Apari\u00e7\u00f5es:<\/strong> Ver figuras ou sombras onde n\u00e3o deveria haver ningu\u00e9m.<\/li>\n<li><strong>Sons Misteriosos:<\/strong> Muitos relatam ouvir passos, portas batendo, ou gritos sem explica\u00e7\u00e3o.<\/li>\n<\/ul>\n<p>Esses relatos s\u00e3o frequentemente atribu\u00eddos a antigos funcion\u00e1rios ou atores que tiveram uma liga\u00e7\u00e3o forte com o local.<\/p>\n<\/p><\/div>\n<p><br \/>\n<br \/><a href=\"https:\/\/terrabrasilnoticias.com\/2024\/08\/filha-de-silvio-santos-faz-revelacao-misteriosa-e-afirma-que-espirito-de-jorge-lafond-assombra-sbt\/\">Source link <\/a><\/p>","protected":false},"excerpt":{"rendered":"<p>Silvia Abravanel, filha de Silvio Santos e apresentadora do programa \u201cS\u00e1bado Animado\u201d, trouxe \u00e0 tona uma hist\u00f3ria intrigante sobre os est\u00fadios do SBT. Segundo Silvia, alguns est\u00fadios da emissora, particularmente&hellip;<\/p>","protected":false},"author":1,"featured_media":20847,"comment_status":"closed","ping_status":"open","sticky":false,"template":"","format":"standard","meta":{"content-type":"","footnotes":""},"categories":[16],"tags":[],"class_list":["post-20846","post","type-post","status-publish","format-standard","has-post-thumbnail","hentry","category-noticias"],"_links":{"self":[{"href":"https:\/\/tvbrazilusa.com\/pt\/wp-json\/wp\/v2\/posts\/20846","targetHints":{"allow":["GET"]}}],"collection":[{"href":"https:\/\/tvbrazilusa.com\/pt\/wp-json\/wp\/v2\/posts"}],"about":[{"href":"https:\/\/tvbrazilusa.com\/pt\/wp-json\/wp\/v2\/types\/post"}],"author":[{"embeddable":true,"href":"https:\/\/tvbrazilusa.com\/pt\/wp-json\/wp\/v2\/users\/1"}],"replies":[{"embeddable":true,"href":"https:\/\/tvbrazilusa.com\/pt\/wp-json\/wp\/v2\/comments?post=20846"}],"version-history":[{"count":1,"href":"https:\/\/tvbrazilusa.com\/pt\/wp-json\/wp\/v2\/posts\/20846\/revisions"}],"predecessor-version":[{"id":20848,"href":"https:\/\/tvbrazilusa.com\/pt\/wp-json\/wp\/v2\/posts\/20846\/revisions\/20848"}],"wp:featuredmedia":[{"embeddable":true,"href":"https:\/\/tvbrazilusa.com\/pt\/wp-json\/wp\/v2\/media\/20847"}],"wp:attachment":[{"href":"https:\/\/tvbrazilusa.com\/pt\/wp-json\/wp\/v2\/media?parent=20846"}],"wp:term":[{"taxonomy":"category","embeddable":true,"href":"https:\/\/tvbrazilusa.com\/pt\/wp-json\/wp\/v2\/categories?post=20846"},{"taxonomy":"post_tag","embeddable":true,"href":"https:\/\/tvbrazilusa.com\/pt\/wp-json\/wp\/v2\/tags?post=20846"}],"curies":[{"name":"wp","href":"https:\/\/api.w.org\/{rel}","templated":true}]}}