{"id":20869,"date":"2024-08-09T17:53:27","date_gmt":"2024-08-09T17:53:27","guid":{"rendered":"https:\/\/tvbrazilusa.com\/2024\/08\/09\/aviao-com-62-pessoas-a-bordo-cai-em-destrocos-de-fogo-no-estado-de-sao-paulo-brasil-wsvn-7news-noticias-de-miami-clima-esportes-fort-lauderdale\/"},"modified":"2024-08-09T18:02:29","modified_gmt":"2024-08-09T18:02:29","slug":"aviao-com-62-pessoas-a-bordo-cai-em-destrocos-de-fogo-no-estado-de-sao-paulo-brasil-wsvn-7news-noticias-de-miami-clima-esportes-fort-lauderdale","status":"publish","type":"post","link":"https:\/\/tvbrazilusa.com\/pt\/2024\/08\/09\/aviao-com-62-pessoas-a-bordo-cai-em-destrocos-de-fogo-no-estado-de-sao-paulo-brasil-wsvn-7news-noticias-de-miami-clima-esportes-fort-lauderdale\/","title":{"rendered":"Avi\u00e3o com 62 pessoas a bordo cai em destro\u00e7os de fogo no estado de S\u00e3o Paulo, Brasil &#8211; WSVN 7News | Not\u00edcias de Miami, Clima, Esportes | Fort Lauderdale"},"content":{"rendered":"<p> <script async src=\"https:\/\/pagead2.googlesyndication.com\/pagead\/js\/adsbygoogle.js?client=ca-pub-8864793242727901\"\r\n     crossorigin=\"anonymous\"><\/script><br \/>\n<\/p>\n<div itemprop=\"articleBody\">\n<p>S\u00c3O PAULO (AP) \u2014 Um avi\u00e3o com 62 pessoas a bordo caiu em chamas em uma \u00e1rea residencial de uma cidade no estado de S\u00e3o Paulo, no Brasil, na sexta-feira, informou a companhia a\u00e9rea, mas n\u00e3o ficou imediatamente claro quantas pessoas ficaram feridas ou mortas.<\/p>\n<p>A companhia a\u00e9rea VoePass confirmou em nota que um avi\u00e3o com destino ao aeroporto internacional de Guarulhos, em S\u00e3o Paulo, caiu com 58 passageiros e 4 tripulantes a bordo. A nota n\u00e3o informou o que causou o acidente.<\/p>\n<p>Os bombeiros confirmaram que o avi\u00e3o caiu na cidade de Vinhedo, mas n\u00e3o deram mais detalhes. O corpo de bombeiros estava enviando equipes para o local do acidente.<\/p>\n<p>A rede de televis\u00e3o brasileira GloboNews mostrou imagens de uma grande \u00e1rea em chamas e fuma\u00e7a saindo de uma aparente fuselagem de avi\u00e3o em uma \u00e1rea residencial cheia de casas. Imagens adicionais na GloboNews mostraram um avi\u00e3o descendo verticalmente, em espiral enquanto ca\u00eda.<\/p>\n<p>Em um evento no sul do Brasil, o presidente Luiz In\u00e1cio Lula da Silva pediu que a multid\u00e3o ficasse de p\u00e9 e observasse um minuto de sil\u00eancio.<\/p>\n<p><em>Copyright 2024 The Associated Press. Todos os direitos reservados. Este material n\u00e3o pode ser publicado, transmitido, reescrito ou redistribu\u00eddo.<\/em><\/p>\n<div class=\"wp-block-newsletter\">\n\t<strong class=\"wp-block-newsletter__title\">Inscreva-se em nossa Newsletter para receber as \u00faltimas not\u00edcias diretamente na sua caixa de entrada<\/strong><\/p>\n<\/div><\/div>\n<p><br \/>\n<br \/><a href=\"https:\/\/wsvn.com\/news\/us-world\/plane-with-62-people-aboard-crashes-in-fiery-wreck-in-brazils-sao-paulo-state\/\">Source link <\/a><\/p>","protected":false},"excerpt":{"rendered":"<p>S\u00c3O PAULO (AP) \u2014 Um avi\u00e3o com 62 pessoas a bordo caiu em chamas em uma \u00e1rea residencial de uma cidade no estado de S\u00e3o Paulo, no Brasil, na sexta-feira,&hellip;<\/p>","protected":false},"author":1,"featured_media":20870,"comment_status":"closed","ping_status":"open","sticky":false,"template":"","format":"standard","meta":{"content-type":"","footnotes":""},"categories":[1],"tags":[],"class_list":["post-20869","post","type-post","status-publish","format-standard","has-post-thumbnail","hentry","category-uncategorized"],"_links":{"self":[{"href":"https:\/\/tvbrazilusa.com\/pt\/wp-json\/wp\/v2\/posts\/20869","targetHints":{"allow":["GET"]}}],"collection":[{"href":"https:\/\/tvbrazilusa.com\/pt\/wp-json\/wp\/v2\/posts"}],"about":[{"href":"https:\/\/tvbrazilusa.com\/pt\/wp-json\/wp\/v2\/types\/post"}],"author":[{"embeddable":true,"href":"https:\/\/tvbrazilusa.com\/pt\/wp-json\/wp\/v2\/users\/1"}],"replies":[{"embeddable":true,"href":"https:\/\/tvbrazilusa.com\/pt\/wp-json\/wp\/v2\/comments?post=20869"}],"version-history":[{"count":1,"href":"https:\/\/tvbrazilusa.com\/pt\/wp-json\/wp\/v2\/posts\/20869\/revisions"}],"predecessor-version":[{"id":20871,"href":"https:\/\/tvbrazilusa.com\/pt\/wp-json\/wp\/v2\/posts\/20869\/revisions\/20871"}],"wp:featuredmedia":[{"embeddable":true,"href":"https:\/\/tvbrazilusa.com\/pt\/wp-json\/wp\/v2\/media\/20870"}],"wp:attachment":[{"href":"https:\/\/tvbrazilusa.com\/pt\/wp-json\/wp\/v2\/media?parent=20869"}],"wp:term":[{"taxonomy":"category","embeddable":true,"href":"https:\/\/tvbrazilusa.com\/pt\/wp-json\/wp\/v2\/categories?post=20869"},{"taxonomy":"post_tag","embeddable":true,"href":"https:\/\/tvbrazilusa.com\/pt\/wp-json\/wp\/v2\/tags?post=20869"}],"curies":[{"name":"wp","href":"https:\/\/api.w.org\/{rel}","templated":true}]}}