{"id":20880,"date":"2024-08-09T18:07:57","date_gmt":"2024-08-09T18:07:57","guid":{"rendered":"https:\/\/tvbrazilusa.com\/2024\/08\/09\/trump-harris-e-trabalhadores-do-condado-de-hudson-carta\/"},"modified":"2024-08-09T18:21:28","modified_gmt":"2024-08-09T18:21:28","slug":"trump-harris-e-trabalhadores-do-condado-de-hudson-carta","status":"publish","type":"post","link":"https:\/\/tvbrazilusa.com\/pt\/2024\/08\/09\/trump-harris-e-trabalhadores-do-condado-de-hudson-carta\/","title":{"rendered":"Trump, Harris e trabalhadores do Condado de Hudson | Carta"},"content":{"rendered":"<script async src=\"https:\/\/pagead2.googlesyndication.com\/pagead\/js\/adsbygoogle.js?client=ca-pub-8864793242727901\"\r\n     crossorigin=\"anonymous\"><\/script>\n<div>\n<p class=\"article__paragraph article__paragraph--left\" id=\"MEVMK4PNI5GKPCAUDKD4QHGZLA\">Os programas de Donald Trump prejudicar\u00e3o os trabalhadores do Condado de Hudson.<\/p>\n<p class=\"article__paragraph article__paragraph--left\" id=\"WP5UJE4F2FA5HPLDODOQTJHAOQ\">Em janeiro de 2023, 16,1% dos trabalhadores assalariados em Nova Jersey eram membros de sindicatos. Isso \u00e9 maior do que a m\u00e9dia nacional de 10%, e na \u00e1rea metropolitana de Jersey City-Newark-Nova York, a for\u00e7a de trabalho \u00e9 18,1% sindicalizada. <\/p>\n<\/div>\n<p><br \/>\n<br \/><a href=\"https:\/\/www.nj.com\/opinion\/2024\/08\/trump-harris-and-workers-in-hudson-county-letter.html\">Source link <\/a><\/p>","protected":false},"excerpt":{"rendered":"<p>Os programas de Donald Trump prejudicar\u00e3o os trabalhadores do Condado de Hudson. Em janeiro de 2023, 16,1% dos trabalhadores assalariados em Nova Jersey eram membros de sindicatos. Isso \u00e9 maior&hellip;<\/p>","protected":false},"author":1,"featured_media":20881,"comment_status":"closed","ping_status":"open","sticky":false,"template":"","format":"standard","meta":{"content-type":"","footnotes":""},"categories":[1],"tags":[],"class_list":["post-20880","post","type-post","status-publish","format-standard","has-post-thumbnail","hentry","category-uncategorized"],"_links":{"self":[{"href":"https:\/\/tvbrazilusa.com\/pt\/wp-json\/wp\/v2\/posts\/20880","targetHints":{"allow":["GET"]}}],"collection":[{"href":"https:\/\/tvbrazilusa.com\/pt\/wp-json\/wp\/v2\/posts"}],"about":[{"href":"https:\/\/tvbrazilusa.com\/pt\/wp-json\/wp\/v2\/types\/post"}],"author":[{"embeddable":true,"href":"https:\/\/tvbrazilusa.com\/pt\/wp-json\/wp\/v2\/users\/1"}],"replies":[{"embeddable":true,"href":"https:\/\/tvbrazilusa.com\/pt\/wp-json\/wp\/v2\/comments?post=20880"}],"version-history":[{"count":1,"href":"https:\/\/tvbrazilusa.com\/pt\/wp-json\/wp\/v2\/posts\/20880\/revisions"}],"predecessor-version":[{"id":20882,"href":"https:\/\/tvbrazilusa.com\/pt\/wp-json\/wp\/v2\/posts\/20880\/revisions\/20882"}],"wp:featuredmedia":[{"embeddable":true,"href":"https:\/\/tvbrazilusa.com\/pt\/wp-json\/wp\/v2\/media\/20881"}],"wp:attachment":[{"href":"https:\/\/tvbrazilusa.com\/pt\/wp-json\/wp\/v2\/media?parent=20880"}],"wp:term":[{"taxonomy":"category","embeddable":true,"href":"https:\/\/tvbrazilusa.com\/pt\/wp-json\/wp\/v2\/categories?post=20880"},{"taxonomy":"post_tag","embeddable":true,"href":"https:\/\/tvbrazilusa.com\/pt\/wp-json\/wp\/v2\/tags?post=20880"}],"curies":[{"name":"wp","href":"https:\/\/api.w.org\/{rel}","templated":true}]}}