{"id":20895,"date":"2024-08-09T18:27:19","date_gmt":"2024-08-09T18:27:19","guid":{"rendered":"https:\/\/tvbrazilusa.com\/2024\/08\/09\/video-aviao-com-62-pessoas-a-bordo-cai-em-chamas-no-estado-de-sao-paulo\/"},"modified":"2024-08-09T18:41:50","modified_gmt":"2024-08-09T18:41:50","slug":"video-aviao-com-62-pessoas-a-bordo-cai-em-chamas-no-estado-de-sao-paulo","status":"publish","type":"post","link":"https:\/\/tvbrazilusa.com\/pt\/2024\/08\/09\/video-aviao-com-62-pessoas-a-bordo-cai-em-chamas-no-estado-de-sao-paulo\/","title":{"rendered":"V\u00cdDEO: Avi\u00e3o com 62 pessoas a bordo cai em chamas no estado de S\u00e3o Paulo"},"content":{"rendered":"<p> <script async src=\"https:\/\/pagead2.googlesyndication.com\/pagead\/js\/adsbygoogle.js?client=ca-pub-8864793242727901\"\r\n     crossorigin=\"anonymous\"><\/script><br \/>\n<\/p>\n<div id=\"\">\n<p class=\"dist__Box-sc-1fnzlkn-0 dist__TextBase-sc-1fnzlkn-3 CGHCP htMUPQ article-text\"><strong>S\u00c3O PAULO<\/strong> \u2013 Um avi\u00e3o com 62 pessoas a bordo caiu em chamas em uma \u00e1rea residencial de uma cidade no estado de S\u00e3o Paulo, no Brasil, na sexta-feira, informou a companhia a\u00e9rea, mas n\u00e3o ficou imediatamente claro quantas pessoas ficaram feridas ou mortas.<\/p>\n<p class=\"dist__Box-sc-1fnzlkn-0 dist__TextBase-sc-1fnzlkn-3 CGHCP htMUPQ article-text\">A companhia a\u00e9rea VoePass confirmou em nota que um avi\u00e3o com destino ao aeroporto internacional de Guarulhos, em S\u00e3o Paulo, caiu na cidade de Vinhedo com 58 passageiros e 4 tripulantes a bordo. A nota n\u00e3o informou o que causou o acidente.<\/p>\n<p class=\"dist__Box-sc-1fnzlkn-0 dist__TextBase-sc-1fnzlkn-3 CGHCP htMUPQ article-text\">Em um evento no sul do Brasil, o presidente Luiz In\u00e1cio Lula da Silva pediu \u00e0 multid\u00e3o que ficasse de p\u00e9 e observasse um minuto de sil\u00eancio enquanto ele compartilhava a not\u00edcia. Ele disse que parecia que todos os passageiros e tripulantes a bordo tinham morrido, sem elaborar como essa informa\u00e7\u00e3o tinha sido obtida.<\/p>\n<p class=\"dist__Box-sc-1fnzlkn-0 dist__TextBase-sc-1fnzlkn-3 CGHCP htMUPQ article-text\">Bombeiros, Pol\u00edcia Militar e Defesa Civil enviaram equipes ao local do acidente, em Vinhedo.<\/p>\n<p class=\"dist__Box-sc-1fnzlkn-0 dist__TextBase-sc-1fnzlkn-3 CGHCP htMUPQ article-text\">A rede de televis\u00e3o brasileira GloboNews mostrou imagens de uma grande \u00e1rea em chamas e fuma\u00e7a saindo de uma aparente fuselagem de avi\u00e3o em uma \u00e1rea residencial cheia de casas. Imagens adicionais na GloboNews mostraram um avi\u00e3o descendo verticalmente, em espiral enquanto ca\u00eda.<\/p>\n<\/div>\n<p>Copyright 2024 The Associated Press. Todos os direitos reservados. Este material n\u00e3o pode ser publicado, transmitido, reescrito ou redistribu\u00eddo sem permiss\u00e3o.<\/p>\n<p><br \/>\n<br \/><a href=\"https:\/\/www.clickorlando.com\/news\/2024\/08\/09\/plane-with-62-people-on-board-crashes-in-fiery-wreck-in-brazils-sao-paulo-state\/\">Source link <\/a><\/p>","protected":false},"excerpt":{"rendered":"<p>S\u00c3O PAULO \u2013 Um avi\u00e3o com 62 pessoas a bordo caiu em chamas em uma \u00e1rea residencial de uma cidade no estado de S\u00e3o Paulo, no Brasil, na sexta-feira, informou&hellip;<\/p>","protected":false},"author":1,"featured_media":20896,"comment_status":"closed","ping_status":"open","sticky":false,"template":"","format":"standard","meta":{"content-type":"","footnotes":""},"categories":[1],"tags":[123,1419],"class_list":["post-20895","post","type-post","status-publish","format-standard","has-post-thumbnail","hentry","category-uncategorized","tag-brasil","tag-noticias-do-mundo"],"_links":{"self":[{"href":"https:\/\/tvbrazilusa.com\/pt\/wp-json\/wp\/v2\/posts\/20895","targetHints":{"allow":["GET"]}}],"collection":[{"href":"https:\/\/tvbrazilusa.com\/pt\/wp-json\/wp\/v2\/posts"}],"about":[{"href":"https:\/\/tvbrazilusa.com\/pt\/wp-json\/wp\/v2\/types\/post"}],"author":[{"embeddable":true,"href":"https:\/\/tvbrazilusa.com\/pt\/wp-json\/wp\/v2\/users\/1"}],"replies":[{"embeddable":true,"href":"https:\/\/tvbrazilusa.com\/pt\/wp-json\/wp\/v2\/comments?post=20895"}],"version-history":[{"count":1,"href":"https:\/\/tvbrazilusa.com\/pt\/wp-json\/wp\/v2\/posts\/20895\/revisions"}],"predecessor-version":[{"id":20897,"href":"https:\/\/tvbrazilusa.com\/pt\/wp-json\/wp\/v2\/posts\/20895\/revisions\/20897"}],"wp:featuredmedia":[{"embeddable":true,"href":"https:\/\/tvbrazilusa.com\/pt\/wp-json\/wp\/v2\/media\/20896"}],"wp:attachment":[{"href":"https:\/\/tvbrazilusa.com\/pt\/wp-json\/wp\/v2\/media?parent=20895"}],"wp:term":[{"taxonomy":"category","embeddable":true,"href":"https:\/\/tvbrazilusa.com\/pt\/wp-json\/wp\/v2\/categories?post=20895"},{"taxonomy":"post_tag","embeddable":true,"href":"https:\/\/tvbrazilusa.com\/pt\/wp-json\/wp\/v2\/tags?post=20895"}],"curies":[{"name":"wp","href":"https:\/\/api.w.org\/{rel}","templated":true}]}}