{"id":20901,"date":"2024-08-09T18:38:15","date_gmt":"2024-08-09T18:38:15","guid":{"rendered":"https:\/\/tvbrazilusa.com\/2024\/08\/09\/o-que-brad-stevens-disse-sobre-as-saidas-de-jayson-tatum-do-banco-e-a-rejeicao-de-jaylen-brown-pela-selecao-dos-eua\/"},"modified":"2024-08-09T18:45:02","modified_gmt":"2024-08-09T18:45:02","slug":"o-que-brad-stevens-disse-sobre-as-saidas-de-jayson-tatum-do-banco-e-a-rejeicao-de-jaylen-brown-pela-selecao-dos-eua","status":"publish","type":"post","link":"https:\/\/tvbrazilusa.com\/pt\/2024\/08\/09\/o-que-brad-stevens-disse-sobre-as-saidas-de-jayson-tatum-do-banco-e-a-rejeicao-de-jaylen-brown-pela-selecao-dos-eua\/","title":{"rendered":"O que Brad Stevens disse sobre as sa\u00eddas de Jayson Tatum do banco e a rejei\u00e7\u00e3o de Jaylen Brown pela Sele\u00e7\u00e3o dos EUA"},"content":{"rendered":"<p> <script async src=\"https:\/\/pagead2.googlesyndication.com\/pagead\/js\/adsbygoogle.js?client=ca-pub-8864793242727901\"\r\n     crossorigin=\"anonymous\"><\/script><br \/>\n<\/p>\n<div id=\"\">\n<header class=\"m-article-header m-article-header--standard\">\n\t\t\t\t\t\t\t\t\t\t\t\t<span id=\"article-header-primary-term\"><br \/>\n\t\t\t\t\t\t\t\t<a class=\"a-term a-term--primary\" href=\"https:\/\/www.boston.com\/tag\/boston-celtics\/\"><\/p>\n<p>\t\t\t\t\t\t\t\tCeltas\t\t\t\t\t\t\t\t<\/a><br \/>\n\t\t\t\t\t\t\t<\/span><\/p>\n<h2 class=\"m-article-header__sub-headline\">&#8220;E isso provavelmente adicionar\u00e1 mais combust\u00edvel ao seu fogo&#8221;, disse Stevens sobre Brown. &#8220;Mas ele n\u00e3o precisa de muito combust\u00edvel adicionado. Ele o encontra.&#8221;<\/h2>\n<figure class=\"a-photo m-article-header__photo\"><figcaption class=\"a-photo__caption\">\n<p>\tBrad Stevens levou o Celtics a um t\u00edtulo em sua terceira temporada como presidente de opera\u00e7\u00f5es de basquete.<em> <\/em>\t<\/figcaption><\/figure>\n<\/header>\n<div class=\"m-block t-amp__list-container m-article-list-container  m-article-list-container--frame-border a-border-frame  a-list-header__headline--red m-article-list--alternative--default  m-article-list--floated\">\n<ul class=\"t-amp__list a-list--no-style m-article-list m-article-list--recirculation m-article-list--has-images\">\n<li class=\"m-article-list__item m-article-list__item--featured\">\n\t\t\t\t<a class=\"m-article-list__link-wrapper\" href=\"https:\/\/www.boston.com\/sports\/boston-celtics\/2024\/08\/09\/jayson-tatum-olympics-steve-kerr-team-usa\/\" data-p1=\"article_recirc_inline_feature\"><br \/>\n\t\t\t\t<img fetchpriority=\"high\" decoding=\"async\" width=\"768\" height=\"432\" src=\"https:\/\/bdc2020.o0bc.com\/wp-content\/uploads\/2024\/08\/Jayson-Tatum-Olympics-Steve-Kerr-Comments-66b6433a5161e-768x432.jpg\" class=\"t-amp__list-image m-article-list__image m-article-list__image--full\" alt=\"Jayson Tatum Olimp\u00edadas Steve Kerr\" aria-hidden=\"true\" srcset=\"https:\/\/bdc2020.o0bc.com\/wp-content\/uploads\/2024\/08\/Jayson-Tatum-Olympics-Steve-Kerr-Comments-66b6433a5161e-768x432.jpg?width=200 200w, https:\/\/bdc2020.o0bc.com\/wp-content\/uploads\/2024\/08\/Jayson-Tatum-Olympics-Steve-Kerr-Comments-66b6433a5161e-768x432.jpg?width=300 300w, https:\/\/bdc2020.o0bc.com\/wp-content\/uploads\/2024\/08\/Jayson-Tatum-Olympics-Steve-Kerr-Comments-66b6433a5161e-768x432.jpg?width=400 400w, https:\/\/bdc2020.o0bc.com\/wp-content\/uploads\/2024\/08\/Jayson-Tatum-Olympics-Steve-Kerr-Comments-66b6433a5161e-768x432.jpg?width=500 500w, https:\/\/bdc2020.o0bc.com\/wp-content\/uploads\/2024\/08\/Jayson-Tatum-Olympics-Steve-Kerr-Comments-66b6433a5161e-768x432.jpg?width=600 600w, https:\/\/bdc2020.o0bc.com\/wp-content\/uploads\/2024\/08\/Jayson-Tatum-Olympics-Steve-Kerr-Comments-66b6433a5161e-768x432.jpg?width=700 700w, https:\/\/bdc2020.o0bc.com\/wp-content\/uploads\/2024\/08\/Jayson-Tatum-Olympics-Steve-Kerr-Comments-66b6433a5161e-768x432.jpg?width=800 800w, https:\/\/bdc2020.o0bc.com\/wp-content\/uploads\/2024\/08\/Jayson-Tatum-Olympics-Steve-Kerr-Comments-66b6433a5161e-768x432.jpg?width=900 900w\" sizes=\"(max-width: 768px) 100vw, 768px\"\/>\t\t\t\t\t<\/p>\n<p><h4 class=\"m-article-list__headline t-amp__list-headline\">\n\t\t\t\t\t\t\t<span class=\"m-article-list__link a-link a-link--inline a-link--text-link a-link--text-link-dark\"><\/p>\n<p>\t\t\t\t\t\t\tAqui est\u00e1 o que Steve Kerr disse sobre a falta de tempo de jogo de Jayson Tatum na vit\u00f3ria do Time EUA contra a S\u00e9rvia\t\t\t\t\t\t\t<\/span><br \/>\n\t\t\t\t\t\t<\/h4>\n<\/p>\n<p>\t\t\t\t<\/a>\n\t\t\t<\/li>\n<li class=\"m-article-list__item\">\n\t\t\t\t\t\t<a class=\"m-article-list__link-wrapper\" href=\"https:\/\/www.boston.com\/sports\/boston-celtics\/2024\/08\/09\/boston-celtics-guerschon-yabusele-france-2024-summer-olympics\/\" data-p1=\"article_recirc_inline_feed\"><\/p>\n<p><h4 class=\"m-article-list__headline\">\n\t\t\t\t\t\t\t\t\t<span class=\"m-article-list__link a-link a-link--inline a-link--text-link a-link--text-link-dark\"><\/p>\n<p>\t\t\t\t\t\t\t\t\tGuerschon Yabusele brinca que o Celtics deveria &#8220;me trazer de volta&#8221; em meio aos hero\u00edsmos ol\u00edmpicos \t\t\t\t\t\t\t\t\t<\/span><br \/>\n\t\t\t\t\t\t\t\t<\/h4>\n<\/p>\n<p>\t\t\t\t\t\t<\/a>\n\t\t\t\t\t<\/li>\n<\/ul>\n<\/div>\n<p><a href=\"https:\/\/www.bostonglobe.com\/2024\/08\/09\/sports\/olympics-bob-cousy-jayson-tatum-steve-kerr\/\">Durante uma entrevista recente com Adam Himmelsbach do The Globe,<\/a> Brad Stevens disse que seu papel quando se trata de controv\u00e9rsias relacionadas ao Celtics com a USA Basketball \u00e9 dizer \u00e0s pessoas o qu\u00e3o bons seus jogadores s\u00e3o e ficar fora do caminho. <\/p>\n<p>Mas pode ser dif\u00edcil demonstrar grandeza quando <a href=\"https:\/\/www.boston.com\/sports\/boston-celtics\/2024\/08\/09\/jayson-tatum-olympics-steve-kerr-team-usa\/\">uma estrela do Celtics foi colocada no banco duas vezes<\/a> e o outro foi deixado de fora do time. <\/p>\n<p>Himmelsbach perguntou a Stevens se ele tinha algum conselho para Jayson Tatum, que n\u00e3o jogou um \u00fanico minuto na vit\u00f3ria da equipe dos EUA sobre a S\u00e9rvia na semifinal no in\u00edcio desta semana. <\/p>\n<p>\u201c\u00c9 dif\u00edcil n\u00e3o jogar, e imagino que seja exponencialmente mais dif\u00edcil quando voc\u00ea \u00e9 um dos melhores jogadores do mundo\u201d, disse Stevens. \u201cMas quando conversamos, ele estava totalmente focado no time. Esta \u00e9 uma oportunidade \u00fanica de ganhar uma medalha de ouro nas Olimp\u00edadas. Ele est\u00e1 sempre pronto. O jogo do campeonato [against France Saturday] ser\u00e1 um \u00f3timo ambiente de estrada, e ele brilha nessas situa\u00e7\u00f5es.\u201d<\/p>\n<p>Stevens n\u00e3o disse se havia falado com Brown sobre ser deixado de fora do time. Ele disse que acredita que Brown, que \u00e9 o atual MVP das Finais da NBA, merece uma vaga. <\/p>\n<p>\u201cAcho que Jaylen poderia estar em qualquer equipe ol\u00edmpica em qualquer ano\u201d, disse Stevens. \u201cEle poderia ser uma parte destacada dessas equipes. Eu vi [USA Basketball director Grant Hill] disse que adoraria sentar e conversar com ele sobre fazer parte desse grupo em 28, seja l\u00e1 o que for.\u201d<\/p>\n<p>\u201cMas eu acho que Jaylen \u00e9 um dos melhores jogadores do mundo\u201d, Stevens acrescentou. \u201cE uma das melhores coisas sobre Jaylen \u00e9 que, se ele receber a liga\u00e7\u00e3o e entrar para o time ou n\u00e3o, ele vai usar isso como motiva\u00e7\u00e3o para melhorar. Ent\u00e3o eu sei que ele est\u00e1 trabalhando e est\u00e1 animado para melhorar.\u201d<\/p>\n<p>Brown conquistou os pr\u00eamios de MVP da Confer\u00eancia Leste e das Finais da NBA na \u00faltima p\u00f3s-temporada, enquanto liderava os Celtics para seu recorde de 18\u00ba t\u00edtulo. Ele elevou seu jogo significativamente na \u00faltima offseason. Stevens n\u00e3o espera menos desta vez. <\/p>\n<p>\u201cAcho que ele realmente abra\u00e7ar\u00e1 os desafios que v\u00eam com a vit\u00f3ria do ano passado. \u00c9 quem ele sempre foi\u201d, disse Stevens. \u201cE isso provavelmente adicionar\u00e1 mais combust\u00edvel ao seu fogo. Mas ele n\u00e3o precisa de muito combust\u00edvel adicionado. Ele encontra.\u201d<\/p>\n<div class=\"m-block m-generic-cta\t m-generic-cta--post-content\t m-generic-cta--dark\t m-generic-cta--homepage\t m-generic-cta--email-signup\t\t m-generic-cta-block-style--default \tt-amp__generic-cta\"><\/p>\n<div class=\"m-generic-cta__wrap\">\n<div class=\"m-generic-cta__content\">\n<h3 class=\"m-generic-cta__title\">Inscreva-se para receber atualiza\u00e7\u00f5es do Celtics\ud83c\udfc0<\/h3>\n<p class=\"m-generic-cta__subtitle\">Receba not\u00edcias de \u00faltima hora e an\u00e1lises na sua caixa de entrada durante a temporada de basquete.<\/p>\n<\/p><\/div>\n<\/p><\/div>\n<\/div><\/div>\n<p><script>\n\t\tvar consent=\"grant\";\n\t\t\/* The above code is parsing the JSON data from the local storage and storing it in a variable. *\/\n\t\t\t\t\tconst onetrustStorageConsent = JSON.parse(localStorage.getItem( 'consent_one_trust_bdc' ) );\n\t\t\tif ( ( onetrustStorageConsent !== null ) ) {\n\t\t\t\t\/* Checking to see if the user has consented to the use of cookies.\n\t\t\t\t* If they have not, it is deleting the cookie.\n\t\t\t\t* This will comment for now, until further notice.\n\t\t\t\t*\/\n\t\t\t\t\/\/if ( onetrustStorageConsent.C0002 === false ) {\n\t\t\t\t\/\/\tdocument.cookie=\"_fbp=;expires=Thu, 01 Jan 2010 00:00:00 UTC; path=\/; domain=.boston.com\";\n\t\t\t\t\/\/}\n\t\t\t\t\/* Checking if the user has given consent for the cookie C0002.\n\t\t\t\t* If the user has given consent, the variable consent will be set to 'grant'.\n\t\t\t\t* If the user has not given consent,the variable consent will be set to 'revoke'.\n\t\t\t\t* Documentation https:\/\/developers.facebook.com\/docs\/meta-pixel\/implementation\/gdpr\n\t\t\t\t*\/\n\t\t\t\tif ( onetrustStorageConsent.C0002 !== true ) {\n\t\t\t\t\tconsent=\"revoke\";\n\t\t\t\t}\n\t\t\t}\n\t\t\t\t!function(f,b,e,v,n,t,s)\n\t\t{if(f.fbq)return;n=f.fbq=function(){n.callMethod?\n\t\tn.callMethod.apply(n,arguments):n.queue.push(arguments)};\n\t\tif(!f._fbq)f._fbq=n;n.push=n;n.loaded=!0;n.version='2.0';\n\t\tn.queue=[];t=b.createElement(e);t.async=!0;\n\t\tt.src=v;s=b.getElementsByTagName(e)[0];\n\t\ts.parentNode.insertBefore(t,s)}(window, document,'script',\n\t\t'https:\/\/connect.facebook.net\/en_US\/fbevents.js');\n\t\tfbq('consent', consent);\n\t\tfbq('init', '989222871864976');\n\t\tfbq('track', 'PageView');\n\t<\/script><script type=\"module\">\n\t\tvar consent=\"grant\";\n\t\t\/* The above code is parsing the JSON data from the local storage and storing it in a variable. *\/\n\t\t\tconst onetrustStorageConsent = JSON.parse(localStorage.getItem( 'consent_one_trust_bdc' ) );\n\t\t\t\/* Checking to see if the user has consented to the use of cookies.\n\t\t\t* If they have not, it is deleting the cookie.\n\t\t\t* This will comment for now, until further notice.\n\t\t\t*\/\n\t\t\t\/\/if ( onetrustStorageConsent.C0002 === false ) {\n\t\t\t\/\/\tdocument.cookie=\"_fbp=;expires=Thu, 01 Jan 2010 00:00:00 UTC; path=\/; domain=.boston.com\";\n\t\t\t\/\/}\n\t\t\t\/* Checking if the user has given consent for the cookie C0002.\n\t\t\t* If the user has given consent, the variable consent will be set to 'grant'.\n\t\t\t* If the user has not given consent,the variable consent will be set to 'revoke'.\n\t\t\t* Documentation https:\/\/developers.facebook.com\/docs\/meta-pixel\/implementation\/gdpr\n\t\t\t*\/\n\t\t\tif ( ( onetrustStorageConsent !== null ) && (onetrustStorageConsent.C0002 !== true ) ) {\n\t\t\t\tconsent=\"revoke\";\n\t\t\t}\n\t\t\t\t!function(f,b,e,v,n,t,s){if(f.fbq)return;n=f.fbq=function()\n\t\t{n.callMethod? n.callMethod.apply(n,arguments):n.queue.push(arguments)}\n\t\t;if(!f._fbq)f._fbq=n;\n\t\tn.push=n;n.loaded=!0;n.version='2.0';n.queue=[];t=b.createElement(e);t.async=!0;\n\t\tt.src=v;s=b.getElementsByTagName(e)[0];s.parentNode.insertBefore(t,s)}(window,\n\t\tdocument,'script','https:\/\/connect.facebook.net\/en_US\/fbevents.js');\n\t\tfbq('consent', consent);\n\t\tfbq('init', '813236348753005');\n\t\tfbq('track', \"PageView\");\n\t<\/script><br \/>\n<br \/><br \/>\n<br \/><a href=\"https:\/\/www.boston.com\/sports\/boston-celtics\/2024\/08\/09\/jayson-tatum-benched-olympics-jaylen-brown-brad-stevens-comments\/\">Source link <\/a><\/p>","protected":false},"excerpt":{"rendered":"<p>Celtas &#8220;E isso provavelmente adicionar\u00e1 mais combust\u00edvel ao seu fogo&#8221;, disse Stevens sobre Brown. &#8220;Mas ele n\u00e3o precisa de muito combust\u00edvel adicionado. Ele o encontra.&#8221; Brad Stevens levou o Celtics&hellip;<\/p>","protected":false},"author":1,"featured_media":20902,"comment_status":"closed","ping_status":"open","sticky":false,"template":"","format":"standard","meta":{"content-type":"","footnotes":""},"categories":[1],"tags":[],"class_list":["post-20901","post","type-post","status-publish","format-standard","has-post-thumbnail","hentry","category-uncategorized"],"_links":{"self":[{"href":"https:\/\/tvbrazilusa.com\/pt\/wp-json\/wp\/v2\/posts\/20901","targetHints":{"allow":["GET"]}}],"collection":[{"href":"https:\/\/tvbrazilusa.com\/pt\/wp-json\/wp\/v2\/posts"}],"about":[{"href":"https:\/\/tvbrazilusa.com\/pt\/wp-json\/wp\/v2\/types\/post"}],"author":[{"embeddable":true,"href":"https:\/\/tvbrazilusa.com\/pt\/wp-json\/wp\/v2\/users\/1"}],"replies":[{"embeddable":true,"href":"https:\/\/tvbrazilusa.com\/pt\/wp-json\/wp\/v2\/comments?post=20901"}],"version-history":[{"count":1,"href":"https:\/\/tvbrazilusa.com\/pt\/wp-json\/wp\/v2\/posts\/20901\/revisions"}],"predecessor-version":[{"id":20903,"href":"https:\/\/tvbrazilusa.com\/pt\/wp-json\/wp\/v2\/posts\/20901\/revisions\/20903"}],"wp:featuredmedia":[{"embeddable":true,"href":"https:\/\/tvbrazilusa.com\/pt\/wp-json\/wp\/v2\/media\/20902"}],"wp:attachment":[{"href":"https:\/\/tvbrazilusa.com\/pt\/wp-json\/wp\/v2\/media?parent=20901"}],"wp:term":[{"taxonomy":"category","embeddable":true,"href":"https:\/\/tvbrazilusa.com\/pt\/wp-json\/wp\/v2\/categories?post=20901"},{"taxonomy":"post_tag","embeddable":true,"href":"https:\/\/tvbrazilusa.com\/pt\/wp-json\/wp\/v2\/tags?post=20901"}],"curies":[{"name":"wp","href":"https:\/\/api.w.org\/{rel}","templated":true}]}}