{"id":20943,"date":"2024-08-09T19:43:19","date_gmt":"2024-08-09T19:43:19","guid":{"rendered":"https:\/\/tvbrazilusa.com\/2024\/08\/09\/o-senador-blumenthal-anuncia-um-projeto-de-lei-que-proibiria-a-venda-de-produtos-de-sono-com-peso-para-bebes\/"},"modified":"2024-08-09T19:43:45","modified_gmt":"2024-08-09T19:43:45","slug":"o-senador-blumenthal-anuncia-um-projeto-de-lei-que-proibiria-a-venda-de-produtos-de-sono-com-peso-para-bebes","status":"publish","type":"post","link":"https:\/\/tvbrazilusa.com\/pt\/2024\/08\/09\/o-senador-blumenthal-anuncia-um-projeto-de-lei-que-proibiria-a-venda-de-produtos-de-sono-com-peso-para-bebes\/","title":{"rendered":"O senador Blumenthal anuncia um projeto de lei que proibiria a venda de produtos de sono com peso para beb\u00eas"},"content":{"rendered":"<script async src=\"https:\/\/pagead2.googlesyndication.com\/pagead\/js\/adsbygoogle.js?client=ca-pub-8864793242727901\"\r\n     crossorigin=\"anonymous\"><\/script>\n<p>HARTFORD, Connecticut (WTNH) \u2014 O senador Richard Blumenthal anunciou uma nova legisla\u00e7\u00e3o chamada Lei de Prote\u00e7\u00e3o de Beb\u00eas contra Sono Perigoso, que proibiria produtos de sono pesados \u200b\u200bpara beb\u00eas menores de um ano de idade.<\/p>\n<div class=\"nlp-ignore-block article-content rich-text\">\n<aside class=\"promo-link\">\n\t<a href=\"https:\/\/www.wtnh.com\/news\/national\/should-weighted-baby-blankets-and-sleep-sacks-be-banned\/?ipid=promo-link-block1\" class=\"promo-link__link\" target=\"\"_blank\"\"><\/p>\n<p>\t\tCobertores pesados \u200b\u200be sacos de dormir para beb\u00eas devem ser proibidos?\t<\/a><br \/>\n<\/aside>\n<\/div>\n<p>Blumenthal realizou uma coletiva de imprensa com especialistas m\u00e9dicos na sexta-feira para discutir os perigos de sacos de dormir, cobertores e faixas pesadas para beb\u00eas. Eles destacaram como esses produtos aumentam o risco de S\u00edndrome da Morte S\u00fabita Infantil (SMSI) em beb\u00eas.<\/p>\n<p>&#8220;O que eu acho que os pais n\u00e3o percebem \u00e9 que a chave para um sono seguro, para que os beb\u00eas tenham um sono seguro, \u00e9 enrol\u00e1-los&#8221;, disse a Dra. Kristen Moriarty, da UConn Health.<\/p>\n<p><br \/>\n<br \/><a href=\"https:\/\/www.wtnh.com\/news\/connecticut\/sen-blumenthal-announces-bill-that-would-ban-infant-weighted-sleep-product-sales\/\">Source link <\/a><\/p>","protected":false},"excerpt":{"rendered":"<p>HARTFORD, Connecticut (WTNH) \u2014 O senador Richard Blumenthal anunciou uma nova legisla\u00e7\u00e3o chamada Lei de Prote\u00e7\u00e3o de Beb\u00eas contra Sono Perigoso, que proibiria produtos de sono pesados \u200b\u200bpara beb\u00eas menores&hellip;<\/p>","protected":false},"author":1,"featured_media":20944,"comment_status":"closed","ping_status":"open","sticky":false,"template":"","format":"standard","meta":{"content-type":"","footnotes":""},"categories":[1],"tags":[],"class_list":["post-20943","post","type-post","status-publish","format-standard","has-post-thumbnail","hentry","category-uncategorized"],"_links":{"self":[{"href":"https:\/\/tvbrazilusa.com\/pt\/wp-json\/wp\/v2\/posts\/20943","targetHints":{"allow":["GET"]}}],"collection":[{"href":"https:\/\/tvbrazilusa.com\/pt\/wp-json\/wp\/v2\/posts"}],"about":[{"href":"https:\/\/tvbrazilusa.com\/pt\/wp-json\/wp\/v2\/types\/post"}],"author":[{"embeddable":true,"href":"https:\/\/tvbrazilusa.com\/pt\/wp-json\/wp\/v2\/users\/1"}],"replies":[{"embeddable":true,"href":"https:\/\/tvbrazilusa.com\/pt\/wp-json\/wp\/v2\/comments?post=20943"}],"version-history":[{"count":1,"href":"https:\/\/tvbrazilusa.com\/pt\/wp-json\/wp\/v2\/posts\/20943\/revisions"}],"predecessor-version":[{"id":20945,"href":"https:\/\/tvbrazilusa.com\/pt\/wp-json\/wp\/v2\/posts\/20943\/revisions\/20945"}],"wp:featuredmedia":[{"embeddable":true,"href":"https:\/\/tvbrazilusa.com\/pt\/wp-json\/wp\/v2\/media\/20944"}],"wp:attachment":[{"href":"https:\/\/tvbrazilusa.com\/pt\/wp-json\/wp\/v2\/media?parent=20943"}],"wp:term":[{"taxonomy":"category","embeddable":true,"href":"https:\/\/tvbrazilusa.com\/pt\/wp-json\/wp\/v2\/categories?post=20943"},{"taxonomy":"post_tag","embeddable":true,"href":"https:\/\/tvbrazilusa.com\/pt\/wp-json\/wp\/v2\/tags?post=20943"}],"curies":[{"name":"wp","href":"https:\/\/api.w.org\/{rel}","templated":true}]}}