{"id":21021,"date":"2024-08-09T21:15:51","date_gmt":"2024-08-09T21:15:51","guid":{"rendered":"https:\/\/tvbrazilusa.com\/2024\/08\/09\/organizacao-do-sul-da-florida-criada-por-mae-local-ajuda-pessoas-com-deficiencia-a-viver-a-vida-dos-seus-sonhos-wsvn-7news-noticias-de-miami-clima-esportes-fort-lauderdale\/"},"modified":"2024-08-09T21:27:50","modified_gmt":"2024-08-09T21:27:50","slug":"organizacao-do-sul-da-florida-criada-por-mae-local-ajuda-pessoas-com-deficiencia-a-viver-a-vida-dos-seus-sonhos-wsvn-7news-noticias-de-miami-clima-esportes-fort-lauderdale","status":"publish","type":"post","link":"https:\/\/tvbrazilusa.com\/pt\/2024\/08\/09\/organizacao-do-sul-da-florida-criada-por-mae-local-ajuda-pessoas-com-deficiencia-a-viver-a-vida-dos-seus-sonhos-wsvn-7news-noticias-de-miami-clima-esportes-fort-lauderdale\/","title":{"rendered":"Organiza\u00e7\u00e3o do sul da Fl\u00f3rida criada por m\u00e3e local ajuda pessoas com defici\u00eancia a viver a vida dos seus sonhos &#8211; WSVN 7News | Not\u00edcias de Miami, Clima, Esportes | Fort Lauderdale"},"content":{"rendered":"<p> <script async src=\"https:\/\/pagead2.googlesyndication.com\/pagead\/js\/adsbygoogle.js?client=ca-pub-8864793242727901\"\r\n     crossorigin=\"anonymous\"><\/script><br \/>\n<\/p>\n<div itemprop=\"articleBody\">\n<p>(WSVN) &#8211; Uma m\u00e3e ajudou centenas de adultos com necessidades especiais a criar uma carreira que amam. Esta hist\u00f3ria de sucesso do sul da Fl\u00f3rida \u00e9 o 7 Spotlight desta noite. Aqui est\u00e1 Robbin Simmons do 7.<\/p>\n<p>James Garcon cresceu querendo ser um chef. Ele come\u00e7ou a assistir programas de culin\u00e1ria quando era crian\u00e7a.<\/p>\n<p>James Garcon, subchefe: \u201cEu costumava sempre ver como eles faziam certas comidas e certas coisas, e isso me inspirou a fazer isso, junto com minha m\u00e3e, cozinhando.\u201d<\/p>\n<p>Mas foi somente quando ele descobriu a Funda\u00e7\u00e3o de Moya que ele finalmente conseguiu realizar seus sonhos.<\/p>\n<p>Jorge de Moya, The de Moya Foundation. \u201cJames sente que agora, ele \u00e9 um chef voltado para a carreira. Voc\u00ea sabe, ele est\u00e1 emocionado.\u201d<\/p>\n<p>Jorge de Moya diz que sua m\u00e3e criou a funda\u00e7\u00e3o depois de ver seu irm\u00e3o lutar para encontrar trabalho por causa de suas defici\u00eancias de desenvolvimento. <\/p>\n<p>A ideia \u00e9 ajudar adultos com necessidades especiais a encontrar carreiras e as empresas a entender o que esses funcion\u00e1rios precisam.<\/p>\n<p>Jorge de Moya: \u201cDescobrimos, enquanto ele trabalhava, que a educa\u00e7\u00e3o e o treinamento para os empregadores eram deficientes. E havia todas essas lacunas, ent\u00e3o minha m\u00e3e criou o programa e um modelo muito \u00fanico que preenche essas lacunas.\u201d<\/p>\n<p>A funda\u00e7\u00e3o trabalha com empresas locais para encontrar empregos que correspondam \u00e0s habilidades espec\u00edficas de cada pessoa. <\/p>\n<p>James era perfeito para uma posi\u00e7\u00e3o na cozinha.<\/p>\n<p>Jorge de Moya: \u201cEle est\u00e1 sempre, voc\u00ea sabe, seguindo a receita. Ele \u00e9 uma criatura de h\u00e1bitos, e ele, voc\u00ea sabe, nunca gosta de se desviar muito da receita.\u201d<\/p>\n<p>Mas encontrar os trabalhadores certos para o trabalho \u00e9 apenas parte do programa.   <\/p>\n<p>Jorge de Moya: \u201cN\u00f3s chegamos e oferecemos treinamento de sensibilidade \u00e0 defici\u00eancia. Nosso modelo tamb\u00e9m \u00e9 muito intenso. Nossos coaches de trabalho est\u00e3o l\u00e1 todos os dias nas primeiras tr\u00eas a quatro semanas, para realmente estabelecer uma base e uma funda\u00e7\u00e3o.\u201d<\/p>\n<p>James cozinha no Tank Brewing em Doral h\u00e1 cinco anos.<\/p>\n<p>Ele subiu na hierarquia e agora \u00e9 o subchefe. Seu sucesso aqui o inspirou a ter sonhos ainda maiores.<\/p>\n<p>James Garcon: \u201cFoi muito emocionante, porque tenho o sonho de ter meu pr\u00f3prio food truck.\u201d<\/p>\n<p>E esse \u00e9 o maior sonho da fam\u00edlia de Moya: ver um jovem trabalhador n\u00e3o apenas encontrar um emprego, mas prosperar.<\/p>\n<p>A funda\u00e7\u00e3o de Moya est\u00e1 sempre procurando empresas para contratar seus trabalhadores. <\/p>\n<p><strong>PARA MAIS INFORMA\u00c7\u00d5ES: <\/strong><br \/><a href=\"https:\/\/demoyafoundation.com\/\" data-type=\"link\" data-id=\"https:\/\/demoyafoundation.com\/\" target=\"_blank\" rel=\"noreferrer noopener\">Funda\u00e7\u00e3o Demoya<\/a><\/p>\n<p>Se voc\u00ea conhece alguma pessoa, lugar ou grupo que acha que devemos destacar, envie um e-mail para <a href=\"https:\/\/wsvn.com\/news\/7spotlight\/group-of-seniors-at-south-florida-retirement-community-team-up-to-create-dog-treats-for-local-animal-rescue\/7spotlight@wsvn.com\">7spotlight@wsvn.com<\/a>.<\/p>\n<p><em>Copyright 2024 Sunbeam Television Corp. Todos os direitos reservados. Este material n\u00e3o pode ser publicado, transmitido, reescrito ou redistribu\u00eddo.<\/em><\/p>\n<div class=\"wp-block-newsletter\">\n\t<strong class=\"wp-block-newsletter__title\">Inscreva-se em nossa Newsletter para receber as \u00faltimas not\u00edcias diretamente na sua caixa de entrada<\/strong><\/p>\n<\/div><\/div>\n<p><br \/>\n<br \/><a href=\"https:\/\/wsvn.com\/news\/7spotlight\/south-florida-organization-created-by-local-mother-helps-people-with-disabilities-live-the-life-of-their-dreams\/\">Source link <\/a><\/p>","protected":false},"excerpt":{"rendered":"<p>(WSVN) &#8211; Uma m\u00e3e ajudou centenas de adultos com necessidades especiais a criar uma carreira que amam. Esta hist\u00f3ria de sucesso do sul da Fl\u00f3rida \u00e9 o 7 Spotlight desta&hellip;<\/p>","protected":false},"author":1,"featured_media":21022,"comment_status":"closed","ping_status":"open","sticky":false,"template":"","format":"standard","meta":{"content-type":"","footnotes":""},"categories":[1],"tags":[],"class_list":["post-21021","post","type-post","status-publish","format-standard","has-post-thumbnail","hentry","category-uncategorized"],"_links":{"self":[{"href":"https:\/\/tvbrazilusa.com\/pt\/wp-json\/wp\/v2\/posts\/21021","targetHints":{"allow":["GET"]}}],"collection":[{"href":"https:\/\/tvbrazilusa.com\/pt\/wp-json\/wp\/v2\/posts"}],"about":[{"href":"https:\/\/tvbrazilusa.com\/pt\/wp-json\/wp\/v2\/types\/post"}],"author":[{"embeddable":true,"href":"https:\/\/tvbrazilusa.com\/pt\/wp-json\/wp\/v2\/users\/1"}],"replies":[{"embeddable":true,"href":"https:\/\/tvbrazilusa.com\/pt\/wp-json\/wp\/v2\/comments?post=21021"}],"version-history":[{"count":1,"href":"https:\/\/tvbrazilusa.com\/pt\/wp-json\/wp\/v2\/posts\/21021\/revisions"}],"predecessor-version":[{"id":21023,"href":"https:\/\/tvbrazilusa.com\/pt\/wp-json\/wp\/v2\/posts\/21021\/revisions\/21023"}],"wp:featuredmedia":[{"embeddable":true,"href":"https:\/\/tvbrazilusa.com\/pt\/wp-json\/wp\/v2\/media\/21022"}],"wp:attachment":[{"href":"https:\/\/tvbrazilusa.com\/pt\/wp-json\/wp\/v2\/media?parent=21021"}],"wp:term":[{"taxonomy":"category","embeddable":true,"href":"https:\/\/tvbrazilusa.com\/pt\/wp-json\/wp\/v2\/categories?post=21021"},{"taxonomy":"post_tag","embeddable":true,"href":"https:\/\/tvbrazilusa.com\/pt\/wp-json\/wp\/v2\/tags?post=21021"}],"curies":[{"name":"wp","href":"https:\/\/api.w.org\/{rel}","templated":true}]}}